{"id":1048,"date":"2014-12-12T17:09:52","date_gmt":"2014-12-12T17:09:52","guid":{"rendered":"http:\/\/www.bil.com.br\/blog\/?p=1048"},"modified":"2014-12-12T17:09:52","modified_gmt":"2014-12-12T17:09:52","slug":"novo-prazo-de-validade-para-passaportes","status":"publish","type":"post","link":"https:\/\/www.bil.com.br\/blog\/novo-prazo-de-validade-para-passaportes\/","title":{"rendered":"Novo prazo de validade para passaportes"},"content":{"rendered":"<span class=\"span-reading-time rt-reading-time\" style=\"display: block;\"><span class=\"rt-label rt-prefix\">Tempo de Leitura: <\/span> <span class=\"rt-time\"> &lt; 1<\/span> <span class=\"rt-label rt-postfix\">minuto<\/span><\/span><p>Boa not\u00edcia, o governo federal ampliou o prazo de validade dos passaportes brasileiros para 10 anos (antes 5 anos).<\/p>\n<figure id=\"attachment_1049\" aria-describedby=\"caption-attachment-1049\" style=\"width: 300px\" class=\"wp-caption aligncenter\"><a href=\"http:\/\/www.bil.com.br\/blog\/wp-content\/uploads\/2014\/12\/passaporte-brasileiro1.jpg\"><img fetchpriority=\"high\" decoding=\"async\" class=\"wp-image-1049 size-medium\" src=\"http:\/\/www.bil.com.br\/blog\/wp-content\/uploads\/2014\/12\/passaporte-brasileiro1-300x191.jpg\" alt=\"passaporte-brasileiro[1]\" width=\"300\" height=\"191\" srcset=\"https:\/\/www.bil.com.br\/blog\/wp-content\/uploads\/2014\/12\/passaporte-brasileiro1-300x191.jpg 300w, https:\/\/www.bil.com.br\/blog\/wp-content\/uploads\/2014\/12\/passaporte-brasileiro1.jpg 720w\" sizes=\"(max-width: 300px) 100vw, 300px\" \/><\/a><figcaption id=\"caption-attachment-1049\" class=\"wp-caption-text\">Passaportes passam a valer por 10 anos.<\/figcaption><\/figure>\n<blockquote><p>Fonte: <a href=\"O%20material jornal\u00edstico produzido pelo Estad\u00e3o \u00e9 protegido por lei. Para compartilhar este conte\u00fado, utilize o link:http:\/\/economia.estadao.com.br\/noticias\/geral,governo-altera-regulamentacao-sobre-passaportes,1606003\" target=\"_blank\">Estad\u00e3o<\/a><\/p><\/blockquote>\n","protected":false},"excerpt":{"rendered":"<p><span class=\"span-reading-time rt-reading-time\" style=\"display: block;\"><span class=\"rt-label rt-prefix\">Tempo de Leitura: <\/span> <span class=\"rt-time\"> &lt; 1<\/span> <span class=\"rt-label rt-postfix\">minuto<\/span><\/span>Boa not\u00edcia, o governo federal ampliou o prazo de validade dos passaportes brasileiros para 10 anos (antes 5 anos). &nbsp; Fonte: Estad\u00e3o<\/p>\n","protected":false},"author":1,"featured_media":1049,"comment_status":"open","ping_status":"open","sticky":false,"template":"","format":"standard","meta":{"om_disable_all_campaigns":false,"_monsterinsights_skip_tracking":false,"_monsterinsights_sitenote_active":false,"_monsterinsights_sitenote_note":"","_monsterinsights_sitenote_category":0,"_uf_show_specific_survey":0,"_uf_disable_surveys":false,"footnotes":""},"categories":[2,3,10,5,7,8,11],"tags":[],"class_list":["post-1048","post","type-post","status-publish","format-standard","has-post-thumbnail","hentry","category-cursos-de-idiomas","category-disney","category-estudo-trabalho","category-ferias-teen","category-high-school","category-professor-parceiro","category-turismo"],"_links":{"self":[{"href":"https:\/\/www.bil.com.br\/blog\/wp-json\/wp\/v2\/posts\/1048","targetHints":{"allow":["GET"]}}],"collection":[{"href":"https:\/\/www.bil.com.br\/blog\/wp-json\/wp\/v2\/posts"}],"about":[{"href":"https:\/\/www.bil.com.br\/blog\/wp-json\/wp\/v2\/types\/post"}],"author":[{"embeddable":true,"href":"https:\/\/www.bil.com.br\/blog\/wp-json\/wp\/v2\/users\/1"}],"replies":[{"embeddable":true,"href":"https:\/\/www.bil.com.br\/blog\/wp-json\/wp\/v2\/comments?post=1048"}],"version-history":[{"count":0,"href":"https:\/\/www.bil.com.br\/blog\/wp-json\/wp\/v2\/posts\/1048\/revisions"}],"wp:featuredmedia":[{"embeddable":true,"href":"https:\/\/www.bil.com.br\/blog\/wp-json\/wp\/v2\/media\/1049"}],"wp:attachment":[{"href":"https:\/\/www.bil.com.br\/blog\/wp-json\/wp\/v2\/media?parent=1048"}],"wp:term":[{"taxonomy":"category","embeddable":true,"href":"https:\/\/www.bil.com.br\/blog\/wp-json\/wp\/v2\/categories?post=1048"},{"taxonomy":"post_tag","embeddable":true,"href":"https:\/\/www.bil.com.br\/blog\/wp-json\/wp\/v2\/tags?post=1048"}],"curies":[{"name":"wp","href":"https:\/\/api.w.org\/{rel}","templated":true}]}}