{"id":108831,"date":"2021-01-13T14:10:18","date_gmt":"2021-01-13T14:10:18","guid":{"rendered":"https:\/\/www.bil.com.br\/blog\/?p=108831"},"modified":"2021-01-13T14:36:13","modified_gmt":"2021-01-13T14:36:13","slug":"curso-de-moda-para-teens","status":"publish","type":"post","link":"https:\/\/www.bil.com.br\/blog\/curso-de-moda-para-teens\/","title":{"rendered":"Curso de Moda para Teens"},"content":{"rendered":"<span class=\"span-reading-time rt-reading-time\" style=\"display: block;\"><span class=\"rt-label rt-prefix\">Tempo de Leitura: <\/span> <span class=\"rt-time\"> 3<\/span> <span class=\"rt-label rt-postfix\">minutos<\/span><\/span>\n<div class=\"wp-block-image\"><figure class=\"aligncenter size-large\"><a href=\"https:\/\/www.bil.com.br\/blog\/wp-content\/uploads\/2021\/01\/ferias-teen-moda-topo.png\"><img fetchpriority=\"high\" decoding=\"async\" width=\"1024\" height=\"420\" src=\"https:\/\/www.bil.com.br\/blog\/wp-content\/uploads\/2021\/01\/ferias-teen-moda-topo.png\" alt=\"\" class=\"wp-image-108833\" srcset=\"https:\/\/www.bil.com.br\/blog\/wp-content\/uploads\/2021\/01\/ferias-teen-moda-topo.png 1024w, https:\/\/www.bil.com.br\/blog\/wp-content\/uploads\/2021\/01\/ferias-teen-moda-topo-300x123.png 300w, https:\/\/www.bil.com.br\/blog\/wp-content\/uploads\/2021\/01\/ferias-teen-moda-topo-768x315.png 768w\" sizes=\"(max-width: 1024px) 100vw, 1024px\" \/><\/a><figcaption><a href=\"https:\/\/www.csvpa.com\/\" target=\"_blank\" rel=\"noreferrer noopener\"><\/a><a href=\"https:\/\/www.csvpa.com\/summer-courses\/fashion-styling.htm\" target=\"_blank\" rel=\"noopener\">SUMMER COURSES FASHION STYLING<\/a><\/figcaption><\/figure><\/div>\n\n\n\n<p class=\"wp-block-paragraph\">A CSVPA \u00e9 uma escola boutique dedicada \u00e0s Artes, no centro de Cambridge, no Reino Unido, que oferece cursos (Foundation, Gradua\u00e7\u00e3o e P\u00f3s) de Artes &amp; Design, Moda, M\u00fasica e Artes C\u00eanicas e, durante o ver\u00e3o, programas incr\u00edveis de curta dura\u00e7\u00e3o para adolescentes, ministrados por profissionais destas a\u00e9reas! Perfeito para estudantes que querem seguir carreira ou simplesmente tem interesse em moda e um bom n\u00edvel de ingl\u00eas (os programas n\u00e3o incluem aulas de ingl\u00eas!)<\/p>\n\n\n\n<p class=\"wp-block-paragraph\">H\u00e1 4 op\u00e7\u00f5es de programas relacionados \u00e0 MODA:<\/p>\n\n\n\n<div class=\"wp-block-columns is-layout-flex wp-container-core-columns-is-layout-7387b849 wp-block-columns-is-layout-flex\">\n<div class=\"wp-block-column is-layout-flow wp-block-column-is-layout-flow\">\n<p class=\"has-luminous-vivid-orange-color has-text-color wp-block-paragraph\" style=\"font-size:22px\"><strong>FASHION<\/strong>:<\/p>\n\n\n\n<p class=\"wp-block-paragraph\">Inclui palestras com profissionais experientes da \u00e1rea, workshops sobre t\u00e9cnicas e processos para o design de pe\u00e7as, experi\u00eancia com organiza\u00e7\u00e3o de um fashion show.<br><strong>N\u00edvel de Ingl\u00eas:<\/strong> Intermedi\u00e1rio.<br><strong>Idade:<\/strong> 14 a 18 anos.<br><strong>Datas:<\/strong> 4 de julho e 25 de julho de 2021 (dura\u00e7\u00e3o 2 semanas).<\/p>\n<\/div>\n\n\n\n<div class=\"wp-block-column is-layout-flow wp-block-column-is-layout-flow\">\n<p class=\"has-vivid-green-cyan-color has-text-color wp-block-paragraph\" style=\"font-size:22px\"><strong>FASHION COMMUNICATION<\/strong>:<\/p>\n\n\n\n<p class=\"wp-block-paragraph\">Inclui desenvolvimento de habilidades criativas relacionadas \u00e0 conceito de marca, design de logos, layout de revistas, processos de impress\u00e3o, e uma introdu\u00e7\u00e3o \u00e0 comunica\u00e7\u00e3o visual dentro da ind\u00fastria da moda.<br><strong>N\u00edvel de Ingl\u00eas:<\/strong> Intermedi\u00e1rio-Avan\u00e7ado.<br><strong>Idade:<\/strong> 14 a 18 anos.<br><strong>Datas:<\/strong> 18 de julho de 2021 (dura\u00e7\u00e3o 1 semana).<\/p>\n<\/div>\n<\/div>\n\n\n\n<div class=\"wp-block-columns is-layout-flex wp-container-core-columns-is-layout-7387b849 wp-block-columns-is-layout-flex\">\n<div class=\"wp-block-column is-layout-flow wp-block-column-is-layout-flow\">\n<p class=\"has-vivid-purple-color has-text-color wp-block-paragraph\" style=\"font-size:22px\"><strong><strong>FASHION STYLING:<\/strong>&nbsp;<\/strong><\/p>\n\n\n\n<p class=\"wp-block-paragraph\">Os estudantes ir\u00e3o descobrir como usar o imagin\u00e1rio de moda e estilo das pe\u00e7as para contar hist\u00f3rias. Inclui desenvolvimento de habilidades criativas relacionadas \u00e0 storytelling, pesquisa, estilo e fotografia de moda.<br><strong>N\u00edvel de Ingl\u00eas:<\/strong> Intermedi\u00e1rio-Avan\u00e7ado.<br><strong>Idade<\/strong>: 14 a 18 anos.<br><strong>Datas:<\/strong> 27 de junho de 2021 (dura\u00e7\u00e3o 1 semana).<\/p>\n<\/div>\n\n\n\n<div class=\"wp-block-column is-layout-flow wp-block-column-is-layout-flow\">\n<p class=\"has-vivid-cyan-blue-color has-text-color wp-block-paragraph\" style=\"font-size:22px\"><strong>TEXTILES &amp; FASHION DESIGN<\/strong>:<\/p>\n\n\n\n<p class=\"wp-block-paragraph\">Os estudantes ir\u00e3o discutir tend\u00eancias e o futuro da moda, sustentabilidade e g\u00eanero dentro da moda al\u00e9m de aprender a aplicar os conceitos aprendidos durante o programa na cria\u00e7\u00e3o de um look que ser\u00e1 apresentado em um fashion show no final do programa.<br><strong>N\u00edvel de Ingl\u00eas:<\/strong> Intermedi\u00e1rio.<br><strong>Idade: <\/strong>14 a 18 anos.<br><strong>Datas:<\/strong> 18 de julho de 2021 (dura\u00e7\u00e3o 2 semanas).<\/p>\n<\/div>\n<\/div>\n\n\n\n<div class=\"wp-block-media-text alignwide is-stacked-on-mobile\" style=\"grid-template-columns:47% auto\"><figure class=\"wp-block-media-text__media\"><img decoding=\"async\" width=\"600\" height=\"600\" src=\"https:\/\/www.bil.com.br\/blog\/wp-content\/uploads\/2021\/01\/curso-moda.png\" alt=\"\" class=\"wp-image-108885 size-full\" srcset=\"https:\/\/www.bil.com.br\/blog\/wp-content\/uploads\/2021\/01\/curso-moda.png 600w, https:\/\/www.bil.com.br\/blog\/wp-content\/uploads\/2021\/01\/curso-moda-300x300.png 300w, https:\/\/www.bil.com.br\/blog\/wp-content\/uploads\/2021\/01\/curso-moda-150x150.png 150w, https:\/\/www.bil.com.br\/blog\/wp-content\/uploads\/2021\/01\/curso-moda-60x60.png 60w\" sizes=\"(max-width: 600px) 100vw, 600px\" \/><\/figure><div class=\"wp-block-media-text__content\">\n<p class=\"wp-block-paragraph\" style=\"font-size:22px\">Os pacotes incluem semanalmente:<\/p>\n\n\n\n<ul class=\"wp-block-list\"><li>25 horas de aula, incluindo teoria &amp; pr\u00e1tica<\/li><li>Atividades divertidas \u00e0 noite para socializa\u00e7\u00e3o dos estudantes<\/li><li>1 excurs\u00e3o de dia inteiro (Cambridge e Boston) e 1 passeio educacional (Boston)<\/li><li>Acomoda\u00e7\u00e3o (pens\u00e3o completa) em resid\u00eancia estudantil, quarto individual com banheiro privativo<\/li><li>Taxa de matr\u00edcula e transfers de aeroporto<\/li><li>Certificado<\/li><\/ul>\n<\/div><\/div>\n\n\n\n<div class=\"wp-block-media-text alignwide has-media-on-the-right is-stacked-on-mobile\" style=\"grid-template-columns:auto 48%\"><figure class=\"wp-block-media-text__media\"><img decoding=\"async\" width=\"600\" height=\"600\" src=\"https:\/\/www.bil.com.br\/blog\/wp-content\/uploads\/2021\/01\/curso-moda1.png\" alt=\"\" class=\"wp-image-108886 size-full\" srcset=\"https:\/\/www.bil.com.br\/blog\/wp-content\/uploads\/2021\/01\/curso-moda1.png 600w, https:\/\/www.bil.com.br\/blog\/wp-content\/uploads\/2021\/01\/curso-moda1-300x300.png 300w, https:\/\/www.bil.com.br\/blog\/wp-content\/uploads\/2021\/01\/curso-moda1-150x150.png 150w, https:\/\/www.bil.com.br\/blog\/wp-content\/uploads\/2021\/01\/curso-moda1-60x60.png 60w\" sizes=\"(max-width: 600px) 100vw, 600px\" \/><\/figure><div class=\"wp-block-media-text__content\">\n<p class=\"wp-block-paragraph\" style=\"font-size:22px\">Onde os estudantes podem fazer os cursos de Moda?<\/p>\n\n\n\n<p class=\"wp-block-paragraph\"><strong>No Reino Unido:<\/strong><br>FASHION, FASHION COMMUNICATION &amp; FASHION STYLING em Cambridge, <br>na Cambridge School of Visual and Performing Arts, com acomoda\u00e7\u00e3o em resid\u00eancia estudantil.<\/p>\n\n\n\n<p class=\"wp-block-paragraph\"><strong>Nos Estados Unidos:<\/strong><br>TEXTILES &amp; FASHION DESIGN em Boston, <br>na CATS Academy, com acomoda\u00e7\u00e3o em resid\u00eancia estudantil no pr\u00f3prio campus. &nbsp;<\/p>\n\n\n\n<p class=\"has-medium-font-size wp-block-paragraph\"><strong>Investimento:<\/strong><br>A partir de entrada + 5x de R$ 1.908<\/p>\n<\/div><\/div>\n\n\n\n<div class=\"wp-block-buttons aligncenter is-layout-flex wp-block-buttons-is-layout-flex\">\n<div class=\"wp-block-button\"><a class=\"wp-block-button__link has-white-color has-luminous-vivid-orange-background-color has-text-color has-background\" href=\"https:\/\/bil.com.br\/conteudo\/agendar-atendimento?utm_source=cpc&amp;utm_medium=instagram&amp;utm_campaign=2021-012&amp;utm_content=curso-fotografia-teens\" style=\"border-radius:20px\" target=\"_blank\" rel=\"noreferrer noopener\">Agende uma consultoria gratuita &gt;&gt;<\/a><\/div>\n\n\n\n<div class=\"wp-block-button\"><a class=\"wp-block-button__link has-luminous-vivid-orange-background-color has-background\" href=\"https:\/\/api.whatsapp.com\/send?phone=551135958200&amp;text=2021-012%20-%20Gostaria%20de%20mais%20informa%C3%A7%C3%B5es%3A%20Curso%20de%20Fotografia%20para%20Teens\" style=\"border-radius:20px\" target=\"_blank\" rel=\"noreferrer noopener\">Chamar no whatsapp &gt;&gt; <\/a><\/div>\n<\/div>\n\n\n\n<figure class=\"wp-block-embed aligncenter is-type-video is-provider-youtube wp-block-embed-youtube wp-embed-aspect-16-9 wp-has-aspect-ratio\"><div class=\"wp-block-embed__wrapper\">\nhttps:\/\/youtu.be\/gsmv-sA7dhc\n<\/div><figcaption>A escola<\/figcaption><\/figure>\n\n\n\n<p class=\"has-small-font-size wp-block-paragraph\">OBS: V\u00e1lido para inscri\u00e7\u00f5es at\u00e9 31\/01\/2021. Pre\u00e7os a partir de. Sujeitos a altera\u00e7\u00e3o e disponibilidade. Valores convertidos em reais de acordo com o c\u00e2mbio do dia, consulte c\u00e2mbio no dia do fechamento da sua inscri\u00e7\u00e3o. Valores referentes ao curso de Fashion Communication e Fashing Styling em Cambridge dura\u00e7\u00e3o de 1 semana.<\/p>\n","protected":false},"excerpt":{"rendered":"<p><span class=\"span-reading-time rt-reading-time\" style=\"display: block;\"><span class=\"rt-label rt-prefix\">Tempo de Leitura: <\/span> <span class=\"rt-time\"> 3<\/span> <span class=\"rt-label rt-postfix\">minutos<\/span><\/span>A CSVPA \u00e9 uma escola boutique dedicada \u00e0s Artes, no centro de Cambridge, no Reino Unido, que oferece cursos (Foundation, Gradua\u00e7\u00e3o e P\u00f3s) de Artes &amp; Design, Moda, M\u00fasica e Artes C\u00eanicas e, durante o ver\u00e3o, programas incr\u00edveis de curta dura\u00e7\u00e3o para adolescentes, ministrados por profissionais destas a\u00e9reas! Perfeito para estudantes que querem seguir carreira [&hellip;]<\/p>\n","protected":false},"author":1,"featured_media":0,"comment_status":"closed","ping_status":"closed","sticky":false,"template":"","format":"standard","meta":{"om_disable_all_campaigns":false,"_monsterinsights_skip_tracking":false,"_monsterinsights_sitenote_active":false,"_monsterinsights_sitenote_note":"","_monsterinsights_sitenote_category":0,"_uf_show_specific_survey":0,"_uf_disable_surveys":false,"footnotes":""},"categories":[2],"tags":[],"class_list":["post-108831","post","type-post","status-publish","format-standard","hentry","category-cursos-de-idiomas"],"_links":{"self":[{"href":"https:\/\/www.bil.com.br\/blog\/wp-json\/wp\/v2\/posts\/108831","targetHints":{"allow":["GET"]}}],"collection":[{"href":"https:\/\/www.bil.com.br\/blog\/wp-json\/wp\/v2\/posts"}],"about":[{"href":"https:\/\/www.bil.com.br\/blog\/wp-json\/wp\/v2\/types\/post"}],"author":[{"embeddable":true,"href":"https:\/\/www.bil.com.br\/blog\/wp-json\/wp\/v2\/users\/1"}],"replies":[{"embeddable":true,"href":"https:\/\/www.bil.com.br\/blog\/wp-json\/wp\/v2\/comments?post=108831"}],"version-history":[{"count":0,"href":"https:\/\/www.bil.com.br\/blog\/wp-json\/wp\/v2\/posts\/108831\/revisions"}],"wp:attachment":[{"href":"https:\/\/www.bil.com.br\/blog\/wp-json\/wp\/v2\/media?parent=108831"}],"wp:term":[{"taxonomy":"category","embeddable":true,"href":"https:\/\/www.bil.com.br\/blog\/wp-json\/wp\/v2\/categories?post=108831"},{"taxonomy":"post_tag","embeddable":true,"href":"https:\/\/www.bil.com.br\/blog\/wp-json\/wp\/v2\/tags?post=108831"}],"curies":[{"name":"wp","href":"https:\/\/api.w.org\/{rel}","templated":true}]}}