{"id":125789,"date":"2021-08-24T16:08:36","date_gmt":"2021-08-24T16:08:36","guid":{"rendered":"https:\/\/www.bil.com.br\/blog\/?p=125789"},"modified":"2021-08-24T16:20:00","modified_gmt":"2021-08-24T16:20:00","slug":"estude-alemanha","status":"publish","type":"post","link":"https:\/\/www.bil.com.br\/blog\/estude-alemanha\/","title":{"rendered":"Alemanha  Fronteira Aberta!"},"content":{"rendered":"<span class=\"span-reading-time rt-reading-time\" style=\"display: block;\"><span class=\"rt-label rt-prefix\">Tempo de Leitura: <\/span> <span class=\"rt-time\"> 3<\/span> <span class=\"rt-label rt-postfix\">minutos<\/span><\/span>\n<p class=\"wp-block-paragraph\">Desde domingo, dia 22\/08\/2022, o Brasil passou a ser classificado com zona de alto risco pela Alemanha. <br>Com isso, os seguintes regulamentos passam a valer para entrada de passageiros provenientes do Brasil:<\/p>\n\n\n\n<p class=\"wp-block-paragraph\">Quem est\u00e1 com&nbsp;<strong>a vacina\u00e7\u00e3o completa contra o coronav\u00edrus SARS-CoV-2<\/strong>&nbsp;e que foram imunizadas com uma das vacinas listadas no site do&nbsp;<a href=\"https:\/\/www.pei.de\/impfstoffe\/covid-19\" target=\"_blank\" rel=\"noreferrer noopener\">Paul-Ehrlich-Instituts (PEI)<\/a>&nbsp;, em princ\u00edpio,&nbsp;<strong>poder\u00e1 viajar do Brasil para a Alemanha, incluindo viagens para fins de visitas e turismo.<\/strong><\/p>\n\n\n\n<p class=\"wp-block-paragraph\">Mas aten\u00e7\u00e3o! Caso j\u00e1 tenham se passado no m\u00ednimo 14 dias da data da \u00faltima dose da vacina ou da dose \u00fanica, voc\u00ea dever\u00e1 realizar o\u00a0<a href=\"http:\/\/www.einreiseanmeldung.de\/\" target=\"_blank\" rel=\"noreferrer noopener\">registro digital de entrada<\/a> e apresentar o comprovante de vacina\u00e7\u00e3o.<\/p>\n\n\n\n<p class=\"wp-block-paragraph\">O comprovante poder\u00e1 ser exigido pela Pol\u00edcia Federal alem\u00e3 ou pela autoridade competente no momento da imigra\u00e7\u00e3o ou pela companhia a\u00e9rea no embarque.<\/p>\n\n\n\n<h2 class=\"wp-block-heading\"><strong>Quais vacinas s\u00e3o aceitas?<\/strong><\/h2>\n\n\n\n<p class=\"wp-block-paragraph\">&#8211; Pfizer<br>&#8211; AstraZeneca<br>&#8211; Moderna<br>&#8211; Janssen<\/p>\n\n\n\n<p class=\"wp-block-paragraph\">As demais vacinas, como a Coronavac, ainda est\u00e3o sob an\u00e1lise.<\/p>\n\n\n\n<h2 class=\"wp-block-heading\"><strong>Como comprovar a vacina\u00e7\u00e3o?<\/strong><\/h2>\n\n\n\n<p class=\"wp-block-paragraph\">Na chegada, dever\u00e1 ser apresentado um Certificado COVID Digital UE ou um comprovante similar ou em papel nos idiomas alem\u00e3o, ingl\u00eas ou espanhol. O documento dever\u00e1 conter as seguintes informa\u00e7\u00f5es:<\/p>\n\n\n\n<ul class=\"wp-block-list\"><li>Dados pessoais da pessoa vacinada (nome, sobrenome e data de nascimento<\/li><li>Data da vacina\u00e7\u00e3o e n\u00famero de doses aplicadas<\/li><li>Nome da vacina aplicada<\/li><li>Nome da doen\u00e7a alvo da vacina<\/li><li>Indicadores da pessoa ou institui\u00e7\u00e3o respons\u00e1vel pela realiza\u00e7\u00e3o da vacina\u00e7\u00e3o; ou pela emiss\u00e3o do certificado, como por exemplo, um s\u00edmbolo oficial ou o nome do emissor<br><\/li><\/ul>\n\n\n\n<h2 class=\"wp-block-heading\"><strong>E se ainda n\u00e3o tomou a vacina?<\/strong><\/h2>\n\n\n\n<p class=\"wp-block-paragraph\">Em caso de viajantes recuperados do coronav\u00edrus, a vacina\u00e7\u00e3o consiste em apenas uma dose da vacina.<\/p>\n\n\n\n<p class=\"wp-block-paragraph\">Portanto, dever\u00e1 ser comprovado que houve uma infec\u00e7\u00e3o por Covid-19 antes da vacina\u00e7\u00e3o e apresentar um teste RT-PCR positivo como prova da doen\u00e7a!<\/p>\n\n\n\n<p class=\"wp-block-paragraph\"><br>Pessoas que ainda n\u00e3o completaram doze anos de idade e ainda n\u00e3o foram vacinadas podem entrar na Alemanha apresentando um teste negativo (PCR ou de ant\u00edgeno) acompanhadas de pelo menos um dos pais totalmente vacinado.<\/p>\n\n\n\n<p class=\"wp-block-paragraph\">Pessoas que ainda n\u00e3o completaram seis anos de idade n\u00e3o precisam apresentar um comprovante de teste.<\/p>\n\n\n\n<p class=\"wp-block-paragraph\">Entrada de pessoas que ainda n\u00e3o receberam a vacina\u00e7\u00e3o completa, somente em caso de extrema necessidade.<\/p>\n\n\n\n<p class=\"wp-block-paragraph\">Mais informa\u00e7\u00f5es constam no portal do Minist\u00e9rio Federal de Assuntos Internos da Alemanha:<\/p>\n\n\n\n<p class=\"wp-block-paragraph\"><a href=\"https:\/\/www.bmi.bund.de\/SharedDocs\/faqs\/DE\/themen\/bevoelkerungsschutz\/coronavirus\/coronavirus-faqs.html\" target=\"_blank\" rel=\"noopener\">https:\/\/www.bmi.bund.de\/SharedDocs\/faqs\/DE\/themen\/bevoelkerungsschutz\/coronavirus\/coronavirus-faqs.html<\/a><\/p>\n\n\n\n<p class=\"wp-block-paragraph\"><\/p>\n\n\n\n<hr class=\"wp-block-separator has-text-color has-background has-black-background-color has-black-color\"\/>\n\n\n\n<h2 class=\"has-text-align-center wp-block-heading\">Aproveite os pacotes promocionais:<\/h2>\n\n\n\n<div class=\"wp-block-columns is-layout-flex wp-container-core-columns-is-layout-7387b849 wp-block-columns-is-layout-flex\">\n<div class=\"wp-block-column is-layout-flow wp-block-column-is-layout-flow\">\n<figure class=\"wp-block-image size-full\"><a href=\"https:\/\/www.bil.com.br\/blog\/wp-content\/uploads\/2021\/08\/destaque-berlin.jpg\"><img fetchpriority=\"high\" decoding=\"async\" width=\"400\" height=\"400\" src=\"https:\/\/www.bil.com.br\/blog\/wp-content\/uploads\/2021\/08\/destaque-berlin.jpg\" alt=\"\" class=\"wp-image-125791\" srcset=\"https:\/\/www.bil.com.br\/blog\/wp-content\/uploads\/2021\/08\/destaque-berlin.jpg 400w, https:\/\/www.bil.com.br\/blog\/wp-content\/uploads\/2021\/08\/destaque-berlin-300x300.jpg 300w, https:\/\/www.bil.com.br\/blog\/wp-content\/uploads\/2021\/08\/destaque-berlin-150x150.jpg 150w, https:\/\/www.bil.com.br\/blog\/wp-content\/uploads\/2021\/08\/destaque-berlin-60x60.jpg 60w\" sizes=\"(max-width: 400px) 100vw, 400px\" \/><\/a><\/figure>\n\n\n\n<h2 class=\"wp-block-heading\"><strong>Berlin<\/strong><\/h2>\n\n\n\n<p class=\"wp-block-paragraph\">2 semanas, incluso:<br>&#8211; curso de alem\u00e3o<br>&#8211; taxa de inscri\u00e7\u00e3o da escola<br>&#8211; acomoda\u00e7\u00e3o em casa de fam\u00edlia<br>&#8211; quarto individual<br>&#8211; caf\u00e9 da manh\u00e3<br>&#8211; taxa de acomoda\u00e7\u00e3o<br>&#8211; taxa administrativa da BIL<\/p>\n\n\n\n<p class=\"wp-block-paragraph\">Entrada + 15 x de R$ 350<\/p>\n<\/div>\n\n\n\n<div class=\"wp-block-column is-layout-flow wp-block-column-is-layout-flow\">\n<figure class=\"wp-block-image size-full\"><a href=\"https:\/\/www.bil.com.br\/blog\/wp-content\/uploads\/2021\/08\/destaque-munich.jpg\"><img decoding=\"async\" width=\"400\" height=\"400\" src=\"https:\/\/www.bil.com.br\/blog\/wp-content\/uploads\/2021\/08\/destaque-munich.jpg\" alt=\"\" class=\"wp-image-125793\" srcset=\"https:\/\/www.bil.com.br\/blog\/wp-content\/uploads\/2021\/08\/destaque-munich.jpg 400w, https:\/\/www.bil.com.br\/blog\/wp-content\/uploads\/2021\/08\/destaque-munich-300x300.jpg 300w, https:\/\/www.bil.com.br\/blog\/wp-content\/uploads\/2021\/08\/destaque-munich-150x150.jpg 150w, https:\/\/www.bil.com.br\/blog\/wp-content\/uploads\/2021\/08\/destaque-munich-60x60.jpg 60w\" sizes=\"(max-width: 400px) 100vw, 400px\" \/><\/a><\/figure>\n\n\n\n<h2 class=\"wp-block-heading\"><strong>Munich<\/strong><\/h2>\n\n\n\n<p class=\"wp-block-paragraph\">2 semanas, incluso:<br>&#8211; curso de alem\u00e3o<br>&#8211; taxa de inscri\u00e7\u00e3o da escola<br>&#8211; acomoda\u00e7\u00e3o em casa de fam\u00edlia<br>&#8211; quarto individual<br>&#8211; caf\u00e9 da manh\u00e3<br>&#8211; taxa de acomoda\u00e7\u00e3o<br>&#8211; taxa administrativa da BIL<\/p>\n\n\n\n<p class=\"wp-block-paragraph\">Entrada + 15 x de R$ 385<\/p>\n<\/div>\n\n\n\n<div class=\"wp-block-column is-layout-flow wp-block-column-is-layout-flow\">\n<figure class=\"wp-block-image size-full\"><a href=\"https:\/\/www.bil.com.br\/blog\/wp-content\/uploads\/2021\/08\/destaque-hamburg.jpg\"><img decoding=\"async\" width=\"400\" height=\"400\" src=\"https:\/\/www.bil.com.br\/blog\/wp-content\/uploads\/2021\/08\/destaque-hamburg.jpg\" alt=\"\" class=\"wp-image-125792\" srcset=\"https:\/\/www.bil.com.br\/blog\/wp-content\/uploads\/2021\/08\/destaque-hamburg.jpg 400w, https:\/\/www.bil.com.br\/blog\/wp-content\/uploads\/2021\/08\/destaque-hamburg-300x300.jpg 300w, https:\/\/www.bil.com.br\/blog\/wp-content\/uploads\/2021\/08\/destaque-hamburg-150x150.jpg 150w, https:\/\/www.bil.com.br\/blog\/wp-content\/uploads\/2021\/08\/destaque-hamburg-60x60.jpg 60w\" sizes=\"(max-width: 400px) 100vw, 400px\" \/><\/a><\/figure>\n\n\n\n<h2 class=\"wp-block-heading\"><strong>Hamburg<\/strong><\/h2>\n\n\n\n<p class=\"wp-block-paragraph\">2 semanas, incluso:<br>&#8211; curso de alem\u00e3o<br>&#8211; taxa de inscri\u00e7\u00e3o da escola<br>&#8211; acomoda\u00e7\u00e3o em casa de fam\u00edlia<br>&#8211; quarto individual<br>&#8211; caf\u00e9 da manh\u00e3<br>&#8211; taxa de acomoda\u00e7\u00e3o<br>&#8211; taxa administrativa da BIL<\/p>\n\n\n\n<p class=\"wp-block-paragraph\">Entrada + 15 x de R$ 361<\/p>\n<\/div>\n<\/div>\n\n\n\n<h3 class=\"has-text-align-center wp-block-heading\">Agende uma consultoria especializada com a BIL Interc\u00e2mbios:<\/h3>\n\n\n\n<div class=\"wp-block-buttons is-content-justification-center is-layout-flex wp-block-buttons-is-layout-flex\">\n<div class=\"wp-block-button has-custom-font-size is-style-fill has-normal-font-size\"><a class=\"wp-block-button__link has-white-color has-vivid-cyan-blue-background-color has-text-color has-background\" href=\"https:\/\/bil.com.br\/conteudo\/agendar-atendimento\/\" style=\"border-radius:20px\" target=\"_blank\" rel=\"noreferrer noopener\"><strong>AGENDE AQUI &gt;&gt;<\/strong><\/a><\/div>\n<\/div>\n\n\n\n<hr class=\"wp-block-separator has-text-color has-background has-black-background-color has-black-color\"\/>\n\n\n\n<p class=\"has-small-font-size wp-block-paragraph\">Valores convertidos em reais de acordo com o c\u00e2mbio do dia. Forma de pagamento \u00e9 10% do total do pacote acrescido da taxa administrativa BIL de USD70. Simula\u00e7\u00e3o para data de embarque daqui 16 meses. Consulte outras formas de pagamento e disponibilidade.<em>Todas as informa\u00e7\u00f5es deste email est\u00e3o sujeitas a altera\u00e7\u00e3o sem pr\u00e9vio aviso e a disponibilidade de lugares (se aplic\u00e1vel).<\/em>&nbsp;Entrada referente a 10% do total do programa + taxa administrativa da BIL. Com simula\u00e7\u00e3o de forma de pagamento com quita\u00e7\u00e3o 30 dias antes do embarque.<\/p>\n\n\n\n<p class=\"has-small-font-size wp-block-paragraph\"><\/p>\n","protected":false},"excerpt":{"rendered":"<p><span class=\"span-reading-time rt-reading-time\" style=\"display: block;\"><span class=\"rt-label rt-prefix\">Tempo de Leitura: <\/span> <span class=\"rt-time\"> 3<\/span> <span class=\"rt-label rt-postfix\">minutos<\/span><\/span>Desde domingo, dia 22\/08\/2022, o Brasil passou a ser classificado com zona de alto risco pela Alemanha. Com isso, os seguintes regulamentos passam a valer para entrada de passageiros provenientes do Brasil: Quem est\u00e1 com&nbsp;a vacina\u00e7\u00e3o completa contra o coronav\u00edrus SARS-CoV-2&nbsp;e que foram imunizadas com uma das vacinas listadas no site do&nbsp;Paul-Ehrlich-Instituts (PEI)&nbsp;, em princ\u00edpio,&nbsp;poder\u00e1 [&hellip;]<\/p>\n","protected":false},"author":1,"featured_media":125790,"comment_status":"closed","ping_status":"closed","sticky":false,"template":"","format":"standard","meta":{"om_disable_all_campaigns":false,"_monsterinsights_skip_tracking":false,"_monsterinsights_sitenote_active":false,"_monsterinsights_sitenote_note":"","_monsterinsights_sitenote_category":0,"_uf_show_specific_survey":0,"_uf_disable_surveys":false,"footnotes":""},"categories":[10],"tags":[76,29,30,18,77],"class_list":["post-125789","post","type-post","status-publish","format-standard","has-post-thumbnail","hentry","category-estudo-trabalho","tag-cursos-no-exterior","tag-dicas-de-intercambio","tag-estudar-no-exterior","tag-intercambio","tag-planejamento"],"_links":{"self":[{"href":"https:\/\/www.bil.com.br\/blog\/wp-json\/wp\/v2\/posts\/125789","targetHints":{"allow":["GET"]}}],"collection":[{"href":"https:\/\/www.bil.com.br\/blog\/wp-json\/wp\/v2\/posts"}],"about":[{"href":"https:\/\/www.bil.com.br\/blog\/wp-json\/wp\/v2\/types\/post"}],"author":[{"embeddable":true,"href":"https:\/\/www.bil.com.br\/blog\/wp-json\/wp\/v2\/users\/1"}],"replies":[{"embeddable":true,"href":"https:\/\/www.bil.com.br\/blog\/wp-json\/wp\/v2\/comments?post=125789"}],"version-history":[{"count":0,"href":"https:\/\/www.bil.com.br\/blog\/wp-json\/wp\/v2\/posts\/125789\/revisions"}],"wp:featuredmedia":[{"embeddable":true,"href":"https:\/\/www.bil.com.br\/blog\/wp-json\/wp\/v2\/media\/125790"}],"wp:attachment":[{"href":"https:\/\/www.bil.com.br\/blog\/wp-json\/wp\/v2\/media?parent=125789"}],"wp:term":[{"taxonomy":"category","embeddable":true,"href":"https:\/\/www.bil.com.br\/blog\/wp-json\/wp\/v2\/categories?post=125789"},{"taxonomy":"post_tag","embeddable":true,"href":"https:\/\/www.bil.com.br\/blog\/wp-json\/wp\/v2\/tags?post=125789"}],"curies":[{"name":"wp","href":"https:\/\/api.w.org\/{rel}","templated":true}]}}