{"id":125806,"date":"2021-08-27T12:50:57","date_gmt":"2021-08-27T12:50:57","guid":{"rendered":"https:\/\/www.bil.com.br\/blog\/?p=125806"},"modified":"2021-08-27T12:51:10","modified_gmt":"2021-08-27T12:51:10","slug":"espanha-reabre-para-brasileiros-vacinados","status":"publish","type":"post","link":"https:\/\/www.bil.com.br\/blog\/espanha-reabre-para-brasileiros-vacinados\/","title":{"rendered":"Espanha reabre para brasileiros vacinados!"},"content":{"rendered":"<span class=\"span-reading-time rt-reading-time\" style=\"display: block;\"><span class=\"rt-label rt-prefix\">Tempo de Leitura: <\/span> <span class=\"rt-time\"> 3<\/span> <span class=\"rt-label rt-postfix\">minutos<\/span><\/span>\n<p class=\"wp-block-paragraph\">A Espanha <strong>liberou a entrada de brasileiros totalmente vacinados!<\/strong><br>\u2800<br>As vacinas aceitas pelo pa\u00eds s\u00e3o:<br>&#8211; Coronavac<br>&#8211; Astrazeneca<br>&#8211; Pfizer<br>&#8211; Janssen<br>&#8211; Moderna\u2800<\/p>\n\n\n\n<p class=\"wp-block-paragraph\">Ser\u00e1 necess\u00e1rio apresentar o&nbsp;Certificado Digital do Minist\u00e9rio da Sa\u00fade do Brasil na vers\u00e3o em Espanhol.<br><\/p>\n\n\n\n<h2 class=\"wp-block-heading\"><strong>Como emitir certificado de vacina\u00e7\u00e3o contra covid-19 on-line:<\/strong><\/h2>\n\n\n\n<p class=\"wp-block-paragraph\"><strong>1) Acesse a <a href=\"https:\/\/conectesus.saude.gov.br\/home\" target=\"_blank\" rel=\"noopener\">plataforma ConecteSUS<\/a> <\/strong> por algum dos meios (site, Android ou iPhone)<\/p>\n\n\n\n<p class=\"wp-block-paragraph\"><strong>2) V\u00e1 em \u201cEntrar\u201d e insira seus dados<\/strong>; caso n\u00e3o tenha cadastro, selecione a op\u00e7\u00e3o \u201cCrie sua conta\u201d ou \u201cCrie sua conta gov.br\u201d<\/p>\n\n\n\n<figure class=\"wp-block-image size-large\"><a href=\"https:\/\/www.bil.com.br\/blog\/wp-content\/uploads\/2021\/08\/conecta-sus1.png\"><img fetchpriority=\"high\" decoding=\"async\" width=\"1024\" height=\"508\" src=\"https:\/\/www.bil.com.br\/blog\/wp-content\/uploads\/2021\/08\/conecta-sus1-1024x508.png\" alt=\"\" class=\"wp-image-125811\" srcset=\"https:\/\/www.bil.com.br\/blog\/wp-content\/uploads\/2021\/08\/conecta-sus1-1024x508.png 1024w, https:\/\/www.bil.com.br\/blog\/wp-content\/uploads\/2021\/08\/conecta-sus1-300x149.png 300w, https:\/\/www.bil.com.br\/blog\/wp-content\/uploads\/2021\/08\/conecta-sus1-768x381.png 768w, https:\/\/www.bil.com.br\/blog\/wp-content\/uploads\/2021\/08\/conecta-sus1.png 1080w\" sizes=\"(max-width: 1024px) 100vw, 1024px\" \/><\/a><\/figure>\n\n\n\n<p class=\"wp-block-paragraph\"><strong>3)<\/strong> <strong>Ap\u00f3s entrar<\/strong>, escolha a op\u00e7\u00e3o \u201cVacinas\u201d<br><br><strong>4) Confira os dados resumidos <\/strong>sobre a vacina de Covid-19, como fabricante, data e doses administradas<br><br><strong>5)<\/strong> <strong>Gere o certificado de vacina\u00e7\u00e3o de Covid-19<\/strong> com QR code (dispon\u00edvel em portugu\u00eas se tiver tomado s\u00f3 a 1\u00aa dose e <strong>em ingl\u00eas ou espanhol se tiver tomado as duas)<\/strong> <\/p>\n\n\n\n<figure class=\"wp-block-image size-large\"><a href=\"https:\/\/www.bil.com.br\/blog\/wp-content\/uploads\/2021\/08\/conecta-sus2.png\"><img decoding=\"async\" width=\"1024\" height=\"481\" src=\"https:\/\/www.bil.com.br\/blog\/wp-content\/uploads\/2021\/08\/conecta-sus2-1024x481.png\" alt=\"\" class=\"wp-image-125812\" srcset=\"https:\/\/www.bil.com.br\/blog\/wp-content\/uploads\/2021\/08\/conecta-sus2-1024x481.png 1024w, https:\/\/www.bil.com.br\/blog\/wp-content\/uploads\/2021\/08\/conecta-sus2-300x141.png 300w, https:\/\/www.bil.com.br\/blog\/wp-content\/uploads\/2021\/08\/conecta-sus2-768x361.png 768w, https:\/\/www.bil.com.br\/blog\/wp-content\/uploads\/2021\/08\/conecta-sus2.png 1080w\" sizes=\"(max-width: 1024px) 100vw, 1024px\" \/><\/a><\/figure>\n\n\n\n<p class=\"wp-block-paragraph\"><strong>6)<\/strong> <strong>Salve o certificado, chamado \u201cCarteira de Vacina\u00e7\u00e3o Digital\u201d<\/strong>, o qual cont\u00e9m seus dados de identifica\u00e7\u00e3o, informa\u00e7\u00f5es detalhadas, como lote, local, c\u00f3digo do vacinador e QR code para validar o documento<\/p>\n\n\n\n<figure class=\"wp-block-image size-large\"><a href=\"https:\/\/www.bil.com.br\/blog\/wp-content\/uploads\/2021\/08\/conecta-sus3.png\"><img decoding=\"async\" width=\"1024\" height=\"592\" src=\"https:\/\/www.bil.com.br\/blog\/wp-content\/uploads\/2021\/08\/conecta-sus3-1024x592.png\" alt=\"\" class=\"wp-image-125813\" srcset=\"https:\/\/www.bil.com.br\/blog\/wp-content\/uploads\/2021\/08\/conecta-sus3-1024x592.png 1024w, https:\/\/www.bil.com.br\/blog\/wp-content\/uploads\/2021\/08\/conecta-sus3-300x173.png 300w, https:\/\/www.bil.com.br\/blog\/wp-content\/uploads\/2021\/08\/conecta-sus3-768x444.png 768w, https:\/\/www.bil.com.br\/blog\/wp-content\/uploads\/2021\/08\/conecta-sus3.png 1080w\" sizes=\"(max-width: 1024px) 100vw, 1024px\" \/><\/a><\/figure>\n\n\n\n<p class=\"wp-block-paragraph\">O Consulado Geral da Espanha ainda mencionou&nbsp;que n\u00e3o ser\u00e1 exigido teste de PCR para o embarque.<br>Por\u00e9m que pode acontecer de aplicarem o teste aleatoriamente na chegada, caso as autoridades de sa\u00fade consideram necess\u00e1rio.<\/p>\n\n\n\n<hr class=\"wp-block-separator has-text-color has-background has-black-background-color has-black-color\"\/>\n\n\n\n<h2 class=\"has-text-align-center wp-block-heading\">Aproveite os pacotes promocionais:<\/h2>\n\n\n\n<div class=\"wp-block-columns is-layout-flex wp-container-core-columns-is-layout-7387b849 wp-block-columns-is-layout-flex\">\n<div class=\"wp-block-column is-layout-flow wp-block-column-is-layout-flow\">\n<figure class=\"wp-block-image size-full\"><a href=\"https:\/\/www.bil.com.br\/blog\/wp-content\/uploads\/2021\/08\/barcelona.jpg\"><img loading=\"lazy\" decoding=\"async\" width=\"600\" height=\"600\" src=\"https:\/\/www.bil.com.br\/blog\/wp-content\/uploads\/2021\/08\/barcelona.jpg\" alt=\"\" class=\"wp-image-125807\" srcset=\"https:\/\/www.bil.com.br\/blog\/wp-content\/uploads\/2021\/08\/barcelona.jpg 600w, https:\/\/www.bil.com.br\/blog\/wp-content\/uploads\/2021\/08\/barcelona-300x300.jpg 300w, https:\/\/www.bil.com.br\/blog\/wp-content\/uploads\/2021\/08\/barcelona-150x150.jpg 150w, https:\/\/www.bil.com.br\/blog\/wp-content\/uploads\/2021\/08\/barcelona-60x60.jpg 60w\" sizes=\"(max-width: 600px) 100vw, 600px\" \/><\/a><\/figure>\n\n\n\n<h2 class=\"wp-block-heading\"><strong>Barcelona<\/strong><\/h2>\n\n\n\n<p class=\"wp-block-paragraph\">2 semanas, incluso:<br>&#8211; curso de espanhol<br>&#8211; taxa de inscri\u00e7\u00e3o da escola<br>&#8211; acomoda\u00e7\u00e3o em apartamento<br>&#8211; quarto individual<br>&#8211; taxa de acomoda\u00e7\u00e3o<br>&#8211; taxa administrativa da BIL<\/p>\n\n\n\n<p class=\"wp-block-paragraph\">Entrada + 15 x de R$ 280<\/p>\n<\/div>\n\n\n\n<div class=\"wp-block-column is-layout-flow wp-block-column-is-layout-flow\">\n<figure class=\"wp-block-image size-full\"><a href=\"https:\/\/www.bil.com.br\/blog\/wp-content\/uploads\/2021\/08\/madrid.jpg\"><img loading=\"lazy\" decoding=\"async\" width=\"600\" height=\"600\" src=\"https:\/\/www.bil.com.br\/blog\/wp-content\/uploads\/2021\/08\/madrid.jpg\" alt=\"\" class=\"wp-image-125808\" srcset=\"https:\/\/www.bil.com.br\/blog\/wp-content\/uploads\/2021\/08\/madrid.jpg 600w, https:\/\/www.bil.com.br\/blog\/wp-content\/uploads\/2021\/08\/madrid-300x300.jpg 300w, https:\/\/www.bil.com.br\/blog\/wp-content\/uploads\/2021\/08\/madrid-150x150.jpg 150w, https:\/\/www.bil.com.br\/blog\/wp-content\/uploads\/2021\/08\/madrid-60x60.jpg 60w\" sizes=\"(max-width: 600px) 100vw, 600px\" \/><\/a><\/figure>\n\n\n\n<h2 class=\"wp-block-heading\"><strong>Madrid<\/strong><\/h2>\n\n\n\n<p class=\"wp-block-paragraph\">2 semanas, incluso:<br>&#8211; curso de espanhol<br>&#8211; taxa de inscri\u00e7\u00e3o da escola<br>&#8211; acomoda\u00e7\u00e3o em casa de fam\u00edlia<br>&#8211; quarto individual<br>&#8211; caf\u00e9 da manh\u00e3 e jantar<br>&#8211; taxa de acomoda\u00e7\u00e3o<br>&#8211; taxa administrativa da BIL<\/p>\n\n\n\n<p class=\"wp-block-paragraph\">Entrada + 15 x de R$ 373<\/p>\n<\/div>\n\n\n\n<div class=\"wp-block-column is-layout-flow wp-block-column-is-layout-flow\">\n<figure class=\"wp-block-image size-full\"><a href=\"https:\/\/www.bil.com.br\/blog\/wp-content\/uploads\/2021\/08\/valencia.jpg\"><img loading=\"lazy\" decoding=\"async\" width=\"600\" height=\"600\" src=\"https:\/\/www.bil.com.br\/blog\/wp-content\/uploads\/2021\/08\/valencia.jpg\" alt=\"\" class=\"wp-image-125809\" srcset=\"https:\/\/www.bil.com.br\/blog\/wp-content\/uploads\/2021\/08\/valencia.jpg 600w, https:\/\/www.bil.com.br\/blog\/wp-content\/uploads\/2021\/08\/valencia-300x300.jpg 300w, https:\/\/www.bil.com.br\/blog\/wp-content\/uploads\/2021\/08\/valencia-150x150.jpg 150w, https:\/\/www.bil.com.br\/blog\/wp-content\/uploads\/2021\/08\/valencia-60x60.jpg 60w\" sizes=\"(max-width: 600px) 100vw, 600px\" \/><\/a><\/figure>\n\n\n\n<h2 class=\"wp-block-heading\"><strong>Valencia<\/strong><\/h2>\n\n\n\n<p class=\"wp-block-paragraph\">2 semanas, incluso:<br>&#8211; curso de espanhol<br>&#8211; taxa de inscri\u00e7\u00e3o da escola<br>&#8211; acomoda\u00e7\u00e3o em apartamento<br>&#8211; quarto individual<br>&#8211; taxa de acomoda\u00e7\u00e3o<br>&#8211; taxa administrativa da BIL<\/p>\n\n\n\n<p class=\"wp-block-paragraph\">Entrada + 15 x de R$ 310<\/p>\n<\/div>\n<\/div>\n\n\n\n<h3 class=\"has-text-align-center wp-block-heading\">Agende uma consultoria especializada com a BIL Interc\u00e2mbios:<\/h3>\n\n\n\n<div class=\"wp-block-buttons is-content-justification-center is-layout-flex wp-block-buttons-is-layout-flex\">\n<div class=\"wp-block-button has-custom-font-size is-style-fill has-normal-font-size\"><a class=\"wp-block-button__link has-white-color has-vivid-cyan-blue-background-color has-text-color has-background\" href=\"https:\/\/bil.com.br\/conteudo\/agendar-atendimento\/\" style=\"border-radius:20px\" target=\"_blank\" rel=\"noreferrer noopener\"><strong>AGENDE AQUI &gt;&gt;<\/strong><\/a><\/div>\n<\/div>\n\n\n\n<hr class=\"wp-block-separator has-text-color has-background has-black-background-color has-black-color\"\/>\n\n\n\n<p class=\"has-small-font-size wp-block-paragraph\">Valores convertidos em reais de acordo com o c\u00e2mbio do dia. Forma de pagamento \u00e9 10% do total do pacote acrescido da taxa administrativa BIL de USD70. Simula\u00e7\u00e3o para data de embarque daqui 16 meses. Consulte outras formas de pagamento e disponibilidade.<em>Todas as informa\u00e7\u00f5es deste email est\u00e3o sujeitas a altera\u00e7\u00e3o sem pr\u00e9vio aviso e a disponibilidade de lugares (se aplic\u00e1vel).<\/em>&nbsp;Entrada referente a 10% do total do programa + taxa administrativa da BIL. Com simula\u00e7\u00e3o de forma de pagamento com quita\u00e7\u00e3o 30 dias antes do embarque.<\/p>\n\n\n\n<p class=\"has-small-font-size wp-block-paragraph\"><\/p>\n","protected":false},"excerpt":{"rendered":"<p><span class=\"span-reading-time rt-reading-time\" style=\"display: block;\"><span class=\"rt-label rt-prefix\">Tempo de Leitura: <\/span> <span class=\"rt-time\"> 3<\/span> <span class=\"rt-label rt-postfix\">minutos<\/span><\/span>A Espanha liberou a entrada de brasileiros totalmente vacinados!\u2800As vacinas aceitas pelo pa\u00eds s\u00e3o:&#8211; Coronavac&#8211; Astrazeneca&#8211; Pfizer&#8211; Janssen&#8211; Moderna\u2800 Ser\u00e1 necess\u00e1rio apresentar o&nbsp;Certificado Digital do Minist\u00e9rio da Sa\u00fade do Brasil na vers\u00e3o em Espanhol. Como emitir certificado de vacina\u00e7\u00e3o contra covid-19 on-line: 1) Acesse a plataforma ConecteSUS por algum dos meios (site, Android ou iPhone) [&hellip;]<\/p>\n","protected":false},"author":1,"featured_media":125810,"comment_status":"closed","ping_status":"closed","sticky":false,"template":"","format":"standard","meta":{"om_disable_all_campaigns":false,"_monsterinsights_skip_tracking":false,"_monsterinsights_sitenote_active":false,"_monsterinsights_sitenote_note":"","_monsterinsights_sitenote_category":0,"_uf_show_specific_survey":0,"_uf_disable_surveys":false,"footnotes":""},"categories":[10],"tags":[76,29,30,18,77],"class_list":["post-125806","post","type-post","status-publish","format-standard","has-post-thumbnail","hentry","category-estudo-trabalho","tag-cursos-no-exterior","tag-dicas-de-intercambio","tag-estudar-no-exterior","tag-intercambio","tag-planejamento"],"_links":{"self":[{"href":"https:\/\/www.bil.com.br\/blog\/wp-json\/wp\/v2\/posts\/125806","targetHints":{"allow":["GET"]}}],"collection":[{"href":"https:\/\/www.bil.com.br\/blog\/wp-json\/wp\/v2\/posts"}],"about":[{"href":"https:\/\/www.bil.com.br\/blog\/wp-json\/wp\/v2\/types\/post"}],"author":[{"embeddable":true,"href":"https:\/\/www.bil.com.br\/blog\/wp-json\/wp\/v2\/users\/1"}],"replies":[{"embeddable":true,"href":"https:\/\/www.bil.com.br\/blog\/wp-json\/wp\/v2\/comments?post=125806"}],"version-history":[{"count":0,"href":"https:\/\/www.bil.com.br\/blog\/wp-json\/wp\/v2\/posts\/125806\/revisions"}],"wp:featuredmedia":[{"embeddable":true,"href":"https:\/\/www.bil.com.br\/blog\/wp-json\/wp\/v2\/media\/125810"}],"wp:attachment":[{"href":"https:\/\/www.bil.com.br\/blog\/wp-json\/wp\/v2\/media?parent=125806"}],"wp:term":[{"taxonomy":"category","embeddable":true,"href":"https:\/\/www.bil.com.br\/blog\/wp-json\/wp\/v2\/categories?post=125806"},{"taxonomy":"post_tag","embeddable":true,"href":"https:\/\/www.bil.com.br\/blog\/wp-json\/wp\/v2\/tags?post=125806"}],"curies":[{"name":"wp","href":"https:\/\/api.w.org\/{rel}","templated":true}]}}