{"id":125965,"date":"2021-09-23T20:50:40","date_gmt":"2021-09-23T20:50:40","guid":{"rendered":"https:\/\/www.bil.com.br\/blog\/?p=125965"},"modified":"2021-09-23T20:50:48","modified_gmt":"2021-09-23T20:50:48","slug":"promocoes-para-estudar-espanhol","status":"publish","type":"post","link":"https:\/\/www.bil.com.br\/blog\/promocoes-para-estudar-espanhol\/","title":{"rendered":"Promo\u00e7\u00f5es para estudar Espanhol"},"content":{"rendered":"<span class=\"span-reading-time rt-reading-time\" style=\"display: block;\"><span class=\"rt-label rt-prefix\">Tempo de Leitura: <\/span> <span class=\"rt-time\"> 3<\/span> <span class=\"rt-label rt-postfix\">minutos<\/span><\/span>\n<p class=\"wp-block-paragraph\">Estudar espanhol no exterior&nbsp;\u00e9 uma \u00f3tima ideia para se aprofundar no idioma e turbinar o seu curr\u00edculo profissional.<\/p>\n\n\n\n<p class=\"wp-block-paragraph\">Al\u00e9m disso, h\u00e1 v\u00e1rias op\u00e7\u00f5es de pa\u00edses que recebem estudantes em interc\u00e2mbio e os custos s\u00e3o baixos se comparados aos de outros idiomas.<br><br>Cultura rica, hospitalidade calorosa, muitos lugares e paisagens para conhecer: \u00e9 s\u00f3 escolher o melhor programa de interc\u00e2mbio e fazer as malas!<\/p>\n\n\n\n<hr class=\"wp-block-separator has-text-color has-background has-black-background-color has-black-color\"\/>\n\n\n\n<h1 class=\"has-text-align-center wp-block-heading\">Confira os principais destinos:<\/h1>\n\n\n\n<hr class=\"wp-block-separator\"\/>\n\n\n\n<h1 class=\"wp-block-heading\"><strong>Espanha<\/strong><\/h1>\n\n\n\n<p class=\"wp-block-paragraph\">Estudar na Europa e aprender espanhol \u00e9 uma experi\u00eancia formid\u00e1vel.<br>H\u00e1 muitos destinos hist\u00f3ricos para se passear, praias incr\u00edveis, renomadas universidades e institui\u00e7\u00f5es de ensino e um povo que acolhe muito bem e est\u00e1 pronto para festejar.&nbsp;<br>Basta voc\u00ea e escolher a cidade! Veja neste link&nbsp;alguns pacotes promocionais.<\/p>\n\n\n\n<div class=\"wp-block-columns is-layout-flex wp-container-core-columns-is-layout-7387b849 wp-block-columns-is-layout-flex\">\n<div class=\"wp-block-column is-layout-flow wp-block-column-is-layout-flow\">\n<figure class=\"wp-block-image size-full\"><a href=\"https:\/\/www.bil.com.br\/blog\/wp-content\/uploads\/2021\/08\/barcelona.jpg\"><img fetchpriority=\"high\" decoding=\"async\" width=\"600\" height=\"600\" src=\"https:\/\/www.bil.com.br\/blog\/wp-content\/uploads\/2021\/08\/barcelona.jpg\" alt=\"\" class=\"wp-image-125807\" srcset=\"https:\/\/www.bil.com.br\/blog\/wp-content\/uploads\/2021\/08\/barcelona.jpg 600w, https:\/\/www.bil.com.br\/blog\/wp-content\/uploads\/2021\/08\/barcelona-300x300.jpg 300w, https:\/\/www.bil.com.br\/blog\/wp-content\/uploads\/2021\/08\/barcelona-150x150.jpg 150w, https:\/\/www.bil.com.br\/blog\/wp-content\/uploads\/2021\/08\/barcelona-60x60.jpg 60w\" sizes=\"(max-width: 600px) 100vw, 600px\" \/><\/a><\/figure>\n\n\n\n<h2 class=\"wp-block-heading\"><strong>Barcelona<\/strong><\/h2>\n\n\n\n<p class=\"wp-block-paragraph\">2 semanas, incluso:<br>&#8211; curso de espanhol<br>&#8211; taxa de inscri\u00e7\u00e3o da escola<br>&#8211; acomoda\u00e7\u00e3o em apartamento<br>&#8211; quarto individual<br>&#8211; taxa de acomoda\u00e7\u00e3o<br>&#8211; taxa administrativa da BIL<\/p>\n\n\n\n<p class=\"wp-block-paragraph\">Entrada + 15 x de R$ 280<\/p>\n<\/div>\n\n\n\n<div class=\"wp-block-column is-layout-flow wp-block-column-is-layout-flow\">\n<figure class=\"wp-block-image size-full\"><a href=\"https:\/\/www.bil.com.br\/blog\/wp-content\/uploads\/2021\/08\/madrid.jpg\"><img decoding=\"async\" width=\"600\" height=\"600\" src=\"https:\/\/www.bil.com.br\/blog\/wp-content\/uploads\/2021\/08\/madrid.jpg\" alt=\"\" class=\"wp-image-125808\" srcset=\"https:\/\/www.bil.com.br\/blog\/wp-content\/uploads\/2021\/08\/madrid.jpg 600w, https:\/\/www.bil.com.br\/blog\/wp-content\/uploads\/2021\/08\/madrid-300x300.jpg 300w, https:\/\/www.bil.com.br\/blog\/wp-content\/uploads\/2021\/08\/madrid-150x150.jpg 150w, https:\/\/www.bil.com.br\/blog\/wp-content\/uploads\/2021\/08\/madrid-60x60.jpg 60w\" sizes=\"(max-width: 600px) 100vw, 600px\" \/><\/a><\/figure>\n\n\n\n<h2 class=\"wp-block-heading\"><strong>Madrid<\/strong><\/h2>\n\n\n\n<p class=\"wp-block-paragraph\">2 semanas, incluso:<br>&#8211; curso de espanhol<br>&#8211; taxa de inscri\u00e7\u00e3o da escola<br>&#8211; acomoda\u00e7\u00e3o em casa de fam\u00edlia<br>&#8211; quarto individual<br>&#8211; caf\u00e9 da manh\u00e3 e jantar<br>&#8211; taxa de acomoda\u00e7\u00e3o<br>&#8211; taxa administrativa da BIL<\/p>\n\n\n\n<p class=\"wp-block-paragraph\">Entrada + 15 x de R$ 373<\/p>\n<\/div>\n\n\n\n<div class=\"wp-block-column is-layout-flow wp-block-column-is-layout-flow\">\n<figure class=\"wp-block-image size-full\"><a href=\"https:\/\/www.bil.com.br\/blog\/wp-content\/uploads\/2021\/08\/valencia.jpg\"><img decoding=\"async\" width=\"600\" height=\"600\" src=\"https:\/\/www.bil.com.br\/blog\/wp-content\/uploads\/2021\/08\/valencia.jpg\" alt=\"\" class=\"wp-image-125809\" srcset=\"https:\/\/www.bil.com.br\/blog\/wp-content\/uploads\/2021\/08\/valencia.jpg 600w, https:\/\/www.bil.com.br\/blog\/wp-content\/uploads\/2021\/08\/valencia-300x300.jpg 300w, https:\/\/www.bil.com.br\/blog\/wp-content\/uploads\/2021\/08\/valencia-150x150.jpg 150w, https:\/\/www.bil.com.br\/blog\/wp-content\/uploads\/2021\/08\/valencia-60x60.jpg 60w\" sizes=\"(max-width: 600px) 100vw, 600px\" \/><\/a><\/figure>\n\n\n\n<h2 class=\"wp-block-heading\"><strong>Valencia<\/strong><\/h2>\n\n\n\n<p class=\"wp-block-paragraph\">2 semanas, incluso:<br>&#8211; curso de espanhol<br>&#8211; taxa de inscri\u00e7\u00e3o da escola<br>&#8211; acomoda\u00e7\u00e3o em apartamento<br>&#8211; quarto individual<br>&#8211; taxa de acomoda\u00e7\u00e3o<br>&#8211; taxa administrativa da BIL<\/p>\n\n\n\n<p class=\"wp-block-paragraph\">Entrada + 15 x de R$ 310<\/p>\n<\/div>\n<\/div>\n\n\n\n<hr class=\"wp-block-separator has-text-color has-background has-black-background-color has-black-color\"\/>\n\n\n\n<h1 class=\"wp-block-heading\"><strong>Argentina<\/strong><\/h1>\n\n\n\n<p class=\"wp-block-paragraph\">Estudar na Europa e aprender espanhol \u00e9 uma experi\u00eancia formid\u00e1vel.<br>H\u00e1 muitos destinos hist\u00f3ricos para se passear, praias incr\u00edveis, renomadas universidades e institui\u00e7\u00f5es de ensino e um povo que acolh\u00d3timas escolas, possibilidade de fazer um interc\u00e2mbio comum para aprender o espanhol ou <a href=\"https:\/\/www.bil.com.br\/blog\/high-school-na-argentina-estude-espanhol-em-alto-estilo\/\">High School<\/a><em>. <br><\/em>As cidades s\u00e3o modernas e a qualidade do ensino compensa.<\/p>\n\n\n\n<div class=\"wp-block-media-text alignwide is-stacked-on-mobile\" style=\"grid-template-columns:40% auto\"><figure class=\"wp-block-media-text__media\"><img loading=\"lazy\" decoding=\"async\" width=\"600\" height=\"600\" src=\"https:\/\/www.bil.com.br\/blog\/wp-content\/uploads\/2020\/10\/buenos-aires.jpg\" alt=\"\" class=\"wp-image-91566 size-full\" srcset=\"https:\/\/www.bil.com.br\/blog\/wp-content\/uploads\/2020\/10\/buenos-aires.jpg 600w, https:\/\/www.bil.com.br\/blog\/wp-content\/uploads\/2020\/10\/buenos-aires-300x300.jpg 300w, https:\/\/www.bil.com.br\/blog\/wp-content\/uploads\/2020\/10\/buenos-aires-150x150.jpg 150w, https:\/\/www.bil.com.br\/blog\/wp-content\/uploads\/2020\/10\/buenos-aires-60x60.jpg 60w\" sizes=\"(max-width: 600px) 100vw, 600px\" \/><\/figure><div class=\"wp-block-media-text__content\">\n<h2 class=\"wp-block-heading\">Buenos Aires<\/h2>\n\n\n\n<p class=\"wp-block-paragraph\">2 semanas, incluso:<br>&#8211; curso de espanhol<br>&#8211; taxa de inscri\u00e7\u00e3o da escola<br>&#8211; material did\u00e1tico<br>&#8211; acomoda\u00e7\u00e3o em casa de fam\u00edlia<br>&#8211; quarto individual<br>&#8211; caf\u00e9 da manh\u00e3<br>&#8211; taxa de acomoda\u00e7\u00e3o<br>&#8211; taxa administrativa BIL<br><br>Entrada + 10 parcelas de R$ 488<\/p>\n<\/div><\/div>\n\n\n\n<hr class=\"wp-block-separator has-text-color has-background has-black-background-color has-black-color\"\/>\n\n\n\n<h1 class=\"wp-block-heading\">Chile<\/h1>\n\n\n\n<p class=\"wp-block-paragraph\">Trata-se de um pa\u00eds jovem e com uma cultura efervescente.<br>Inclusive, nos \u00faltimos anos, tem se tornado o destino de estudantes de todo o mundo que desejam aprender espanhol no exterior.<\/p>\n\n\n\n<div class=\"wp-block-media-text alignwide is-stacked-on-mobile\" style=\"grid-template-columns:40% auto\"><figure class=\"wp-block-media-text__media\"><img loading=\"lazy\" decoding=\"async\" width=\"600\" height=\"600\" src=\"https:\/\/www.bil.com.br\/blog\/wp-content\/uploads\/2020\/10\/santiago.jpg\" alt=\"\" class=\"wp-image-91569 size-full\" srcset=\"https:\/\/www.bil.com.br\/blog\/wp-content\/uploads\/2020\/10\/santiago.jpg 600w, https:\/\/www.bil.com.br\/blog\/wp-content\/uploads\/2020\/10\/santiago-300x300.jpg 300w, https:\/\/www.bil.com.br\/blog\/wp-content\/uploads\/2020\/10\/santiago-150x150.jpg 150w, https:\/\/www.bil.com.br\/blog\/wp-content\/uploads\/2020\/10\/santiago-60x60.jpg 60w\" sizes=\"(max-width: 600px) 100vw, 600px\" \/><\/figure><div class=\"wp-block-media-text__content\">\n<h2 class=\"wp-block-heading\">Santiago<\/h2>\n\n\n\n<p class=\"wp-block-paragraph\">2 semanas, incluso:<br>&#8211; curso de espanhol<br>&#8211; taxa de inscri\u00e7\u00e3o da escola<br>&#8211; material did\u00e1tico<br>&#8211; acomoda\u00e7\u00e3o em casa de fam\u00edlia<br>&#8211; quarto individual<br>&#8211; caf\u00e9 da manh\u00e3 e jantar<br>&#8211; taxa de acomoda\u00e7\u00e3o<br>&#8211; taxa administrativa BIL<br><\/p>\n\n\n\n<p class=\"wp-block-paragraph\">Entrada + 10 parcelas de R$ 420<br><\/p>\n<\/div><\/div>\n\n\n\n<hr class=\"wp-block-separator has-text-color has-background has-black-background-color has-black-color\"\/>\n\n\n\n<h1 class=\"wp-block-heading\">Costa Rica<\/h1>\n\n\n\n<p class=\"wp-block-paragraph\">\u00c9 uma op\u00e7\u00e3o de destino para estudar espanhol no exterior na Am\u00e9rica Central.<br>Muitas praias, natureza intocada, \u00f3tima qualidade de vida e tamb\u00e9m \u00f3timas escolas de idiomas.&nbsp;<\/p>\n\n\n\n<div class=\"wp-block-media-text alignwide is-stacked-on-mobile\" style=\"grid-template-columns:40% auto\"><figure class=\"wp-block-media-text__media\"><img loading=\"lazy\" decoding=\"async\" width=\"400\" height=\"400\" src=\"https:\/\/www.bil.com.br\/blog\/wp-content\/uploads\/2021\/09\/costa-rica.png\" alt=\"\" class=\"wp-image-125968 size-full\" srcset=\"https:\/\/www.bil.com.br\/blog\/wp-content\/uploads\/2021\/09\/costa-rica.png 400w, https:\/\/www.bil.com.br\/blog\/wp-content\/uploads\/2021\/09\/costa-rica-300x300.png 300w, https:\/\/www.bil.com.br\/blog\/wp-content\/uploads\/2021\/09\/costa-rica-150x150.png 150w, https:\/\/www.bil.com.br\/blog\/wp-content\/uploads\/2021\/09\/costa-rica-60x60.png 60w\" sizes=\"(max-width: 400px) 100vw, 400px\" \/><\/figure><div class=\"wp-block-media-text__content\">\n<h2 class=\"wp-block-heading\">Santo Domingo de Heredita<\/h2>\n\n\n\n<p class=\"wp-block-paragraph\">2 semanas, incluso:<br>&#8211; curso de espanhol<br>&#8211; taxa de inscri\u00e7\u00e3o da escola<br>&#8211; material did\u00e1tico<br>&#8211; acomoda\u00e7\u00e3o em casa de fam\u00edlia<br>&#8211; quarto individual<br>&#8211; caf\u00e9 da manh\u00e3 e jantar<br>&#8211; taxa de acomoda\u00e7\u00e3o<br>&#8211; taxa administrativa BIL<br><\/p>\n\n\n\n<p class=\"wp-block-paragraph\">Entrada + 10 parcelas de R$ 665<\/p>\n<\/div><\/div>\n\n\n\n<hr class=\"wp-block-separator has-text-color has-background has-black-background-color has-black-color\"\/>\n\n\n\n<h3 class=\"has-text-align-center wp-block-heading\">Agende uma consultoria especializada com a BIL Interc\u00e2mbios:<\/h3>\n\n\n\n<div class=\"wp-block-buttons is-content-justification-center is-layout-flex wp-block-buttons-is-layout-flex\">\n<div class=\"wp-block-button has-custom-font-size is-style-fill has-normal-font-size\"><a class=\"wp-block-button__link has-white-color has-vivid-cyan-blue-background-color has-text-color has-background\" href=\"https:\/\/bil.com.br\/conteudo\/agendar-atendimento\/\" style=\"border-radius:20px\" target=\"_blank\" rel=\"noreferrer noopener\"><strong>AGENDE AQUI &gt;&gt;<\/strong><\/a><\/div>\n<\/div>\n\n\n\n<hr class=\"wp-block-separator has-text-color has-background has-black-background-color has-black-color\"\/>\n\n\n\n<p class=\"has-small-font-size wp-block-paragraph\">Valores convertidos em reais de acordo com o c\u00e2mbio do dia. Forma de pagamento \u00e9 10% do total do pacote acrescido da taxa administrativa BIL de USD70. Simula\u00e7\u00e3o para data de embarque daqui 16 meses. Consulte outras formas de pagamento e disponibilidade.<em>Todas as informa\u00e7\u00f5es est\u00e3o sujeitas a altera\u00e7\u00e3o sem pr\u00e9vio aviso e a disponibilidade de lugares (se aplic\u00e1vel).<\/em>&nbsp;Entrada referente a 10% do total do programa + taxa administrativa da BIL. Com simula\u00e7\u00e3o de forma de pagamento com quita\u00e7\u00e3o 30 dias antes do embarque.<\/p>\n","protected":false},"excerpt":{"rendered":"<p><span class=\"span-reading-time rt-reading-time\" style=\"display: block;\"><span class=\"rt-label rt-prefix\">Tempo de Leitura: <\/span> <span class=\"rt-time\"> 3<\/span> <span class=\"rt-label rt-postfix\">minutos<\/span><\/span>Estudar espanhol no exterior&nbsp;\u00e9 uma \u00f3tima ideia para se aprofundar no idioma e turbinar o seu curr\u00edculo profissional. Al\u00e9m disso, h\u00e1 v\u00e1rias op\u00e7\u00f5es de pa\u00edses que recebem estudantes em interc\u00e2mbio e os custos s\u00e3o baixos se comparados aos de outros idiomas. Cultura rica, hospitalidade calorosa, muitos lugares e paisagens para conhecer: \u00e9 s\u00f3 escolher o [&hellip;]<\/p>\n","protected":false},"author":1,"featured_media":125967,"comment_status":"closed","ping_status":"closed","sticky":false,"template":"","format":"standard","meta":{"om_disable_all_campaigns":false,"_monsterinsights_skip_tracking":false,"_monsterinsights_sitenote_active":false,"_monsterinsights_sitenote_note":"","_monsterinsights_sitenote_category":0,"_uf_show_specific_survey":0,"_uf_disable_surveys":false,"footnotes":""},"categories":[2],"tags":[76,29,30,18,77],"class_list":["post-125965","post","type-post","status-publish","format-standard","has-post-thumbnail","hentry","category-cursos-de-idiomas","tag-cursos-no-exterior","tag-dicas-de-intercambio","tag-estudar-no-exterior","tag-intercambio","tag-planejamento"],"_links":{"self":[{"href":"https:\/\/www.bil.com.br\/blog\/wp-json\/wp\/v2\/posts\/125965","targetHints":{"allow":["GET"]}}],"collection":[{"href":"https:\/\/www.bil.com.br\/blog\/wp-json\/wp\/v2\/posts"}],"about":[{"href":"https:\/\/www.bil.com.br\/blog\/wp-json\/wp\/v2\/types\/post"}],"author":[{"embeddable":true,"href":"https:\/\/www.bil.com.br\/blog\/wp-json\/wp\/v2\/users\/1"}],"replies":[{"embeddable":true,"href":"https:\/\/www.bil.com.br\/blog\/wp-json\/wp\/v2\/comments?post=125965"}],"version-history":[{"count":0,"href":"https:\/\/www.bil.com.br\/blog\/wp-json\/wp\/v2\/posts\/125965\/revisions"}],"wp:featuredmedia":[{"embeddable":true,"href":"https:\/\/www.bil.com.br\/blog\/wp-json\/wp\/v2\/media\/125967"}],"wp:attachment":[{"href":"https:\/\/www.bil.com.br\/blog\/wp-json\/wp\/v2\/media?parent=125965"}],"wp:term":[{"taxonomy":"category","embeddable":true,"href":"https:\/\/www.bil.com.br\/blog\/wp-json\/wp\/v2\/categories?post=125965"},{"taxonomy":"post_tag","embeddable":true,"href":"https:\/\/www.bil.com.br\/blog\/wp-json\/wp\/v2\/tags?post=125965"}],"curies":[{"name":"wp","href":"https:\/\/api.w.org\/{rel}","templated":true}]}}