{"id":126261,"date":"2021-11-11T13:42:45","date_gmt":"2021-11-11T13:42:45","guid":{"rendered":"https:\/\/www.bil.com.br\/blog\/?p=126261"},"modified":"2021-11-11T13:42:54","modified_gmt":"2021-11-11T13:42:54","slug":"pacotes-de-viagem-de-ferias-2023-inscricoes-abertas","status":"publish","type":"post","link":"https:\/\/www.bil.com.br\/blog\/pacotes-de-viagem-de-ferias-2023-inscricoes-abertas\/","title":{"rendered":"Pacotes de Viagem de f\u00e9rias 2023 &#8211; inscri\u00e7\u00f5es abertas"},"content":{"rendered":"<span class=\"span-reading-time rt-reading-time\" style=\"display: block;\"><span class=\"rt-label rt-prefix\">Tempo de Leitura: <\/span> <span class=\"rt-time\"> 3<\/span> <span class=\"rt-label rt-postfix\">minutos<\/span><\/span>\n<p class=\"wp-block-paragraph\">Imagine fazer uma&nbsp;viagem de f\u00e9rias em 2023&nbsp;e ainda aprender um idioma neste per\u00edodo.<br>H\u00e1 muitas op\u00e7\u00f5es de interc\u00e2mbio que podem ser realizados em suas f\u00e9rias, seja voc\u00ea um&nbsp;adulto ou um adolescente&nbsp;em f\u00e9rias escolares.<br><br>A boa not\u00edcia \u00e9 que h\u00e1 v\u00e1rios pacotes e&nbsp;programas de interc\u00e2mbio com inscri\u00e7\u00f5es abertas.<br><br>Saiba mais a seguir!<\/p>\n\n\n\n<hr class=\"wp-block-separator\"\/>\n\n\n\n<p class=\"has-large-font-size wp-block-paragraph\"><strong>Adolescente<\/strong>:<\/p>\n\n\n\n<p class=\"has-normal-font-size wp-block-paragraph\">> Idade: 13 a 17 anos<br>> Per\u00edodo: julho\/2022 e julho\/2023<\/p>\n\n\n\n<p class=\"has-normal-font-size wp-block-paragraph\">Dispon\u00edvel grupos com acompanhamento de guias para 4 destinos, escolha o seu:<\/p>\n\n\n\n<div class=\"wp-block-columns is-layout-flex wp-container-core-columns-is-layout-7387b849 wp-block-columns-is-layout-flex\">\n<div class=\"wp-block-column is-layout-flow wp-block-column-is-layout-flow\">\n<figure class=\"wp-block-image size-full\"><a href=\"https:\/\/www.bil.com.br\/blog\/wp-content\/uploads\/2020\/10\/ferias-teen-grupos-can.jpg\"><img fetchpriority=\"high\" decoding=\"async\" width=\"600\" height=\"600\" src=\"https:\/\/www.bil.com.br\/blog\/wp-content\/uploads\/2020\/10\/ferias-teen-grupos-can.jpg\" alt=\"\" class=\"wp-image-89657\" srcset=\"https:\/\/www.bil.com.br\/blog\/wp-content\/uploads\/2020\/10\/ferias-teen-grupos-can.jpg 600w, https:\/\/www.bil.com.br\/blog\/wp-content\/uploads\/2020\/10\/ferias-teen-grupos-can-300x300.jpg 300w, https:\/\/www.bil.com.br\/blog\/wp-content\/uploads\/2020\/10\/ferias-teen-grupos-can-150x150.jpg 150w, https:\/\/www.bil.com.br\/blog\/wp-content\/uploads\/2020\/10\/ferias-teen-grupos-can-60x60.jpg 60w\" sizes=\"(max-width: 600px) 100vw, 600px\" \/><\/a><\/figure>\n\n\n\n<h2 class=\"has-text-align-center wp-block-heading\">Toronto + New York:<\/h2>\n\n\n\n<p class=\"has-text-align-center wp-block-paragraph\">3 semanas de estudos, hospedagem<br>em resid\u00eancia estudantil, atividades,<br>visitas e excurs\u00f5es. Na 4\u00aa semana,<br>3 noites em NEW YORK!<\/p>\n\n\n\n<p class=\"has-text-align-center wp-block-paragraph\"><a href=\"https:\/\/www.bil.com.br\/ferias-teen\/fet-toronto.php\">Clique aqui e saiba mais &gt;&gt;<\/a><\/p>\n<\/div>\n\n\n\n<div class=\"wp-block-column is-layout-flow wp-block-column-is-layout-flow\">\n<figure class=\"wp-block-image size-full\"><a href=\"https:\/\/www.bil.com.br\/blog\/wp-content\/uploads\/2020\/10\/ferias-teen-grupos-uk.jpg\"><img decoding=\"async\" width=\"600\" height=\"600\" src=\"https:\/\/www.bil.com.br\/blog\/wp-content\/uploads\/2020\/10\/ferias-teen-grupos-uk.jpg\" alt=\"\" class=\"wp-image-89658\" srcset=\"https:\/\/www.bil.com.br\/blog\/wp-content\/uploads\/2020\/10\/ferias-teen-grupos-uk.jpg 600w, https:\/\/www.bil.com.br\/blog\/wp-content\/uploads\/2020\/10\/ferias-teen-grupos-uk-300x300.jpg 300w, https:\/\/www.bil.com.br\/blog\/wp-content\/uploads\/2020\/10\/ferias-teen-grupos-uk-150x150.jpg 150w, https:\/\/www.bil.com.br\/blog\/wp-content\/uploads\/2020\/10\/ferias-teen-grupos-uk-60x60.jpg 60w\" sizes=\"(max-width: 600px) 100vw, 600px\" \/><\/a><\/figure>\n\n\n\n<h2 class=\"has-text-align-center wp-block-heading\">Londres:<\/h2>\n\n\n\n<p class=\"has-text-align-center wp-block-paragraph\">2 semanas de curso de ingl\u00eas<br>dentro da University of Westminster,<br>hospedagem em alojamento estudantil,<br>atividades, visitas e excurs\u00f5es.<\/p>\n\n\n\n<p class=\"has-text-align-center wp-block-paragraph\"><a href=\"https:\/\/www.bil.com.br\/ferias-teen\/fet-uk.php\">Clique aqui e saiba mais &gt;&gt;<\/a><\/p>\n<\/div>\n<\/div>\n\n\n\n<div class=\"wp-block-columns is-layout-flex wp-container-core-columns-is-layout-7387b849 wp-block-columns-is-layout-flex\">\n<div class=\"wp-block-column is-layout-flow wp-block-column-is-layout-flow\">\n<figure class=\"wp-block-image size-full\"><a href=\"https:\/\/www.bil.com.br\/blog\/wp-content\/uploads\/2020\/10\/ferias-teen-grupos-nyc.jpg\"><img decoding=\"async\" width=\"600\" height=\"600\" src=\"https:\/\/www.bil.com.br\/blog\/wp-content\/uploads\/2020\/10\/ferias-teen-grupos-nyc.jpg\" alt=\"\" class=\"wp-image-89659\" srcset=\"https:\/\/www.bil.com.br\/blog\/wp-content\/uploads\/2020\/10\/ferias-teen-grupos-nyc.jpg 600w, https:\/\/www.bil.com.br\/blog\/wp-content\/uploads\/2020\/10\/ferias-teen-grupos-nyc-300x300.jpg 300w, https:\/\/www.bil.com.br\/blog\/wp-content\/uploads\/2020\/10\/ferias-teen-grupos-nyc-150x150.jpg 150w, https:\/\/www.bil.com.br\/blog\/wp-content\/uploads\/2020\/10\/ferias-teen-grupos-nyc-60x60.jpg 60w\" sizes=\"(max-width: 600px) 100vw, 600px\" \/><\/a><\/figure>\n\n\n\n<h2 class=\"has-text-align-center wp-block-heading\">New York:<\/h2>\n\n\n\n<p class=\"has-text-align-center wp-block-paragraph\">2 semanas de curso de ingl\u00eas dentro<br>da Fordham University, hospedagem<br>em alojamento estudantil, atividades,<br>visitas e excurs\u00f5es.<\/p>\n\n\n\n<p class=\"has-text-align-center wp-block-paragraph\"><a href=\"https:\/\/www.bil.com.br\/ferias-teen\/fet-nyc.php\">Clique aqui e saiba mais &gt;&gt;<\/a><\/p>\n<\/div>\n\n\n\n<div class=\"wp-block-column is-layout-flow wp-block-column-is-layout-flow\">\n<figure class=\"wp-block-image size-full\"><a href=\"https:\/\/www.bil.com.br\/blog\/wp-content\/uploads\/2020\/10\/ferias-teen-grupos-eua.jpg\"><img loading=\"lazy\" decoding=\"async\" width=\"600\" height=\"600\" src=\"https:\/\/www.bil.com.br\/blog\/wp-content\/uploads\/2020\/10\/ferias-teen-grupos-eua.jpg\" alt=\"\" class=\"wp-image-89656\" srcset=\"https:\/\/www.bil.com.br\/blog\/wp-content\/uploads\/2020\/10\/ferias-teen-grupos-eua.jpg 600w, https:\/\/www.bil.com.br\/blog\/wp-content\/uploads\/2020\/10\/ferias-teen-grupos-eua-300x300.jpg 300w, https:\/\/www.bil.com.br\/blog\/wp-content\/uploads\/2020\/10\/ferias-teen-grupos-eua-150x150.jpg 150w, https:\/\/www.bil.com.br\/blog\/wp-content\/uploads\/2020\/10\/ferias-teen-grupos-eua-60x60.jpg 60w\" sizes=\"(max-width: 600px) 100vw, 600px\" \/><\/a><\/figure>\n\n\n\n<h2 class=\"has-text-align-center wp-block-heading\">Calif\u00f3rnia + New York:<\/h2>\n\n\n\n<p class=\"has-text-align-center wp-block-paragraph\">3 semanas de estudos, hospedagem em<br>alojamento da Universidade, atividades,<br>visitas e excurs\u00f5es. Na 4\u00aa semana, 3 noites<br>em NEW YORK!<\/p>\n\n\n\n<p class=\"has-text-align-center wp-block-paragraph\"><a href=\"https:\/\/www.bil.com.br\/ferias-teen\/fet-uk.php\">Clique aqui e saiba mais &gt;&gt;<\/a><\/p>\n<\/div>\n<\/div>\n\n\n\n<div class=\"wp-block-buttons is-layout-flex wp-block-buttons-is-layout-flex\">\n<div class=\"wp-block-button has-custom-font-size has-medium-font-size\"><a class=\"wp-block-button__link has-white-color has-text-color has-background\" href=\"https:\/\/bil.com.br\/conteudo\/agendar-atendimento\" style=\"border-radius:50px;background-color:#2b97c6\" target=\"_blank\" rel=\"noopener\">Agende uma apresenta\u00e7\u00e3o virtual para sua fam\u00edlia com a nossa equipe especializada &gt;&gt;<\/a><\/div>\n<\/div>\n\n\n\n<hr class=\"wp-block-separator\"\/>\n\n\n\n<p class=\"has-large-font-size wp-block-paragraph\"><strong>Adulto<\/strong>:<\/p>\n\n\n\n<p class=\"has-normal-font-size wp-block-paragraph\">&gt; Idade: a partir de 16 anos<br>&gt; Per\u00edodo: pode embarcar e iniciar o interc\u00e2mbio em qualquer m\u00eas do ano.<\/p>\n\n\n\n<p class=\"has-normal-font-size wp-block-paragraph\">Muitos destinos e escolas j\u00e1 disponibilizam pacotes promocionais para 2023, confira aqui alguns:<\/p>\n\n\n\n<div class=\"wp-block-media-text alignwide is-stacked-on-mobile\"><figure class=\"wp-block-media-text__media\"><img loading=\"lazy\" decoding=\"async\" width=\"400\" height=\"400\" src=\"https:\/\/www.bil.com.br\/blog\/wp-content\/uploads\/2021\/06\/vancouver-destaque.png\" alt=\"\" class=\"wp-image-125434 size-full\" srcset=\"https:\/\/www.bil.com.br\/blog\/wp-content\/uploads\/2021\/06\/vancouver-destaque.png 400w, https:\/\/www.bil.com.br\/blog\/wp-content\/uploads\/2021\/06\/vancouver-destaque-300x300.png 300w, https:\/\/www.bil.com.br\/blog\/wp-content\/uploads\/2021\/06\/vancouver-destaque-150x150.png 150w, https:\/\/www.bil.com.br\/blog\/wp-content\/uploads\/2021\/06\/vancouver-destaque-60x60.png 60w\" sizes=\"(max-width: 400px) 100vw, 400px\" \/><\/figure><div class=\"wp-block-media-text__content\">\n<h2 class=\"wp-block-heading\">Toronto ou Vancouver<\/h2>\n\n\n\n<p class=\"wp-block-paragraph\"><strong>2 semanas, incluso:<br><\/strong>Curso de ingl\u00eas + taxa de inscri\u00e7\u00e3o da escola + material did\u00e1tico + acomoda\u00e7\u00e3o em quarto individual + caf\u00e9 da manh\u00e3 e jantar + taxa de acomoda\u00e7\u00e3o + taxa da BIL.<br><strong>Entrada de R$ 911 + 12x no boleto de R$ 375<\/strong><\/p>\n\n\n\n<p class=\"wp-block-paragraph\"><br><br><strong>1 m\u00eas, incluso:<br><\/strong>Curso de ingl\u00eas + taxa de inscri\u00e7\u00e3o da escola + material did\u00e1tico + acomoda\u00e7\u00e3o em quarto individual + caf\u00e9 da manh\u00e3 e jantar + taxa de acomoda\u00e7\u00e3o + taxa da BIL.<br><strong>Entrada de R$ 1 347+ 12x no boleto de R$ 739<\/strong><\/p>\n<\/div><\/div>\n\n\n\n<div class=\"wp-block-media-text alignwide is-stacked-on-mobile\"><figure class=\"wp-block-media-text__media\"><img loading=\"lazy\" decoding=\"async\" width=\"1024\" height=\"1024\" src=\"https:\/\/www.bil.com.br\/blog\/wp-content\/uploads\/2020\/12\/destinos-sandiego1-1024x1024.jpg\" alt=\"\" class=\"wp-image-105075 size-full\" srcset=\"https:\/\/www.bil.com.br\/blog\/wp-content\/uploads\/2020\/12\/destinos-sandiego1-1024x1024.jpg 1024w, https:\/\/www.bil.com.br\/blog\/wp-content\/uploads\/2020\/12\/destinos-sandiego1-300x300.jpg 300w, https:\/\/www.bil.com.br\/blog\/wp-content\/uploads\/2020\/12\/destinos-sandiego1-150x150.jpg 150w, https:\/\/www.bil.com.br\/blog\/wp-content\/uploads\/2020\/12\/destinos-sandiego1-768x768.jpg 768w, https:\/\/www.bil.com.br\/blog\/wp-content\/uploads\/2020\/12\/destinos-sandiego1-60x60.jpg 60w, https:\/\/www.bil.com.br\/blog\/wp-content\/uploads\/2020\/12\/destinos-sandiego1.jpg 1080w\" sizes=\"(max-width: 1024px) 100vw, 1024px\" \/><\/figure><div class=\"wp-block-media-text__content\">\n<h2 class=\"wp-block-heading\">San Diego<\/h2>\n\n\n\n<p class=\"wp-block-paragraph\"><strong>2 semanas, incluso:<br><\/strong>Curso de ingl\u00eas + taxa de inscri\u00e7\u00e3o da escola + material did\u00e1tico + acomoda\u00e7\u00e3o em quarto individual + caf\u00e9 da manh\u00e3 + taxa de acomoda\u00e7\u00e3o + taxa da BIL.<br><strong>Entrada R$ 1079 + 12x no boleto de R$ 502<\/strong><\/p>\n<\/div><\/div>\n\n\n\n<div class=\"wp-block-media-text alignwide is-stacked-on-mobile\"><figure class=\"wp-block-media-text__media\"><img loading=\"lazy\" decoding=\"async\" width=\"600\" height=\"600\" src=\"https:\/\/www.bil.com.br\/blog\/wp-content\/uploads\/2020\/08\/londres1.jpg\" alt=\"\" class=\"wp-image-77146 size-full\" srcset=\"https:\/\/www.bil.com.br\/blog\/wp-content\/uploads\/2020\/08\/londres1.jpg 600w, https:\/\/www.bil.com.br\/blog\/wp-content\/uploads\/2020\/08\/londres1-300x300.jpg 300w, https:\/\/www.bil.com.br\/blog\/wp-content\/uploads\/2020\/08\/londres1-150x150.jpg 150w, https:\/\/www.bil.com.br\/blog\/wp-content\/uploads\/2020\/08\/londres1-60x60.jpg 60w\" sizes=\"(max-width: 600px) 100vw, 600px\" \/><\/figure><div class=\"wp-block-media-text__content\">\n<h2 class=\"wp-block-heading\">Londres<\/h2>\n\n\n\n<p class=\"wp-block-paragraph\"><strong>2 semanas, incluso:<br><\/strong>Curso de ingl\u00eas + taxa de inscri\u00e7\u00e3o da escola + material did\u00e1tico + acomoda\u00e7\u00e3o em quarto individual + caf\u00e9 da manh\u00e3 + taxa de acomoda\u00e7\u00e3o + taxa da BIL.<br><strong>Entrada de R$ 1006 &nbsp;+ 12x no boleto de R$ 447<\/strong><\/p>\n\n\n\n<p class=\"wp-block-paragraph\">&nbsp;<\/p>\n\n\n\n<p class=\"wp-block-paragraph\"><strong>1 m\u00eas, incluso:<br><\/strong>Curso de ingl\u00eas + taxa de inscri\u00e7\u00e3o da escola + material did\u00e1tico + acomoda\u00e7\u00e3o em quarto individual + caf\u00e9 da manh\u00e3 + taxa de acomoda\u00e7\u00e3o + taxa da BIL.<br><strong>Entrada de R$ 1 536 + 12x no boleto de R$ 844<\/strong><\/p>\n<\/div><\/div>\n\n\n\n<p class=\"wp-block-paragraph\"><\/p>\n\n\n\n<h2 class=\"has-text-align-center wp-block-heading\">Dispon\u00edvel outros destinos e dura\u00e7\u00f5es!<\/h2>\n\n\n\n<div class=\"wp-block-buttons is-content-justification-center is-layout-flex wp-block-buttons-is-layout-flex\">\n<div class=\"wp-block-button has-custom-font-size has-medium-font-size\"><a class=\"wp-block-button__link has-background\" href=\"https:\/\/bil.com.br\/conteudo\/agendar-atendimento\" style=\"border-radius:50px;background-color:#2b97c6\" target=\"_blank\" rel=\"noopener\">Agende um bate papo com um consultor aqui &gt;&gt;<\/a><\/div>\n<\/div>\n\n\n\n<p class=\"wp-block-paragraph\" style=\"font-size:24px\"><strong>Vantagens das viagens de f\u00e9rias 2023<\/strong>:<\/p>\n\n\n\n<p class=\"has-normal-font-size wp-block-paragraph\">&#8211; <a href=\"https:\/\/www.bil.com.br\/blog\/checklist-do-intercambista-como-se-preparar-para-a-sua-viagem\/\" target=\"_blank\" rel=\"noreferrer noopener\">Voc\u00ea tem tempo para planejar o seu interc\u00e2mbio<\/a>&nbsp;com mais calma.<br>&#8211; A BIL Interc\u00e2mbio oferece programas de pagamentos especiais e voc\u00ea pode quitar a sua viagem de f\u00e9rias s\u00f3 em 2023.<br>&#8211; <a href=\"https:\/\/www.bil.com.br\/blog\/orcamento-para-intercambio-como-fazer-o-que-considerar\/\" target=\"_blank\" rel=\"noreferrer noopener\">Voc\u00ea pode organizar melhor o seu or\u00e7amento<\/a>.<br>&#8211; As escolas de interc\u00e2mbio oferecem v\u00e1rios benef\u00edcios para quem fecha a inscri\u00e7\u00e3o com anteced\u00eancia.<br>&#8211; \u00c9 poss\u00edvel pesquisar melhor o destino, os passeios dispon\u00edveis e atividades que voc\u00ea deseja realizar no destino.<br>&#8211; E ainda d\u00e1 para aproveitar os descontos p\u00f3s-pandemia, mesmo realizando a viagem apenas em 2023.<\/p>\n\n\n\n<hr class=\"wp-block-separator\"\/>\n\n\n\n<p class=\"has-normal-font-size wp-block-paragraph\">* Pre\u00e7os convertidos, checar c\u00e2mbio no dia do fechamento. Forma de pagamento entrada de 10% e restante parcelado no boleto com quita\u00e7\u00e3o at\u00e9 30\/60 dias antes do embarque, depende do destino, consultar. Adicionais de menores de idade e alta temporada n\u00e3o inclusos nos pacotes.<\/p>\n","protected":false},"excerpt":{"rendered":"<p><span class=\"span-reading-time rt-reading-time\" style=\"display: block;\"><span class=\"rt-label rt-prefix\">Tempo de Leitura: <\/span> <span class=\"rt-time\"> 3<\/span> <span class=\"rt-label rt-postfix\">minutos<\/span><\/span>Imagine fazer uma&nbsp;viagem de f\u00e9rias em 2023&nbsp;e ainda aprender um idioma neste per\u00edodo.H\u00e1 muitas op\u00e7\u00f5es de interc\u00e2mbio que podem ser realizados em suas f\u00e9rias, seja voc\u00ea um&nbsp;adulto ou um adolescente&nbsp;em f\u00e9rias escolares. A boa not\u00edcia \u00e9 que h\u00e1 v\u00e1rios pacotes e&nbsp;programas de interc\u00e2mbio com inscri\u00e7\u00f5es abertas. Saiba mais a seguir! Adolescente: > Idade: 13 a [&hellip;]<\/p>\n","protected":false},"author":4,"featured_media":126262,"comment_status":"closed","ping_status":"closed","sticky":false,"template":"","format":"standard","meta":{"om_disable_all_campaigns":false,"_monsterinsights_skip_tracking":false,"_monsterinsights_sitenote_active":false,"_monsterinsights_sitenote_note":"","_monsterinsights_sitenote_category":0,"_uf_show_specific_survey":0,"_uf_disable_surveys":false,"footnotes":""},"categories":[5],"tags":[76,29,30,18,33,77],"class_list":["post-126261","post","type-post","status-publish","format-standard","has-post-thumbnail","hentry","category-ferias-teen","tag-cursos-no-exterior","tag-dicas-de-intercambio","tag-estudar-no-exterior","tag-intercambio","tag-intercambio-barato","tag-planejamento"],"_links":{"self":[{"href":"https:\/\/www.bil.com.br\/blog\/wp-json\/wp\/v2\/posts\/126261","targetHints":{"allow":["GET"]}}],"collection":[{"href":"https:\/\/www.bil.com.br\/blog\/wp-json\/wp\/v2\/posts"}],"about":[{"href":"https:\/\/www.bil.com.br\/blog\/wp-json\/wp\/v2\/types\/post"}],"author":[{"embeddable":true,"href":"https:\/\/www.bil.com.br\/blog\/wp-json\/wp\/v2\/users\/4"}],"replies":[{"embeddable":true,"href":"https:\/\/www.bil.com.br\/blog\/wp-json\/wp\/v2\/comments?post=126261"}],"version-history":[{"count":0,"href":"https:\/\/www.bil.com.br\/blog\/wp-json\/wp\/v2\/posts\/126261\/revisions"}],"wp:featuredmedia":[{"embeddable":true,"href":"https:\/\/www.bil.com.br\/blog\/wp-json\/wp\/v2\/media\/126262"}],"wp:attachment":[{"href":"https:\/\/www.bil.com.br\/blog\/wp-json\/wp\/v2\/media?parent=126261"}],"wp:term":[{"taxonomy":"category","embeddable":true,"href":"https:\/\/www.bil.com.br\/blog\/wp-json\/wp\/v2\/categories?post=126261"},{"taxonomy":"post_tag","embeddable":true,"href":"https:\/\/www.bil.com.br\/blog\/wp-json\/wp\/v2\/tags?post=126261"}],"curies":[{"name":"wp","href":"https:\/\/api.w.org\/{rel}","templated":true}]}}