{"id":126610,"date":"2022-01-11T22:46:19","date_gmt":"2022-01-11T22:46:19","guid":{"rendered":"https:\/\/www.bil.com.br\/blog\/?p=126610"},"modified":"2022-01-12T17:43:23","modified_gmt":"2022-01-12T17:43:23","slug":"irlanda-descartara-exigencia-de-teste-para-entrada-de-vacinados","status":"publish","type":"post","link":"https:\/\/www.bil.com.br\/blog\/irlanda-descartara-exigencia-de-teste-para-entrada-de-vacinados\/","title":{"rendered":"Irlanda descartar\u00e1 exig\u00eancia de teste para entrada de vacinados."},"content":{"rendered":"<span class=\"span-reading-time rt-reading-time\" style=\"display: block;\"><span class=\"rt-label rt-prefix\">Tempo de Leitura: <\/span> <span class=\"rt-time\"> 2<\/span> <span class=\"rt-label rt-postfix\">minutos<\/span><\/span>\n<p class=\"wp-block-paragraph\">Em rela\u00e7\u00e3o a chegada na Irlanda, o primeiro ministro da Irlanda, Miche\u00e1l Martin, disse que o pa\u00eds deixar\u00e1 de exigir a apresenta\u00e7\u00e3o do teste negativo de covid-19 e voltar\u00e1 a pedir a&nbsp;<strong>comprova\u00e7\u00e3o da vacina\u00e7\u00e3o completa ou infec\u00e7\u00e3o recente da doen\u00e7a.<\/strong><br><br>Martin tamb\u00e9m disse que acredita que as atuais restri\u00e7\u00f5es para retardar a propaga\u00e7\u00e3o da covid-19 s\u00e3o eficazes e que ainda n\u00e3o se sabe se os chefes de sa\u00fade sugerir\u00e3o alguma outra a\u00e7\u00e3o.<br><br>Vamos acompanhar e avisamos qualquer outra novidade.<\/p>\n\n\n\n<p class=\"wp-block-paragraph\"><\/p>\n\n\n\n<hr class=\"wp-block-separator\"\/>\n\n\n\n<p class=\"has-text-align-center has-text-color has-large-font-size wp-block-paragraph\" style=\"color:#066211\">Novos sonhos nos esperam em 2022&nbsp;<img decoding=\"async\" alt=\"&#x2708;\" src=\"https:\/\/fonts.gstatic.com\/s\/e\/notoemoji\/14.0\/2708\/32.png\">&#xfe0f;<br>Confira os pacotes promocionais para Irlanda<\/p>\n\n\n\n<hr class=\"wp-block-separator\"\/>\n\n\n\n<div class=\"wp-block-media-text alignwide is-stacked-on-mobile\" style=\"grid-template-columns:35% auto\"><figure class=\"wp-block-media-text__media\"><img fetchpriority=\"high\" decoding=\"async\" width=\"250\" height=\"250\" src=\"https:\/\/www.bil.com.br\/blog\/wp-content\/uploads\/2020\/06\/dublin.jpg\" alt=\"\" class=\"wp-image-65688 size-full\" srcset=\"https:\/\/www.bil.com.br\/blog\/wp-content\/uploads\/2020\/06\/dublin.jpg 250w, https:\/\/www.bil.com.br\/blog\/wp-content\/uploads\/2020\/06\/dublin-150x150.jpg 150w, https:\/\/www.bil.com.br\/blog\/wp-content\/uploads\/2020\/06\/dublin-60x60.jpg 60w\" sizes=\"(max-width: 250px) 100vw, 250px\" \/><\/figure><div class=\"wp-block-media-text__content\">\n<p class=\"has-text-color has-large-font-size wp-block-paragraph\" style=\"color:#066211\"><strong>Dublin:<\/strong><br>a partir de 2 semanas<\/p>\n\n\n\n<p class=\"wp-block-paragraph\"><strong>Incluso:<\/strong><br>&#8211; curso de ingl\u00eas<br>&#8211; taxa de inscri\u00e7\u00e3o da escola<br>&#8211; material did\u00e1tico<br>&#8211; acomoda\u00e7\u00e3o em casa de fam\u00edlia<br>&#8211; quarto individual<br>&#8211; caf\u00e9 da manh\u00e3<br>&#8211; taxa de acomoda\u00e7\u00e3o<br>&#8211; taxa administrativa da BIL<\/p>\n\n\n\n<p class=\"has-medium-font-size wp-block-paragraph\">Entrada de R$ 1.003 + 10x R$ 533<\/p>\n<\/div><\/div>\n\n\n\n<div class=\"wp-block-buttons is-content-justification-center is-layout-flex wp-block-buttons-is-layout-flex\">\n<div class=\"wp-block-button has-custom-font-size has-medium-font-size\"><a class=\"wp-block-button__link has-background\" href=\"https:\/\/bil.com.br\/conteudo\/agendar-atendimento\/\" style=\"border-radius:50px;background-color:#066211\" target=\"_blank\" rel=\"noopener\">N\u00f3s ligamos para voc\u00ea &gt;&gt;<\/a><\/div>\n\n\n\n<div class=\"wp-block-button has-custom-font-size has-medium-font-size\"><a class=\"wp-block-button__link has-background\" href=\"https:\/\/api.whatsapp.com\/send?phone=551135958200&amp;text=Ol%C3%A1%20vi%20o%20seu%20e-mail%20com%20o%20pacote%20de%20curta%20dura%C3%A7%C3%A3o%20para%20Dublin%20s%20e%20gostaria%20de%20mais%20detalhes\" style=\"border-radius:50px;background-color:#066211\" target=\"_blank\" rel=\"noopener\">WhatsApp J\u00e1 &gt;&gt;<\/a><\/div>\n<\/div>\n\n\n\n<hr class=\"wp-block-separator\"\/>\n\n\n\n<div class=\"wp-block-media-text alignwide has-media-on-the-right is-stacked-on-mobile\" style=\"grid-template-columns:auto 35%\"><figure class=\"wp-block-media-text__media\"><img decoding=\"async\" width=\"400\" height=\"400\" src=\"https:\/\/www.bil.com.br\/blog\/wp-content\/uploads\/2021\/09\/vancouver-tecnologia7.png\" alt=\"\" class=\"wp-image-125943 size-full\" srcset=\"https:\/\/www.bil.com.br\/blog\/wp-content\/uploads\/2021\/09\/vancouver-tecnologia7.png 400w, https:\/\/www.bil.com.br\/blog\/wp-content\/uploads\/2021\/09\/vancouver-tecnologia7-300x300.png 300w, https:\/\/www.bil.com.br\/blog\/wp-content\/uploads\/2021\/09\/vancouver-tecnologia7-150x150.png 150w, https:\/\/www.bil.com.br\/blog\/wp-content\/uploads\/2021\/09\/vancouver-tecnologia7-60x60.png 60w\" sizes=\"(max-width: 400px) 100vw, 400px\" \/><\/figure><div class=\"wp-block-media-text__content\">\n<p class=\"has-text-color wp-block-paragraph\" style=\"color:#066211;font-size:28px\"><strong>Trabalho e Estudo<\/strong><br>Dura\u00e7\u00e3o: 6 meses de estudo + 2 meses de perman\u00eancia no pa\u00eds = 8 meses<\/p>\n\n\n\n<p class=\"has-text-color wp-block-paragraph\" style=\"color:#066211;font-size:28px\"><strong> &#8211; Dublin:<\/strong> Entrada de R$ 2.360<br>+ 15x R$ 1.169<\/p>\n\n\n\n<p class=\"has-text-color wp-block-paragraph\" style=\"color:#066211;font-size:28px\"><strong> &#8211; Cork: <\/strong>Entrada de R$ 2.422<br>+ 15x R$ 1.202<\/p>\n<\/div><\/div>\n\n\n\n<div class=\"wp-block-buttons is-content-justification-center is-layout-flex wp-block-buttons-is-layout-flex\">\n<div class=\"wp-block-button has-custom-font-size has-medium-font-size\"><a class=\"wp-block-button__link has-background\" href=\"https:\/\/bil.com.br\/conteudo\/agendar-atendimento\/\" style=\"border-radius:50px;background-color:#066211\" target=\"_blank\" rel=\"noopener\">N\u00f3s ligamos para voc\u00ea &gt;&gt;<\/a><\/div>\n\n\n\n<div class=\"wp-block-button has-custom-font-size has-medium-font-size\"><a class=\"wp-block-button__link has-background\" href=\"https:\/\/api.whatsapp.com\/send?phone=551135958200&amp;text=Ol%C3%A1%20vi%20o%20seu%20e-mail%20com%20o%20pacote%20para%20Londres%20e%20gostaria%20de%20mais%20detalhes\" style=\"border-radius:50px;background-color:#066211\" target=\"_blank\" rel=\"noopener\">WhatsApp J\u00e1 &gt;&gt;<\/a><\/div>\n<\/div>\n\n\n\n<hr class=\"wp-block-separator\"\/>\n\n\n\n<p class=\"has-text-align-center wp-block-paragraph\"><em>Todas as informa\u00e7\u00f5es deste e-mail&nbsp;est\u00e3o sujeitas a altera\u00e7\u00e3o sem pr\u00e9vio aviso e a disponibilidade de lugares (se aplic\u00e1vel).<\/em><\/p>\n","protected":false},"excerpt":{"rendered":"<p><span class=\"span-reading-time rt-reading-time\" style=\"display: block;\"><span class=\"rt-label rt-prefix\">Tempo de Leitura: <\/span> <span class=\"rt-time\"> 2<\/span> <span class=\"rt-label rt-postfix\">minutos<\/span><\/span>Em rela\u00e7\u00e3o a chegada na Irlanda, o primeiro ministro da Irlanda, Miche\u00e1l Martin, disse que o pa\u00eds deixar\u00e1 de exigir a apresenta\u00e7\u00e3o do teste negativo de covid-19 e voltar\u00e1 a pedir a&nbsp;comprova\u00e7\u00e3o da vacina\u00e7\u00e3o completa ou infec\u00e7\u00e3o recente da doen\u00e7a. Martin tamb\u00e9m disse que acredita que as atuais restri\u00e7\u00f5es para retardar a propaga\u00e7\u00e3o da covid-19 [&hellip;]<\/p>\n","protected":false},"author":1,"featured_media":126611,"comment_status":"open","ping_status":"open","sticky":false,"template":"","format":"standard","meta":{"om_disable_all_campaigns":false,"_monsterinsights_skip_tracking":false,"_monsterinsights_sitenote_active":false,"_monsterinsights_sitenote_note":"","_monsterinsights_sitenote_category":0,"_uf_show_specific_survey":0,"_uf_disable_surveys":false,"footnotes":""},"categories":[2],"tags":[398,400,352,337,114,92,399],"class_list":["post-126610","post","type-post","status-publish","format-standard","has-post-thumbnail","hentry","category-cursos-de-idiomas","tag-abertura-irlanda","tag-cork","tag-dublin","tag-fronteiras","tag-irlanda","tag-pandemia","tag-trabalho-e-estudo-no-exterior"],"_links":{"self":[{"href":"https:\/\/www.bil.com.br\/blog\/wp-json\/wp\/v2\/posts\/126610","targetHints":{"allow":["GET"]}}],"collection":[{"href":"https:\/\/www.bil.com.br\/blog\/wp-json\/wp\/v2\/posts"}],"about":[{"href":"https:\/\/www.bil.com.br\/blog\/wp-json\/wp\/v2\/types\/post"}],"author":[{"embeddable":true,"href":"https:\/\/www.bil.com.br\/blog\/wp-json\/wp\/v2\/users\/1"}],"replies":[{"embeddable":true,"href":"https:\/\/www.bil.com.br\/blog\/wp-json\/wp\/v2\/comments?post=126610"}],"version-history":[{"count":0,"href":"https:\/\/www.bil.com.br\/blog\/wp-json\/wp\/v2\/posts\/126610\/revisions"}],"wp:featuredmedia":[{"embeddable":true,"href":"https:\/\/www.bil.com.br\/blog\/wp-json\/wp\/v2\/media\/126611"}],"wp:attachment":[{"href":"https:\/\/www.bil.com.br\/blog\/wp-json\/wp\/v2\/media?parent=126610"}],"wp:term":[{"taxonomy":"category","embeddable":true,"href":"https:\/\/www.bil.com.br\/blog\/wp-json\/wp\/v2\/categories?post=126610"},{"taxonomy":"post_tag","embeddable":true,"href":"https:\/\/www.bil.com.br\/blog\/wp-json\/wp\/v2\/tags?post=126610"}],"curies":[{"name":"wp","href":"https:\/\/api.w.org\/{rel}","templated":true}]}}