{"id":126656,"date":"2022-01-21T18:00:09","date_gmt":"2022-01-21T18:00:09","guid":{"rendered":"https:\/\/www.bil.com.br\/blog\/?p=126656"},"modified":"2022-01-21T18:00:09","modified_gmt":"2022-01-21T18:00:09","slug":"irlanda-suica-descartara-exigencia-de-teste-para-entrada-de-vacinados-pcr","status":"publish","type":"post","link":"https:\/\/www.bil.com.br\/blog\/irlanda-suica-descartara-exigencia-de-teste-para-entrada-de-vacinados-pcr\/","title":{"rendered":"Quais pa\u00edses deixaram de exigir PCR para entrada?"},"content":{"rendered":"<span class=\"span-reading-time rt-reading-time\" style=\"display: block;\"><span class=\"rt-label rt-prefix\">Tempo de Leitura: <\/span> <span class=\"rt-time\"> 2<\/span> <span class=\"rt-label rt-postfix\">minutos<\/span><\/span>\n<p class=\"wp-block-paragraph\" style=\"font-size:18px\">Muitas novidades nos \u00faltimos dias!<\/p>\n\n\n\n<p class=\"wp-block-paragraph\" style=\"font-size:18px\">Tanto a\u00a0<strong>Irlanda quanto a Su\u00ed\u00e7a\u00a0<\/strong>atualizaram seus requisitos de entrada no pa\u00eds.<br>Ambos os pa\u00edses confirmaram que\u00a0<strong>n\u00e3o exigem mais testes negativos de Covid-19 para entrada no pa\u00eds<\/strong>.<br>Essa regra vale para pessoas totalmente vacinadas ou que se recuperaram da Covid-19 recentemente. \u00a0<br><br>Um dos motivos que ocasionaram a decis\u00e3o foi a escassez de testes no mundo inteiro.<br>Desta forma os testes dispon\u00edveis ficam reservados para quem realmente est\u00e1 precisando, pois possui sintomas da doen\u00e7a.<\/p>\n\n\n\n<p class=\"wp-block-paragraph\" style=\"font-size:18px\">O uso de m\u00e1scara continua obrigat\u00f3rio em lugares fechados em ambos os pa\u00edses.<\/p>\n\n\n\n<hr class=\"wp-block-separator\"\/>\n\n\n\n<p class=\"has-text-align-center has-text-color has-large-font-size wp-block-paragraph\" style=\"color:#35a58f\">Confiram pacotes promocionais&nbsp;<img decoding=\"async\" alt=\"&#x2708;\" src=\"https:\/\/fonts.gstatic.com\/s\/e\/notoemoji\/14.0\/2708\/32.png\">&#xfe0f;<\/p>\n\n\n\n<hr class=\"wp-block-separator\"\/>\n\n\n\n<div class=\"wp-block-media-text alignwide is-stacked-on-mobile\" style=\"grid-template-columns:35% auto\"><figure class=\"wp-block-media-text__media\"><img fetchpriority=\"high\" decoding=\"async\" width=\"400\" height=\"400\" src=\"https:\/\/www.bil.com.br\/blog\/wp-content\/uploads\/2022\/01\/destaque-dublin.png\" alt=\"\" class=\"wp-image-126657 size-full\" srcset=\"https:\/\/www.bil.com.br\/blog\/wp-content\/uploads\/2022\/01\/destaque-dublin.png 400w, https:\/\/www.bil.com.br\/blog\/wp-content\/uploads\/2022\/01\/destaque-dublin-300x300.png 300w, https:\/\/www.bil.com.br\/blog\/wp-content\/uploads\/2022\/01\/destaque-dublin-150x150.png 150w, https:\/\/www.bil.com.br\/blog\/wp-content\/uploads\/2022\/01\/destaque-dublin-60x60.png 60w\" sizes=\"(max-width: 400px) 100vw, 400px\" \/><\/figure><div class=\"wp-block-media-text__content\">\n<p class=\"has-text-color wp-block-paragraph\" style=\"color:#35a58f;font-size:28px\"><strong>Dublin<\/strong><br>(a partir de 2 semanas)<\/p>\n\n\n\n<p class=\"wp-block-paragraph\"><strong>Incluso:<\/strong><br>&#8211; curso de ingl\u00eas<br>&#8211; taxa de inscri\u00e7\u00e3o da escola<br>&#8211; material did\u00e1tico<br>&#8211; acomoda\u00e7\u00e3o em casa de fam\u00edlia<br>&#8211; quarto individual<br>&#8211; caf\u00e9 da manh\u00e3 e jantar<br>&#8211; taxa de acomoda\u00e7\u00e3o<br>&#8211; taxa administrativa da BIL<\/p>\n\n\n\n<p class=\"wp-block-paragraph\" style=\"font-size:24px\">Entrada de R$ 1.003 + 10x R$ 533<\/p>\n<\/div><\/div>\n\n\n\n<div class=\"wp-block-buttons is-content-justification-center is-layout-flex wp-block-buttons-is-layout-flex\">\n<div class=\"wp-block-button has-custom-font-size has-medium-font-size\"><a class=\"wp-block-button__link has-background\" href=\"https:\/\/bil.com.br\/conteudo\/agendar-atendimento\/\" style=\"border-radius:50px;background-color:#35a58f\" target=\"_blank\" rel=\"noopener\">N\u00f3s ligamos para voc\u00ea &gt;&gt;<\/a><\/div>\n\n\n\n<div class=\"wp-block-button has-custom-font-size has-medium-font-size\"><a class=\"wp-block-button__link has-background\" href=\"https:\/\/api.whatsapp.com\/send?phone=551135958200&amp;text=Gostaria%20de%20mais%20informa%C3%A7%C3%B5es%20sobre%20interc%C3%A2mbio%20em%20Dublin\" style=\"border-radius:50px;background-color:#35a58f\" target=\"_blank\" rel=\"noopener\">WhatsApp J\u00e1 &gt;&gt;<\/a><\/div>\n<\/div>\n\n\n\n<hr class=\"wp-block-separator\"\/>\n\n\n\n<div class=\"wp-block-media-text alignwide has-media-on-the-right is-stacked-on-mobile\" style=\"grid-template-columns:auto 35%\"><figure class=\"wp-block-media-text__media\"><img decoding=\"async\" width=\"400\" height=\"400\" src=\"https:\/\/www.bil.com.br\/blog\/wp-content\/uploads\/2022\/01\/destaque-zurich.png\" alt=\"\" class=\"wp-image-126659 size-full\" srcset=\"https:\/\/www.bil.com.br\/blog\/wp-content\/uploads\/2022\/01\/destaque-zurich.png 400w, https:\/\/www.bil.com.br\/blog\/wp-content\/uploads\/2022\/01\/destaque-zurich-300x300.png 300w, https:\/\/www.bil.com.br\/blog\/wp-content\/uploads\/2022\/01\/destaque-zurich-150x150.png 150w, https:\/\/www.bil.com.br\/blog\/wp-content\/uploads\/2022\/01\/destaque-zurich-60x60.png 60w\" sizes=\"(max-width: 400px) 100vw, 400px\" \/><\/figure><div class=\"wp-block-media-text__content\">\n<p class=\"has-text-color wp-block-paragraph\" style=\"color:#35a58f;font-size:28px\"><strong>Zurich<\/strong><br>(a partir de 2 semanas)<\/p>\n\n\n\n<p class=\"wp-block-paragraph\"><strong>Incluso:<\/strong><br>&#8211; curso de alem\u00e3o<br>&#8211; taxa de inscri\u00e7\u00e3o da escola<br>&#8211; material did\u00e1tico<br>&#8211; acomoda\u00e7\u00e3o em casa de fam\u00edlia<br>&#8211; quarto individual<br>&#8211; caf\u00e9 da manh\u00e3<br>&#8211; taxa de acomoda\u00e7\u00e3o<br>&#8211; taxa administrativa da BIL<\/p>\n\n\n\n<p class=\"wp-block-paragraph\" style=\"font-size:24px\">Entrada de R$ 1.416 + 10x R$ 918<\/p>\n<\/div><\/div>\n\n\n\n<div class=\"wp-block-buttons is-content-justification-center is-layout-flex wp-block-buttons-is-layout-flex\">\n<div class=\"wp-block-button has-custom-font-size has-medium-font-size\"><a class=\"wp-block-button__link has-background\" href=\"https:\/\/bil.com.br\/conteudo\/agendar-atendimento\/\" style=\"border-radius:50px;background-color:#35a58f\" target=\"_blank\" rel=\"noopener\">N\u00f3s ligamos para voc\u00ea &gt;&gt;<\/a><\/div>\n\n\n\n<div class=\"wp-block-button has-custom-font-size has-medium-font-size\"><a class=\"wp-block-button__link has-background\" href=\"https:\/\/api.whatsapp.com\/send?phone=551135958200&amp;text=Gostaria%20de%20mais%20informa%C3%A7%C3%B5es%20sobre%20interc%C3%A2mbio%20em%20Zurich\" style=\"border-radius:50px;background-color:#35a58f\" target=\"_blank\" rel=\"noopener\">WhatsApp J\u00e1 &gt;&gt;<\/a><\/div>\n<\/div>\n\n\n\n<hr class=\"wp-block-separator\"\/>\n\n\n\n<div class=\"wp-block-media-text alignwide is-stacked-on-mobile\" style=\"grid-template-columns:35% auto\"><figure class=\"wp-block-media-text__media\"><img decoding=\"async\" width=\"400\" height=\"400\" src=\"https:\/\/www.bil.com.br\/blog\/wp-content\/uploads\/2022\/01\/destaque-work-and-study.png\" alt=\"\" class=\"wp-image-126658 size-full\" srcset=\"https:\/\/www.bil.com.br\/blog\/wp-content\/uploads\/2022\/01\/destaque-work-and-study.png 400w, https:\/\/www.bil.com.br\/blog\/wp-content\/uploads\/2022\/01\/destaque-work-and-study-300x300.png 300w, https:\/\/www.bil.com.br\/blog\/wp-content\/uploads\/2022\/01\/destaque-work-and-study-150x150.png 150w, https:\/\/www.bil.com.br\/blog\/wp-content\/uploads\/2022\/01\/destaque-work-and-study-60x60.png 60w\" sizes=\"(max-width: 400px) 100vw, 400px\" \/><\/figure><div class=\"wp-block-media-text__content\">\n<p class=\"has-text-color wp-block-paragraph\" style=\"color:#35a58f;font-size:28px\"><strong>Trabalho e Estudo<\/strong><br>Dura\u00e7\u00e3o: 6 meses de estudo + 2 meses de perman\u00eancia no pa\u00eds = 8 meses<\/p>\n\n\n\n<p class=\"has-black-color has-text-color wp-block-paragraph\" style=\"font-size:24px\"><strong> &#8211; Dublin:<\/strong> Entrada de R$ 2.360<br>+ 15x R$ 1.169<\/p>\n\n\n\n<p class=\"has-black-color has-text-color wp-block-paragraph\" style=\"font-size:24px\"><strong> &#8211; Cork: <\/strong>Entrada de R$ 2.422<br>+ 15x R$ 1.202<\/p>\n<\/div><\/div>\n\n\n\n<div class=\"wp-block-buttons is-content-justification-center is-layout-flex wp-block-buttons-is-layout-flex\">\n<div class=\"wp-block-button has-custom-font-size has-medium-font-size\"><a class=\"wp-block-button__link has-background\" href=\"https:\/\/bil.com.br\/conteudo\/agendar-atendimento\/\" style=\"border-radius:50px;background-color:#35a58f\" target=\"_blank\" rel=\"noopener\">N\u00f3s ligamos para voc\u00ea &gt;&gt;<\/a><\/div>\n\n\n\n<div class=\"wp-block-button has-custom-font-size has-medium-font-size\"><a class=\"wp-block-button__link has-background\" href=\"https:\/\/api.whatsapp.com\/send?phone=551135958200&amp;text=Gostaria%20de%20mais%20informa%C3%A7%C3%B5es%20sobre%20interc%C3%A2mbios%20de%20trabalho%20e%20estudo%20na%20Irlanda\" style=\"border-radius:50px;background-color:#35a58f\" target=\"_blank\" rel=\"noopener\">WhatsApp J\u00e1 &gt;&gt;<\/a><\/div>\n<\/div>\n\n\n\n<hr class=\"wp-block-separator\"\/>\n\n\n\n<p class=\"has-text-align-center wp-block-paragraph\"><em>Todas as informa\u00e7\u00f5es deste e-mail&nbsp;est\u00e3o sujeitas a altera\u00e7\u00e3o sem pr\u00e9vio aviso e a disponibilidade de lugares (se aplic\u00e1vel).<\/em><\/p>\n","protected":false},"excerpt":{"rendered":"<p><span class=\"span-reading-time rt-reading-time\" style=\"display: block;\"><span class=\"rt-label rt-prefix\">Tempo de Leitura: <\/span> <span class=\"rt-time\"> 2<\/span> <span class=\"rt-label rt-postfix\">minutos<\/span><\/span>Muitas novidades nos \u00faltimos dias! Tanto a\u00a0Irlanda quanto a Su\u00ed\u00e7a\u00a0atualizaram seus requisitos de entrada no pa\u00eds.Ambos os pa\u00edses confirmaram que\u00a0n\u00e3o exigem mais testes negativos de Covid-19 para entrada no pa\u00eds.Essa regra vale para pessoas totalmente vacinadas ou que se recuperaram da Covid-19 recentemente. \u00a0 Um dos motivos que ocasionaram a decis\u00e3o foi a escassez de [&hellip;]<\/p>\n","protected":false},"author":4,"featured_media":126668,"comment_status":"open","ping_status":"open","sticky":false,"template":"","format":"standard","meta":{"om_disable_all_campaigns":false,"_monsterinsights_skip_tracking":false,"_monsterinsights_sitenote_active":false,"_monsterinsights_sitenote_note":"","_monsterinsights_sitenote_category":0,"_uf_show_specific_survey":0,"_uf_disable_surveys":false,"footnotes":""},"categories":[2],"tags":[398,400,352,337,114,92,399],"class_list":["post-126656","post","type-post","status-publish","format-standard","has-post-thumbnail","hentry","category-cursos-de-idiomas","tag-abertura-irlanda","tag-cork","tag-dublin","tag-fronteiras","tag-irlanda","tag-pandemia","tag-trabalho-e-estudo-no-exterior"],"_links":{"self":[{"href":"https:\/\/www.bil.com.br\/blog\/wp-json\/wp\/v2\/posts\/126656","targetHints":{"allow":["GET"]}}],"collection":[{"href":"https:\/\/www.bil.com.br\/blog\/wp-json\/wp\/v2\/posts"}],"about":[{"href":"https:\/\/www.bil.com.br\/blog\/wp-json\/wp\/v2\/types\/post"}],"author":[{"embeddable":true,"href":"https:\/\/www.bil.com.br\/blog\/wp-json\/wp\/v2\/users\/4"}],"replies":[{"embeddable":true,"href":"https:\/\/www.bil.com.br\/blog\/wp-json\/wp\/v2\/comments?post=126656"}],"version-history":[{"count":0,"href":"https:\/\/www.bil.com.br\/blog\/wp-json\/wp\/v2\/posts\/126656\/revisions"}],"wp:featuredmedia":[{"embeddable":true,"href":"https:\/\/www.bil.com.br\/blog\/wp-json\/wp\/v2\/media\/126668"}],"wp:attachment":[{"href":"https:\/\/www.bil.com.br\/blog\/wp-json\/wp\/v2\/media?parent=126656"}],"wp:term":[{"taxonomy":"category","embeddable":true,"href":"https:\/\/www.bil.com.br\/blog\/wp-json\/wp\/v2\/categories?post=126656"},{"taxonomy":"post_tag","embeddable":true,"href":"https:\/\/www.bil.com.br\/blog\/wp-json\/wp\/v2\/tags?post=126656"}],"curies":[{"name":"wp","href":"https:\/\/api.w.org\/{rel}","templated":true}]}}