{"id":126699,"date":"2022-01-24T20:43:50","date_gmt":"2022-01-24T20:43:50","guid":{"rendered":"https:\/\/www.bil.com.br\/blog\/?p=126699"},"modified":"2022-01-26T12:57:09","modified_gmt":"2022-01-26T12:57:09","slug":"bil-treinamento-e-reciclagem-para-canada","status":"publish","type":"post","link":"https:\/\/www.bil.com.br\/blog\/bil-treinamento-e-reciclagem-para-canada\/","title":{"rendered":"BIL &#8211; Treinamento e reciclagem para Canad\u00e1"},"content":{"rendered":"<span class=\"span-reading-time rt-reading-time\" style=\"display: block;\"><span class=\"rt-label rt-prefix\">Tempo de Leitura: <\/span> <span class=\"rt-time\"> &lt; 1<\/span> <span class=\"rt-label rt-postfix\">minuto<\/span><\/span>\n<p class=\"wp-block-paragraph\">Caros clientes, parceiros e fornecedores,<\/p>\n\n\n\n<p class=\"wp-block-paragraph\">Pensando em voc\u00eas, nosso Diretor de Marketing, Thiago Tanus, acaba de retornar do Canad\u00e1, ap\u00f3s visitas em Banff, Calgary, Vancouver e Toronto, com muito conhecimento, novidades e melhorias nos produtos BIL Interc\u00e2mbios.<\/p>\n\n\n\n<p class=\"wp-block-paragraph\"><\/p>\n\n\n\n<p class=\"wp-block-paragraph\">Os objetivos da viagem foram:<\/p>\n\n\n\n<p class=\"wp-block-paragraph\">&#8211; entender perfeitamente as novas condi\u00e7\u00f5es do Canad\u00e1 em rela\u00e7\u00e3o a vacinas e testes COVID.<\/p>\n\n\n\n<p class=\"wp-block-paragraph\">&#8211; melhorar o entendimento entre as condi\u00e7\u00f5es de cada prov\u00edncia canadense.<\/p>\n\n\n\n<p class=\"wp-block-paragraph\">&#8211; conhecer novos parceiros no Canad\u00e1.<\/p>\n\n\n\n<p class=\"wp-block-paragraph\">&#8211; visita\u00e7\u00e3o a escolas canadenses com objetivo de ver presencialmente a rotina das escolas.<\/p>\n\n\n\n<p class=\"wp-block-paragraph\">&#8211; contato com representantes da AirCanada.<\/p>\n\n\n\n<p class=\"wp-block-paragraph\">&#8211; abrang\u00eancia de seguros de sa\u00fade para casos de COVID positivo (franquia para hoteis).<\/p>\n\n\n\n<p class=\"wp-block-paragraph\"><\/p>\n\n\n\n<p class=\"wp-block-paragraph\">Foram mais de 32 reuni\u00f5es, 11 encontros e 14 escolas visitadas em 5 dias de viagem.<\/p>\n\n\n\n<p class=\"wp-block-paragraph\"><\/p>\n\n\n\n<p class=\"wp-block-paragraph\">Este \u00e9 o comprometimento da BIL com seus clientes: trabalho, conhecimento e seriedade.<\/p>\n\n\n\n<p class=\"wp-block-paragraph\"><\/p>\n\n\n\n<p class=\"wp-block-paragraph\">Tem d\u00favidas sobre vistos, vacinas, testes, hot\u00e9is e passagens a\u00e9reas? Agende seu atendimento clicando <strong><a href=\"https:\/\/bil.com.br\/conteudo\/agendar-atendimento\/\" target=\"_blank\" rel=\"noopener\">aqui<\/a><\/strong><\/p>\n\n\n\n<p class=\"wp-block-paragraph\"><\/p>\n\n\n\n<p class=\"wp-block-paragraph\">BIL Interc\u00e2mbios<\/p>\n\n\n\n<figure class=\"wp-block-image size-full\"><a href=\"https:\/\/www.bil.com.br\/blog\/wp-content\/uploads\/2022\/01\/2.jpg\"><img fetchpriority=\"high\" decoding=\"async\" width=\"480\" height=\"640\" src=\"https:\/\/www.bil.com.br\/blog\/wp-content\/uploads\/2022\/01\/2.jpg\" alt=\"\" class=\"wp-image-126702\" srcset=\"https:\/\/www.bil.com.br\/blog\/wp-content\/uploads\/2022\/01\/2.jpg 480w, https:\/\/www.bil.com.br\/blog\/wp-content\/uploads\/2022\/01\/2-225x300.jpg 225w\" sizes=\"(max-width: 480px) 100vw, 480px\" \/><\/a><figcaption>AirCanada e BIL Interc\u00e2mbios<\/figcaption><\/figure>\n","protected":false},"excerpt":{"rendered":"<p><span class=\"span-reading-time rt-reading-time\" style=\"display: block;\"><span class=\"rt-label rt-prefix\">Tempo de Leitura: <\/span> <span class=\"rt-time\"> &lt; 1<\/span> <span class=\"rt-label rt-postfix\">minuto<\/span><\/span>Caros clientes, parceiros e fornecedores, Pensando em voc\u00eas, nosso Diretor de Marketing, Thiago Tanus, acaba de retornar do Canad\u00e1, ap\u00f3s visitas em Banff, Calgary, Vancouver e Toronto, com muito conhecimento, novidades e melhorias nos produtos BIL Interc\u00e2mbios. Os objetivos da viagem foram: &#8211; entender perfeitamente as novas condi\u00e7\u00f5es do Canad\u00e1 em rela\u00e7\u00e3o a vacinas e [&hellip;]<\/p>\n","protected":false},"author":1,"featured_media":126701,"comment_status":"open","ping_status":"open","sticky":false,"template":"","format":"standard","meta":{"om_disable_all_campaigns":false,"_monsterinsights_skip_tracking":false,"_monsterinsights_sitenote_active":false,"_monsterinsights_sitenote_note":"","_monsterinsights_sitenote_category":0,"_uf_show_specific_survey":0,"_uf_disable_surveys":false,"footnotes":""},"categories":[78],"tags":[29,30,18,92],"class_list":["post-126699","post","type-post","status-publish","format-standard","has-post-thumbnail","hentry","category-bil-informa","tag-dicas-de-intercambio","tag-estudar-no-exterior","tag-intercambio","tag-pandemia"],"_links":{"self":[{"href":"https:\/\/www.bil.com.br\/blog\/wp-json\/wp\/v2\/posts\/126699","targetHints":{"allow":["GET"]}}],"collection":[{"href":"https:\/\/www.bil.com.br\/blog\/wp-json\/wp\/v2\/posts"}],"about":[{"href":"https:\/\/www.bil.com.br\/blog\/wp-json\/wp\/v2\/types\/post"}],"author":[{"embeddable":true,"href":"https:\/\/www.bil.com.br\/blog\/wp-json\/wp\/v2\/users\/1"}],"replies":[{"embeddable":true,"href":"https:\/\/www.bil.com.br\/blog\/wp-json\/wp\/v2\/comments?post=126699"}],"version-history":[{"count":0,"href":"https:\/\/www.bil.com.br\/blog\/wp-json\/wp\/v2\/posts\/126699\/revisions"}],"wp:featuredmedia":[{"embeddable":true,"href":"https:\/\/www.bil.com.br\/blog\/wp-json\/wp\/v2\/media\/126701"}],"wp:attachment":[{"href":"https:\/\/www.bil.com.br\/blog\/wp-json\/wp\/v2\/media?parent=126699"}],"wp:term":[{"taxonomy":"category","embeddable":true,"href":"https:\/\/www.bil.com.br\/blog\/wp-json\/wp\/v2\/categories?post=126699"},{"taxonomy":"post_tag","embeddable":true,"href":"https:\/\/www.bil.com.br\/blog\/wp-json\/wp\/v2\/tags?post=126699"}],"curies":[{"name":"wp","href":"https:\/\/api.w.org\/{rel}","templated":true}]}}