{"id":126996,"date":"2022-03-23T16:45:32","date_gmt":"2022-03-23T16:45:32","guid":{"rendered":"https:\/\/www.bil.com.br\/blog\/?p=126996"},"modified":"2022-03-23T17:21:37","modified_gmt":"2022-03-23T17:21:37","slug":"espanha-cursos-certificado-intercabio-chegada","status":"publish","type":"post","link":"https:\/\/www.bil.com.br\/blog\/espanha-cursos-certificado-intercabio-chegada\/","title":{"rendered":"O que eu preciso para viajar \u00e0 Espanha?"},"content":{"rendered":"<span class=\"span-reading-time rt-reading-time\" style=\"display: block;\"><span class=\"rt-label rt-prefix\">Tempo de Leitura: <\/span> <span class=\"rt-time\"> 2<\/span> <span class=\"rt-label rt-postfix\">minutos<\/span><\/span>\n<p class=\"wp-block-paragraph\">Qualquer pessoa, independentemente de sua nacionalidade, poder\u00e1 viajar para Espanha&nbsp;<strong>com comprovante de vacina\u00e7\u00e3o<\/strong>&nbsp;emitido pelas autoridades competentes.<br><br>Os imunizantes aceitos s\u00e3o: Pfizer-Biontech, Moderna, AstraZeneca, Jansen\/Johnson&amp;Johnson, Sinovac\/Coronavac e Sinopharm.<br>Lembrando que a prote\u00e7\u00e3o completa da vacina se d\u00e1 14 dias ap\u00f3s o recebimento do esquema vacinal completo.<br><br>Os&nbsp;<strong>n\u00e3o vacinados dever\u00e3o apresentar teste negativo<\/strong>&nbsp;de PCR covid-19 realizado 72 horas antes da chegada na Espanha, teste de ant\u00edgeno realizado 48 horas antes do desembarque ou certificado de recupera\u00e7\u00e3o (de no m\u00e1ximo 180 dias a partir da data da toma da amostra).<br><br>Os certificados dever\u00e3o estar em espanhol, ingl\u00eas, franc\u00eas ou alem\u00e3o.<br>Veja abaixo como obter o seu certificado:<\/p>\n\n\n\n<figure class=\"wp-block-embed is-type-video is-provider-youtube wp-block-embed-youtube wp-embed-aspect-16-9 wp-has-aspect-ratio\"><div class=\"wp-block-embed__wrapper\">\n<iframe title=\"ConecteSUS\" width=\"800\" height=\"450\" src=\"https:\/\/www.youtube.com\/embed\/1sN1GXrjxgo?feature=oembed\" frameborder=\"0\" allow=\"accelerometer; autoplay; clipboard-write; encrypted-media; gyroscope; picture-in-picture; web-share\" referrerpolicy=\"strict-origin-when-cross-origin\" allowfullscreen><\/iframe>\n<\/div><figcaption>Como obter seu certificado<\/figcaption><\/figure>\n\n\n\n<p class=\"wp-block-paragraph\">Tamb\u00e9m \u00e9&nbsp;<strong>obrigat\u00f3rio preencher o formul\u00e1rio<\/strong>&nbsp;<strong>de sa\u00fade<\/strong>&nbsp;<a href=\"http:\/\/www.spth.gob.es\/\" target=\"_blank\" rel=\"noreferrer noopener\">www.spth.gob.es<\/a>&nbsp;e, uma vez preenchido, obter\u00e1 um c\u00f3digo QR, que deve apresentar no momento do embarque e na chegada na Espanha.<br>&nbsp;<br>No caso de&nbsp;crian\u00e7as menores de 12 anos&nbsp;, podem viajar sem comprovante de vacina\u00e7\u00e3o se acompanharem pessoas j\u00e1 vacinadas ou autorizadas a viajar. N\u00e3o precisar\u00e3o apresentar PCR ou teste de ant\u00edgeno negativo, mas precisar\u00e3o do formul\u00e1rio de controle sanit\u00e1rio conforme indicado abaixo. <a href=\"https:\/\/www.exteriores.gob.es\/Consulados\/saopaulo\/es\/Comunicacion\/Noticias\/Paginas\/Articulos\/RESTRICCIONES-DE-ENTRADA-A-ESPA%c3%91A-Y-REGLAS-SANITARIAS-A-LA-LLEGADA-A-ESPA%c3%91A.aspx\" target=\"_blank\" rel=\"noopener\">Clique aqui para mais informa\u00e7\u00f5es.<\/a><\/p>\n\n\n\n<hr class=\"wp-block-separator\"\/>\n\n\n\n<p class=\"has-text-align-center has-vivid-red-color has-text-color has-large-font-size wp-block-paragraph\"><strong>Planeje seu interc\u00e2mbio para 2022!<\/strong><br>Confira os pacotes promocionais<\/p>\n\n\n\n<hr class=\"wp-block-separator\"\/>\n\n\n\n<div class=\"wp-block-media-text alignwide is-stacked-on-mobile\" style=\"grid-template-columns:45% auto\"><figure class=\"wp-block-media-text__media\"><img fetchpriority=\"high\" decoding=\"async\" width=\"600\" height=\"600\" src=\"https:\/\/www.bil.com.br\/blog\/wp-content\/uploads\/2021\/08\/barcelona.jpg\" alt=\"\" class=\"wp-image-125807 size-full\" srcset=\"https:\/\/www.bil.com.br\/blog\/wp-content\/uploads\/2021\/08\/barcelona.jpg 600w, https:\/\/www.bil.com.br\/blog\/wp-content\/uploads\/2021\/08\/barcelona-300x300.jpg 300w, https:\/\/www.bil.com.br\/blog\/wp-content\/uploads\/2021\/08\/barcelona-150x150.jpg 150w, https:\/\/www.bil.com.br\/blog\/wp-content\/uploads\/2021\/08\/barcelona-60x60.jpg 60w\" sizes=\"(max-width: 600px) 100vw, 600px\" \/><\/figure><div class=\"wp-block-media-text__content\">\n<h1 class=\"has-vivid-red-color has-text-color wp-block-heading\">Barcelona<\/h1>\n\n\n\n<p class=\"wp-block-paragraph\" style=\"font-size:18px\">2 semanas, incluso:<br>&#8211; curso de espanhol<br>&#8211; taxa de inscri\u00e7\u00e3o da escola<br>&#8211; material did\u00e1tico<br>&#8211; acomoda\u00e7\u00e3o em casa de fam\u00edlia<br>&#8211; quarto individual<br>&#8211; caf\u00e9 da manh\u00e3 e jantar<br>&#8211; taxa de acomoda\u00e7\u00e3o<br>&#8211; taxa administrativa<\/p>\n\n\n\n<p class=\"has-vivid-red-color has-text-color wp-block-paragraph\" style=\"font-size:24px\"><strong>Entrada R$ 984+ 12x R$ 460<\/strong><\/p>\n<\/div><\/div>\n\n\n\n<div class=\"wp-block-buttons is-horizontal is-content-justification-center is-layout-flex wp-container-core-buttons-is-layout-cbcdc57d wp-block-buttons-is-layout-flex\">\n<div class=\"wp-block-button has-custom-font-size has-medium-font-size\"><a class=\"wp-block-button__link has-black-color has-luminous-vivid-amber-background-color has-text-color has-background\" href=\"https:\/\/bil.com.br\/conteudo\/agendar-atendimento\/\" style=\"border-radius:50px\" target=\"_blank\" rel=\"noopener\">N\u00f3s ligamos para voc\u00ea &gt;&gt;<\/a><\/div>\n\n\n\n<div class=\"wp-block-button has-custom-font-size has-medium-font-size\"><a class=\"wp-block-button__link has-black-color has-luminous-vivid-amber-background-color has-text-color has-background\" href=\"https:\/\/api.whatsapp.com\/send?phone=551135958200&amp;text=Gostaria%20de%20mais%20informa%C3%A7%C3%B5es%20sobre%20interc%C3%A2mbios%20na%20Espanha\" style=\"border-radius:50px\" target=\"_blank\" rel=\"noopener\">WhatsApp J\u00e1 &gt;&gt;<\/a><\/div>\n<\/div>\n\n\n\n<hr class=\"wp-block-separator\"\/>\n\n\n\n<div class=\"wp-block-media-text alignwide has-media-on-the-right is-stacked-on-mobile\" style=\"grid-template-columns:auto 45%\"><figure class=\"wp-block-media-text__media\"><img decoding=\"async\" width=\"400\" height=\"400\" src=\"https:\/\/www.bil.com.br\/blog\/wp-content\/uploads\/2022\/03\/destaque-salamanca.png\" alt=\"\" class=\"wp-image-126997 size-full\" srcset=\"https:\/\/www.bil.com.br\/blog\/wp-content\/uploads\/2022\/03\/destaque-salamanca.png 400w, https:\/\/www.bil.com.br\/blog\/wp-content\/uploads\/2022\/03\/destaque-salamanca-300x300.png 300w, https:\/\/www.bil.com.br\/blog\/wp-content\/uploads\/2022\/03\/destaque-salamanca-150x150.png 150w, https:\/\/www.bil.com.br\/blog\/wp-content\/uploads\/2022\/03\/destaque-salamanca-60x60.png 60w\" sizes=\"(max-width: 400px) 100vw, 400px\" \/><\/figure><div class=\"wp-block-media-text__content\">\n<h1 class=\"has-vivid-red-color has-text-color wp-block-heading\">Salamanca<\/h1>\n\n\n\n<p class=\"wp-block-paragraph\" style=\"font-size:18px\">2 semanas, incluso:<br>&#8211; curso de espanhol<br>&#8211; taxa de inscri\u00e7\u00e3o da escola<br>&#8211; material did\u00e1tico<br>&#8211; acomoda\u00e7\u00e3o em casa de fam\u00edlia<br>&#8211; quarto individual<br>&#8211; caf\u00e9 da manh\u00e3 e jantar<br>&#8211; taxa de acomoda\u00e7\u00e3o<br>&#8211; taxa administrativa<\/p>\n\n\n\n<p class=\"has-vivid-red-color has-text-color wp-block-paragraph\" style=\"font-size:24px\"><strong>Entrada R$ 897+ 12x R$ 393<\/strong><\/p>\n<\/div><\/div>\n\n\n\n<div class=\"wp-block-buttons is-horizontal is-content-justification-center is-layout-flex wp-container-core-buttons-is-layout-cbcdc57d wp-block-buttons-is-layout-flex\">\n<div class=\"wp-block-button has-custom-font-size has-medium-font-size\"><a class=\"wp-block-button__link has-black-color has-luminous-vivid-amber-background-color has-text-color has-background\" href=\"https:\/\/bil.com.br\/conteudo\/agendar-atendimento\/\" style=\"border-radius:50px\" target=\"_blank\" rel=\"noopener\">N\u00f3s ligamos para voc\u00ea &gt;&gt;<\/a><\/div>\n\n\n\n<div class=\"wp-block-button has-custom-font-size has-medium-font-size\"><a class=\"wp-block-button__link has-black-color has-luminous-vivid-amber-background-color has-text-color has-background\" href=\"https:\/\/api.whatsapp.com\/send?phone=551135958200&amp;text=Gostaria%20de%20mais%20informa%C3%A7%C3%B5es%20sobre%20interc%C3%A2mbios%20na%20Espanha\" style=\"border-radius:50px\" target=\"_blank\" rel=\"noopener\">WhatsApp J\u00e1 &gt;&gt;<\/a><\/div>\n<\/div>\n\n\n\n<hr class=\"wp-block-separator\"\/>\n\n\n\n<div class=\"wp-block-media-text alignwide is-stacked-on-mobile\" style=\"grid-template-columns:45% auto\"><figure class=\"wp-block-media-text__media\"><img decoding=\"async\" width=\"600\" height=\"600\" src=\"https:\/\/www.bil.com.br\/blog\/wp-content\/uploads\/2021\/08\/madrid.jpg\" alt=\"\" class=\"wp-image-125808 size-full\" srcset=\"https:\/\/www.bil.com.br\/blog\/wp-content\/uploads\/2021\/08\/madrid.jpg 600w, https:\/\/www.bil.com.br\/blog\/wp-content\/uploads\/2021\/08\/madrid-300x300.jpg 300w, https:\/\/www.bil.com.br\/blog\/wp-content\/uploads\/2021\/08\/madrid-150x150.jpg 150w, https:\/\/www.bil.com.br\/blog\/wp-content\/uploads\/2021\/08\/madrid-60x60.jpg 60w\" sizes=\"(max-width: 600px) 100vw, 600px\" \/><\/figure><div class=\"wp-block-media-text__content\">\n<h1 class=\"has-vivid-red-color has-text-color wp-block-heading\">Madrid<\/h1>\n\n\n\n<p class=\"wp-block-paragraph\" style=\"font-size:18px\">2 semanas, incluso:<br>&#8211; curso de espanhol<br>&#8211; taxa de inscri\u00e7\u00e3o da escola<br>&#8211; material did\u00e1tico<br>&#8211; acomoda\u00e7\u00e3o em casa de fam\u00edlia<br>&#8211; quarto individual<br>&#8211; caf\u00e9 da manh\u00e3 e jantar<br>&#8211; taxa de acomoda\u00e7\u00e3o<br>&#8211; taxa administrativa<\/p>\n\n\n\n<p class=\"has-vivid-red-color has-text-color wp-block-paragraph\" style=\"font-size:24px\"><strong>Entrada R$ 983+ 12x R$ 459<\/strong><\/p>\n<\/div><\/div>\n\n\n\n<div class=\"wp-block-buttons is-horizontal is-content-justification-center is-layout-flex wp-container-core-buttons-is-layout-cbcdc57d wp-block-buttons-is-layout-flex\">\n<div class=\"wp-block-button has-custom-font-size has-medium-font-size\"><a class=\"wp-block-button__link has-black-color has-luminous-vivid-amber-background-color has-text-color has-background\" href=\"https:\/\/bil.com.br\/conteudo\/agendar-atendimento\/\" style=\"border-radius:50px\" target=\"_blank\" rel=\"noopener\">N\u00f3s ligamos para voc\u00ea &gt;&gt;<\/a><\/div>\n\n\n\n<div class=\"wp-block-button has-custom-font-size has-medium-font-size\"><a class=\"wp-block-button__link has-black-color has-luminous-vivid-amber-background-color has-text-color has-background\" href=\"https:\/\/api.whatsapp.com\/send?phone=551135958200&amp;text=Gostaria%20de%20mais%20informa%C3%A7%C3%B5es%20sobre%20interc%C3%A2mbios%20na%20Espanha\" style=\"border-radius:50px\" target=\"_blank\" rel=\"noopener\">WhatsApp J\u00e1 &gt;&gt;<\/a><\/div>\n<\/div>\n\n\n\n<hr class=\"wp-block-separator\"\/>\n\n\n\n<p class=\"has-text-align-center has-small-font-size wp-block-paragraph\"><em>Todas as informa\u00e7\u00f5es deste e-mail&nbsp;est\u00e3o sujeitas a altera\u00e7\u00e3o sem pr\u00e9vio aviso e a disponibilidade de lugares (se aplic\u00e1vel).<\/em><\/p>\n","protected":false},"excerpt":{"rendered":"<p><span class=\"span-reading-time rt-reading-time\" style=\"display: block;\"><span class=\"rt-label rt-prefix\">Tempo de Leitura: <\/span> <span class=\"rt-time\"> 2<\/span> <span class=\"rt-label rt-postfix\">minutos<\/span><\/span>Qualquer pessoa, independentemente de sua nacionalidade, poder\u00e1 viajar para Espanha&nbsp;com comprovante de vacina\u00e7\u00e3o&nbsp;emitido pelas autoridades competentes. Os imunizantes aceitos s\u00e3o: Pfizer-Biontech, Moderna, AstraZeneca, Jansen\/Johnson&amp;Johnson, Sinovac\/Coronavac e Sinopharm.Lembrando que a prote\u00e7\u00e3o completa da vacina se d\u00e1 14 dias ap\u00f3s o recebimento do esquema vacinal completo. Os&nbsp;n\u00e3o vacinados dever\u00e3o apresentar teste negativo&nbsp;de PCR covid-19 realizado 72 horas [&hellip;]<\/p>\n","protected":false},"author":1,"featured_media":127003,"comment_status":"open","ping_status":"open","sticky":false,"template":"","format":"standard","meta":{"om_disable_all_campaigns":false,"_monsterinsights_skip_tracking":false,"_monsterinsights_sitenote_active":false,"_monsterinsights_sitenote_note":"","_monsterinsights_sitenote_category":0,"_uf_show_specific_survey":0,"_uf_disable_surveys":false,"footnotes":""},"categories":[2],"tags":[29,30,337,18,177,92,77],"class_list":["post-126996","post","type-post","status-publish","format-standard","has-post-thumbnail","hentry","category-cursos-de-idiomas","tag-dicas-de-intercambio","tag-estudar-no-exterior","tag-fronteiras","tag-intercambio","tag-intercambio-2022","tag-pandemia","tag-planejamento"],"_links":{"self":[{"href":"https:\/\/www.bil.com.br\/blog\/wp-json\/wp\/v2\/posts\/126996","targetHints":{"allow":["GET"]}}],"collection":[{"href":"https:\/\/www.bil.com.br\/blog\/wp-json\/wp\/v2\/posts"}],"about":[{"href":"https:\/\/www.bil.com.br\/blog\/wp-json\/wp\/v2\/types\/post"}],"author":[{"embeddable":true,"href":"https:\/\/www.bil.com.br\/blog\/wp-json\/wp\/v2\/users\/1"}],"replies":[{"embeddable":true,"href":"https:\/\/www.bil.com.br\/blog\/wp-json\/wp\/v2\/comments?post=126996"}],"version-history":[{"count":0,"href":"https:\/\/www.bil.com.br\/blog\/wp-json\/wp\/v2\/posts\/126996\/revisions"}],"wp:featuredmedia":[{"embeddable":true,"href":"https:\/\/www.bil.com.br\/blog\/wp-json\/wp\/v2\/media\/127003"}],"wp:attachment":[{"href":"https:\/\/www.bil.com.br\/blog\/wp-json\/wp\/v2\/media?parent=126996"}],"wp:term":[{"taxonomy":"category","embeddable":true,"href":"https:\/\/www.bil.com.br\/blog\/wp-json\/wp\/v2\/categories?post=126996"},{"taxonomy":"post_tag","embeddable":true,"href":"https:\/\/www.bil.com.br\/blog\/wp-json\/wp\/v2\/tags?post=126996"}],"curies":[{"name":"wp","href":"https:\/\/api.w.org\/{rel}","templated":true}]}}