{"id":127020,"date":"2022-03-24T14:12:39","date_gmt":"2022-03-24T14:12:39","guid":{"rendered":"https:\/\/www.bil.com.br\/blog\/?p=127020"},"modified":"2022-03-25T16:05:45","modified_gmt":"2022-03-25T16:05:45","slug":"novidades-nova-zelandia","status":"publish","type":"post","link":"https:\/\/www.bil.com.br\/blog\/novidades-nova-zelandia\/","title":{"rendered":"Novidades Nova Zel\u00e2ndia\u00a0 \u00a0 \u00a0 \u00a0 \u00a0"},"content":{"rendered":"<span class=\"span-reading-time rt-reading-time\" style=\"display: block;\"><span class=\"rt-label rt-prefix\">Tempo de Leitura: <\/span> <span class=\"rt-time\"> 2<\/span> <span class=\"rt-label rt-postfix\">minutos<\/span><\/span>\n<p class=\"has-text-color wp-block-paragraph\" style=\"color:#076744;font-size:24px\">O plano de reabertura da Nova Zel\u00e2ndia foi adiantado!<\/p>\n\n\n\n<p class=\"has-black-color has-text-color wp-block-paragraph\">No in\u00edcio do ano, o governo divulgou o plano de reabertura de 5 etapas. Neste plano, somente em julho os brasileiros vacinados seriam liberados para entrar no pa\u00eds. &nbsp;<\/p>\n\n\n\n<p class=\"wp-block-paragraph\">As etapas foram adiantas e&nbsp;<strong>a partir de 1 de maio, brasileiros vacinados poder\u00e3o entrar no pa\u00eds.<\/strong><\/p>\n\n\n\n<p class=\"wp-block-paragraph\">Dentre as vacinas aceitas est\u00e3o: Janssen (Johnson &amp; Johnson), Pfizer\/BioNTech, Oxford\/AstraZeneca &nbsp;e Sinovac.<\/p>\n\n\n\n<p class=\"has-text-color wp-block-paragraph\" style=\"color:#076744\"><strong>O pa\u00eds exigir\u00e1:<\/strong><\/p>\n\n\n\n<p class=\"has-black-color has-text-color wp-block-paragraph\">&#8211; apresenta\u00e7\u00e3o de teste negativo.&nbsp;RT\/PCR realizado 48 horas antes do embarque ou ant\u00edgeno com 24 horas. <a href=\"https:\/\/youtu.be\/1sN1GXrjxgo\" target=\"_blank\" rel=\"noreferrer noopener\">Clique aqui e veja como conseguir seu certificado.<\/a><\/p>\n\n\n\n<p class=\"wp-block-paragraph\">&#8211; preenchimento do formul\u00e1rio de Declara\u00e7\u00e3o de Viajante. <a href=\"https:\/\/naumaira.covid19.govt.nz\/#\/\" target=\"_blank\" rel=\"noreferrer noopener\">Clique aqui e veja a declara\u00e7\u00e3o.<\/a><\/p>\n\n\n\n<p class=\"has-text-color wp-block-paragraph\" style=\"color:#076744;font-size:24px\">O destino sempre foi ideal para interc\u00e2mbios de curta dura\u00e7\u00e3o porque n\u00e3o exige visto!<\/p>\n\n\n\n<p class=\"wp-block-paragraph\">Para todas as informa\u00e7\u00f5es das etapas acesse o site do governo,&nbsp;<a href=\"https:\/\/covid19.govt.nz\/international-travel\/travel-to-new-zealand\/when-new-zealand-borders-open\/\" target=\"_blank\" rel=\"noreferrer noopener\">clique aqui<\/a>.<\/p>\n\n\n\n<p class=\"wp-block-paragraph\">Tamb\u00e9m \u00e9&nbsp;<strong>obrigat\u00f3rio preencher o formul\u00e1rio<\/strong>&nbsp;<strong>de sa\u00fade<\/strong>&nbsp;<a href=\"http:\/\/www.spth.gob.es\/\" target=\"_blank\" rel=\"noreferrer noopener\">www.spth.gob.es<\/a>&nbsp;e, uma vez preenchido, obter\u00e1 um c\u00f3digo QR, que deve apresentar no momento do embarque e na chegada na Espanha.<br>&nbsp;<br>No caso de&nbsp;crian\u00e7as menores de 12 anos&nbsp;, podem viajar sem comprovante de vacina\u00e7\u00e3o se acompanharem pessoas j\u00e1 vacinadas ou autorizadas a viajar. N\u00e3o precisar\u00e3o apresentar PCR ou teste de ant\u00edgeno negativo, mas precisar\u00e3o do formul\u00e1rio de controle sanit\u00e1rio conforme indicado abaixo. <a href=\"https:\/\/www.exteriores.gob.es\/Consulados\/saopaulo\/es\/Comunicacion\/Noticias\/Paginas\/Articulos\/RESTRICCIONES-DE-ENTRADA-A-ESPA%c3%91A-Y-REGLAS-SANITARIAS-A-LA-LLEGADA-A-ESPA%c3%91A.aspx\" target=\"_blank\" rel=\"noopener\">Clique aqui para mais informa\u00e7\u00f5es.<\/a><\/p>\n\n\n\n<hr class=\"wp-block-separator\"\/>\n\n\n\n<p class=\"has-text-align-center has-text-color has-large-font-size wp-block-paragraph\" style=\"color:#076744\"><strong>Planeje seu interc\u00e2mbio para 2022!<\/strong><br>Confira os pacotes promocionais<\/p>\n\n\n\n<hr class=\"wp-block-separator\"\/>\n\n\n\n<div class=\"wp-block-media-text alignwide is-stacked-on-mobile\" style=\"grid-template-columns:45% auto\"><figure class=\"wp-block-media-text__media\"><img fetchpriority=\"high\" decoding=\"async\" width=\"400\" height=\"400\" src=\"https:\/\/www.bil.com.br\/blog\/wp-content\/uploads\/2022\/03\/destino-auckland1.png\" alt=\"\" class=\"wp-image-127023 size-full\" srcset=\"https:\/\/www.bil.com.br\/blog\/wp-content\/uploads\/2022\/03\/destino-auckland1.png 400w, https:\/\/www.bil.com.br\/blog\/wp-content\/uploads\/2022\/03\/destino-auckland1-300x300.png 300w, https:\/\/www.bil.com.br\/blog\/wp-content\/uploads\/2022\/03\/destino-auckland1-150x150.png 150w, https:\/\/www.bil.com.br\/blog\/wp-content\/uploads\/2022\/03\/destino-auckland1-60x60.png 60w\" sizes=\"(max-width: 400px) 100vw, 400px\" \/><\/figure><div class=\"wp-block-media-text__content\">\n<h1 class=\"has-text-color wp-block-heading\" style=\"color:#076744\">Auckland<\/h1>\n\n\n\n<p class=\"wp-block-paragraph\" style=\"font-size:18px\">1 m\u00eas, incluso:<br>&#8211; curso de ingl\u00eas<br>&#8211; taxa de inscri\u00e7\u00e3o da escola<br>&#8211; material did\u00e1tico<br>&#8211; acomoda\u00e7\u00e3o em casa de fam\u00edlia<br>&#8211; quarto individual<br>&#8211; caf\u00e9 da manh\u00e3 e jantar<br>&#8211; taxa de acomoda\u00e7\u00e3o<br>&#8211; taxa administrativa<\/p>\n\n\n\n<p class=\"has-text-color wp-block-paragraph\" style=\"color:#076744;font-size:24px\"><strong>Entrada R$ 1.260+ 12x R$ 780<\/strong><\/p>\n<\/div><\/div>\n\n\n\n<div class=\"wp-block-buttons is-horizontal is-content-justification-center is-layout-flex wp-container-core-buttons-is-layout-cbcdc57d wp-block-buttons-is-layout-flex\">\n<div class=\"wp-block-button has-custom-font-size has-medium-font-size\"><a class=\"wp-block-button__link has-white-color has-text-color has-background\" href=\"https:\/\/bil.com.br\/conteudo\/agendar-atendimento\/\" style=\"border-radius:50px;background-color:#076744\" target=\"_blank\" rel=\"noopener\">N\u00f3s ligamos para voc\u00ea &gt;&gt;<\/a><\/div>\n\n\n\n<div class=\"wp-block-button has-custom-font-size has-medium-font-size\"><a class=\"wp-block-button__link has-white-color has-text-color has-background\" href=\"https:\/\/api.whatsapp.com\/send?phone=551135958200&amp;text=Gostaria%20de%20mais%20informa%C3%A7%C3%B5es%20sobre%20interc%C3%A2mbios%20na%20Nova%20Zel%C3%A2ndia\" style=\"border-radius:50px;background-color:#076744\" target=\"_blank\" rel=\"noopener\">WhatsApp J\u00e1 &gt;&gt;<\/a><\/div>\n<\/div>\n\n\n\n<hr class=\"wp-block-separator\"\/>\n\n\n\n<div class=\"wp-block-media-text alignwide has-media-on-the-right is-stacked-on-mobile\" style=\"grid-template-columns:auto 45%\"><figure class=\"wp-block-media-text__media\"><img decoding=\"async\" width=\"400\" height=\"400\" src=\"https:\/\/www.bil.com.br\/blog\/wp-content\/uploads\/2022\/03\/destino-auckland.png\" alt=\"\" class=\"wp-image-127022 size-full\" srcset=\"https:\/\/www.bil.com.br\/blog\/wp-content\/uploads\/2022\/03\/destino-auckland.png 400w, https:\/\/www.bil.com.br\/blog\/wp-content\/uploads\/2022\/03\/destino-auckland-300x300.png 300w, https:\/\/www.bil.com.br\/blog\/wp-content\/uploads\/2022\/03\/destino-auckland-150x150.png 150w, https:\/\/www.bil.com.br\/blog\/wp-content\/uploads\/2022\/03\/destino-auckland-60x60.png 60w\" sizes=\"(max-width: 400px) 100vw, 400px\" \/><\/figure><div class=\"wp-block-media-text__content\">\n<h1 class=\"has-text-color wp-block-heading\" style=\"color:#076744\">Auckland<\/h1>\n\n\n\n<p class=\"wp-block-paragraph\" style=\"font-size:18px\">2 semanas, incluso:<br>&#8211; curso de ingl\u00eas<br>&#8211; taxa de inscri\u00e7\u00e3o da escola<br>&#8211; material did\u00e1tico<br>&#8211; acomoda\u00e7\u00e3o em resid\u00eancia estundantil<br>&#8211; quarto individual<br>&#8211; taxa de acomoda\u00e7\u00e3o<br>&#8211; taxa administrativa<\/p>\n\n\n\n<p class=\"has-text-color wp-block-paragraph\" style=\"color:#076744;font-size:24px\"><strong>Entrada R$ 967+ 12x R$ 522<\/strong><\/p>\n<\/div><\/div>\n\n\n\n<div class=\"wp-block-buttons is-horizontal is-content-justification-center is-layout-flex wp-container-core-buttons-is-layout-cbcdc57d wp-block-buttons-is-layout-flex\">\n<div class=\"wp-block-button has-custom-font-size has-medium-font-size\"><a class=\"wp-block-button__link has-white-color has-text-color has-background\" href=\"https:\/\/bil.com.br\/conteudo\/agendar-atendimento\/\" style=\"border-radius:50px;background-color:#076744\" target=\"_blank\" rel=\"noopener\">N\u00f3s ligamos para voc\u00ea &gt;&gt;<\/a><\/div>\n\n\n\n<div class=\"wp-block-button has-custom-font-size has-medium-font-size\"><a class=\"wp-block-button__link has-white-color has-text-color has-background\" href=\"https:\/\/api.whatsapp.com\/send?phone=551135958200&amp;text=Gostaria%20de%20mais%20informa%C3%A7%C3%B5es%20sobre%20interc%C3%A2mbios%20na%20Nova%20Zel%C3%A2ndia\" style=\"border-radius:50px;background-color:#076744\" target=\"_blank\" rel=\"noopener\">WhatsApp J\u00e1 &gt;&gt;<\/a><\/div>\n<\/div>\n\n\n\n<hr class=\"wp-block-separator\"\/>\n\n\n\n<p class=\"has-text-align-center has-small-font-size wp-block-paragraph\"><em>Todas as informa\u00e7\u00f5es deste e-mail&nbsp;est\u00e3o sujeitas a altera\u00e7\u00e3o sem pr\u00e9vio aviso e a disponibilidade de lugares (se aplic\u00e1vel).<\/em><\/p>\n","protected":false},"excerpt":{"rendered":"<p><span class=\"span-reading-time rt-reading-time\" style=\"display: block;\"><span class=\"rt-label rt-prefix\">Tempo de Leitura: <\/span> <span class=\"rt-time\"> 2<\/span> <span class=\"rt-label rt-postfix\">minutos<\/span><\/span>O plano de reabertura da Nova Zel\u00e2ndia foi adiantado! No in\u00edcio do ano, o governo divulgou o plano de reabertura de 5 etapas. Neste plano, somente em julho os brasileiros vacinados seriam liberados para entrar no pa\u00eds. &nbsp; As etapas foram adiantas e&nbsp;a partir de 1 de maio, brasileiros vacinados poder\u00e3o entrar no pa\u00eds. Dentre [&hellip;]<\/p>\n","protected":false},"author":1,"featured_media":127021,"comment_status":"open","ping_status":"open","sticky":false,"template":"","format":"standard","meta":{"om_disable_all_campaigns":false,"_monsterinsights_skip_tracking":false,"_monsterinsights_sitenote_active":false,"_monsterinsights_sitenote_note":"","_monsterinsights_sitenote_category":0,"_uf_show_specific_survey":0,"_uf_disable_surveys":false,"footnotes":""},"categories":[2],"tags":[29,30,337,18,177,92,77],"class_list":["post-127020","post","type-post","status-publish","format-standard","has-post-thumbnail","hentry","category-cursos-de-idiomas","tag-dicas-de-intercambio","tag-estudar-no-exterior","tag-fronteiras","tag-intercambio","tag-intercambio-2022","tag-pandemia","tag-planejamento"],"_links":{"self":[{"href":"https:\/\/www.bil.com.br\/blog\/wp-json\/wp\/v2\/posts\/127020","targetHints":{"allow":["GET"]}}],"collection":[{"href":"https:\/\/www.bil.com.br\/blog\/wp-json\/wp\/v2\/posts"}],"about":[{"href":"https:\/\/www.bil.com.br\/blog\/wp-json\/wp\/v2\/types\/post"}],"author":[{"embeddable":true,"href":"https:\/\/www.bil.com.br\/blog\/wp-json\/wp\/v2\/users\/1"}],"replies":[{"embeddable":true,"href":"https:\/\/www.bil.com.br\/blog\/wp-json\/wp\/v2\/comments?post=127020"}],"version-history":[{"count":0,"href":"https:\/\/www.bil.com.br\/blog\/wp-json\/wp\/v2\/posts\/127020\/revisions"}],"wp:featuredmedia":[{"embeddable":true,"href":"https:\/\/www.bil.com.br\/blog\/wp-json\/wp\/v2\/media\/127021"}],"wp:attachment":[{"href":"https:\/\/www.bil.com.br\/blog\/wp-json\/wp\/v2\/media?parent=127020"}],"wp:term":[{"taxonomy":"category","embeddable":true,"href":"https:\/\/www.bil.com.br\/blog\/wp-json\/wp\/v2\/categories?post=127020"},{"taxonomy":"post_tag","embeddable":true,"href":"https:\/\/www.bil.com.br\/blog\/wp-json\/wp\/v2\/tags?post=127020"}],"curies":[{"name":"wp","href":"https:\/\/api.w.org\/{rel}","templated":true}]}}