{"id":127147,"date":"2022-04-08T15:41:22","date_gmt":"2022-04-08T15:41:22","guid":{"rendered":"https:\/\/www.bil.com.br\/blog\/?p=127147"},"modified":"2022-04-08T15:41:25","modified_gmt":"2022-04-08T15:41:25","slug":"argentina-sem-barreiras-aprenda-espanhol","status":"publish","type":"post","link":"https:\/\/www.bil.com.br\/blog\/argentina-sem-barreiras-aprenda-espanhol\/","title":{"rendered":"Argentina sem barreiras \u2013 aprenda espanhol"},"content":{"rendered":"<span class=\"span-reading-time rt-reading-time\" style=\"display: block;\"><span class=\"rt-label rt-prefix\">Tempo de Leitura: <\/span> <span class=\"rt-time\"> 2<\/span> <span class=\"rt-label rt-postfix\">minutos<\/span><\/span>\n<p class=\"has-vivid-cyan-blue-color has-text-color has-x-large-font-size wp-block-paragraph\">Novidades!<\/p>\n\n\n\n<p class=\"wp-block-paragraph\">A medida j\u00e1 foi publicada no Di\u00e1rio Oficial e \u00e9 v\u00e1lida para todos os viajantes, incluindo brasileiros.<br><br>Com o fim da exig\u00eancia de teste pr\u00e9-embarque e dos comprovantes de vacina\u00e7\u00e3o de covid-19, o turista que viajar para a Argentina dever\u00e1 se atentar apenas para o preenchimento da Declara\u00e7\u00e3o Eletr\u00f4nica e o seguro sa\u00fade.<br><br>A declara\u00e7\u00e3o deve ser preenchida pelo menos 48h antes da viagem e o seguro sa\u00fade deve incluir cobertura para a Covid-19.<br><br>Lembrando que estudantes de curta dura\u00e7\u00e3o n\u00e3o precisam nem de passaporte ou visto para entrar no pa\u00eds!<\/p>\n\n\n\n<hr class=\"wp-block-separator\"\/>\n\n\n\n<p class=\"has-text-align-center has-vivid-cyan-blue-color has-text-color has-large-font-size wp-block-paragraph\">Planeje se<strong>u interc\u00e2mbio para 2022<\/strong>!<br>Confira os pacotes promocionais<\/p>\n\n\n\n<hr class=\"wp-block-separator\"\/>\n\n\n\n<div class=\"wp-block-media-text alignwide is-stacked-on-mobile\" style=\"grid-template-columns:45% auto\"><figure class=\"wp-block-media-text__media\"><img fetchpriority=\"high\" decoding=\"async\" width=\"400\" height=\"400\" src=\"https:\/\/www.bil.com.br\/blog\/wp-content\/uploads\/2022\/04\/destaque-buenos-aires1.png\" alt=\"\" class=\"wp-image-127150 size-full\" srcset=\"https:\/\/www.bil.com.br\/blog\/wp-content\/uploads\/2022\/04\/destaque-buenos-aires1.png 400w, https:\/\/www.bil.com.br\/blog\/wp-content\/uploads\/2022\/04\/destaque-buenos-aires1-300x300.png 300w, https:\/\/www.bil.com.br\/blog\/wp-content\/uploads\/2022\/04\/destaque-buenos-aires1-150x150.png 150w, https:\/\/www.bil.com.br\/blog\/wp-content\/uploads\/2022\/04\/destaque-buenos-aires1-60x60.png 60w\" sizes=\"(max-width: 400px) 100vw, 400px\" \/><\/figure><div class=\"wp-block-media-text__content\">\n<h1 class=\"has-vivid-cyan-blue-color has-text-color wp-block-heading\">Buenos Aires<\/h1>\n\n\n\n<p class=\"wp-block-paragraph\" style=\"font-size:18px\">2 semanas, incluso:<br>&#8211; curso de&nbsp;<strong>espanhol<\/strong><br>&#8211; taxa de inscri\u00e7\u00e3o da escola<br>&#8211; acomoda\u00e7\u00e3o em casa de fam\u00edlia<br>&#8211; quarto individual<br>&#8211; caf\u00e9 da manh\u00e3<br>&#8211; taxa de acomoda\u00e7\u00e3o<br>&#8211; taxa administrativa<\/p>\n\n\n\n<p class=\"has-vivid-cyan-blue-color has-text-color wp-block-paragraph\" style=\"font-size:24px\"><strong>Entrada R$ 877+ 12x R$ 396<\/strong><\/p>\n<\/div><\/div>\n\n\n\n<div class=\"wp-block-buttons is-horizontal is-content-justification-center is-layout-flex wp-container-core-buttons-is-layout-cbcdc57d wp-block-buttons-is-layout-flex\">\n<div class=\"wp-block-button has-custom-font-size has-medium-font-size\"><a class=\"wp-block-button__link has-vivid-cyan-blue-background-color has-background\" href=\"https:\/\/bil.com.br\/conteudo\/agendar-atendimento\/\" style=\"border-radius:50px\" target=\"_blank\" rel=\"noopener\">N\u00f3s ligamos para voc\u00ea &gt;&gt;<\/a><\/div>\n\n\n\n<div class=\"wp-block-button has-custom-font-size has-medium-font-size\"><a class=\"wp-block-button__link has-vivid-cyan-blue-background-color has-background\" href=\"https:\/\/api.whatsapp.com\/send?phone=551135958200&amp;text=Gostaria%20de%20mais%20informa%C3%A7%C3%B5es%20sobre%20interc%C3%A2mbios%20na%20Argentina\" style=\"border-radius:50px\" target=\"_blank\" rel=\"noopener\">WhatsApp J\u00e1 &gt;&gt;<\/a><\/div>\n<\/div>\n\n\n\n<hr class=\"wp-block-separator\"\/>\n\n\n\n<div class=\"wp-block-media-text alignwide has-media-on-the-right is-stacked-on-mobile\" style=\"grid-template-columns:auto 45%\"><figure class=\"wp-block-media-text__media\"><img decoding=\"async\" width=\"400\" height=\"400\" src=\"https:\/\/www.bil.com.br\/blog\/wp-content\/uploads\/2022\/04\/destaque-buenos-aires2.png\" alt=\"\" class=\"wp-image-127151 size-full\" srcset=\"https:\/\/www.bil.com.br\/blog\/wp-content\/uploads\/2022\/04\/destaque-buenos-aires2.png 400w, https:\/\/www.bil.com.br\/blog\/wp-content\/uploads\/2022\/04\/destaque-buenos-aires2-300x300.png 300w, https:\/\/www.bil.com.br\/blog\/wp-content\/uploads\/2022\/04\/destaque-buenos-aires2-150x150.png 150w, https:\/\/www.bil.com.br\/blog\/wp-content\/uploads\/2022\/04\/destaque-buenos-aires2-60x60.png 60w\" sizes=\"(max-width: 400px) 100vw, 400px\" \/><\/figure><div class=\"wp-block-media-text__content\">\n<h1 class=\"has-vivid-cyan-blue-color has-text-color wp-block-heading\">Buenos Aires<\/h1>\n\n\n\n<p class=\"wp-block-paragraph\" style=\"font-size:18px\">2 semanas, incluso:<br>&#8211; curso de&nbsp;<strong>espanhol para neg\u00f3cios<\/strong><br>&#8211; taxa de inscri\u00e7\u00e3o da escola<br>&#8211; acomoda\u00e7\u00e3o em casa de fam\u00edlia<br>&#8211; quarto individual<br>&#8211; caf\u00e9 da manh\u00e3<br>&#8211; taxa de acomoda\u00e7\u00e3o<br>&#8211; taxa administrativa<\/p>\n\n\n\n<p class=\"has-vivid-cyan-blue-color has-text-color wp-block-paragraph\" style=\"font-size:24px\"><strong>Entrada R$ 1.352+ 12x R$ 751<\/strong><\/p>\n<\/div><\/div>\n\n\n\n<div class=\"wp-block-buttons is-horizontal is-content-justification-center is-layout-flex wp-container-core-buttons-is-layout-cbcdc57d wp-block-buttons-is-layout-flex\">\n<div class=\"wp-block-button has-custom-font-size has-medium-font-size\"><a class=\"wp-block-button__link has-vivid-cyan-blue-background-color has-background\" href=\"https:\/\/bil.com.br\/conteudo\/agendar-atendimento\/\" style=\"border-radius:50px\" target=\"_blank\" rel=\"noopener\">N\u00f3s ligamos para voc\u00ea &gt;&gt;<\/a><\/div>\n\n\n\n<div class=\"wp-block-button has-custom-font-size has-medium-font-size\"><a class=\"wp-block-button__link has-vivid-cyan-blue-background-color has-background\" href=\"https:\/\/api.whatsapp.com\/send?phone=551135958200&amp;text=Gostaria%20de%20mais%20informa%C3%A7%C3%B5es%20sobre%20interc%C3%A2mbios%20na%20Argentina\" style=\"border-radius:50px\" target=\"_blank\" rel=\"noopener\">WhatsApp J\u00e1 &gt;&gt;<\/a><\/div>\n<\/div>\n\n\n\n<hr class=\"wp-block-separator\"\/>\n\n\n\n<p class=\"has-text-align-center has-small-font-size wp-block-paragraph\"><em>Todas as informa\u00e7\u00f5es deste e-mail&nbsp;est\u00e3o sujeitas a altera\u00e7\u00e3o sem pr\u00e9vio aviso e a disponibilidade de lugares (se aplic\u00e1vel).<\/em><\/p>\n","protected":false},"excerpt":{"rendered":"<p><span class=\"span-reading-time rt-reading-time\" style=\"display: block;\"><span class=\"rt-label rt-prefix\">Tempo de Leitura: <\/span> <span class=\"rt-time\"> 2<\/span> <span class=\"rt-label rt-postfix\">minutos<\/span><\/span>Novidades! A medida j\u00e1 foi publicada no Di\u00e1rio Oficial e \u00e9 v\u00e1lida para todos os viajantes, incluindo brasileiros. Com o fim da exig\u00eancia de teste pr\u00e9-embarque e dos comprovantes de vacina\u00e7\u00e3o de covid-19, o turista que viajar para a Argentina dever\u00e1 se atentar apenas para o preenchimento da Declara\u00e7\u00e3o Eletr\u00f4nica e o seguro sa\u00fade. A [&hellip;]<\/p>\n","protected":false},"author":1,"featured_media":127152,"comment_status":"open","ping_status":"open","sticky":false,"template":"","format":"standard","meta":{"om_disable_all_campaigns":false,"_monsterinsights_skip_tracking":false,"_monsterinsights_sitenote_active":false,"_monsterinsights_sitenote_note":"","_monsterinsights_sitenote_category":0,"_uf_show_specific_survey":0,"_uf_disable_surveys":false,"footnotes":""},"categories":[2],"tags":[29,30,337,18,177,92,77],"class_list":["post-127147","post","type-post","status-publish","format-standard","has-post-thumbnail","hentry","category-cursos-de-idiomas","tag-dicas-de-intercambio","tag-estudar-no-exterior","tag-fronteiras","tag-intercambio","tag-intercambio-2022","tag-pandemia","tag-planejamento"],"_links":{"self":[{"href":"https:\/\/www.bil.com.br\/blog\/wp-json\/wp\/v2\/posts\/127147","targetHints":{"allow":["GET"]}}],"collection":[{"href":"https:\/\/www.bil.com.br\/blog\/wp-json\/wp\/v2\/posts"}],"about":[{"href":"https:\/\/www.bil.com.br\/blog\/wp-json\/wp\/v2\/types\/post"}],"author":[{"embeddable":true,"href":"https:\/\/www.bil.com.br\/blog\/wp-json\/wp\/v2\/users\/1"}],"replies":[{"embeddable":true,"href":"https:\/\/www.bil.com.br\/blog\/wp-json\/wp\/v2\/comments?post=127147"}],"version-history":[{"count":0,"href":"https:\/\/www.bil.com.br\/blog\/wp-json\/wp\/v2\/posts\/127147\/revisions"}],"wp:featuredmedia":[{"embeddable":true,"href":"https:\/\/www.bil.com.br\/blog\/wp-json\/wp\/v2\/media\/127152"}],"wp:attachment":[{"href":"https:\/\/www.bil.com.br\/blog\/wp-json\/wp\/v2\/media?parent=127147"}],"wp:term":[{"taxonomy":"category","embeddable":true,"href":"https:\/\/www.bil.com.br\/blog\/wp-json\/wp\/v2\/categories?post=127147"},{"taxonomy":"post_tag","embeddable":true,"href":"https:\/\/www.bil.com.br\/blog\/wp-json\/wp\/v2\/tags?post=127147"}],"curies":[{"name":"wp","href":"https:\/\/api.w.org\/{rel}","templated":true}]}}