{"id":127251,"date":"2022-04-29T20:06:15","date_gmt":"2022-04-29T20:06:15","guid":{"rendered":"https:\/\/www.bil.com.br\/blog\/?p=127251"},"modified":"2022-04-29T20:06:17","modified_gmt":"2022-04-29T20:06:17","slug":"ferias-em-montreal","status":"publish","type":"post","link":"https:\/\/www.bil.com.br\/blog\/ferias-em-montreal\/","title":{"rendered":"Passe suas f\u00e9rias em Montreal!\u00a0 \u00a0 \u00a0"},"content":{"rendered":"<span class=\"span-reading-time rt-reading-time\" style=\"display: block;\"><span class=\"rt-label rt-prefix\">Tempo de Leitura: <\/span> <span class=\"rt-time\"> 2<\/span> <span class=\"rt-label rt-postfix\">minutos<\/span><\/span>\n<h2 class=\"has-black-color has-text-color wp-block-heading\">Que tal viajar nas f\u00e9rias e ter uma experi\u00eancia incr\u00edvel?!<\/h2>\n\n\n\n<p class=\"wp-block-paragraph\">Escolha estudar ingl\u00eas ou franc\u00eas, realize v\u00e1rias atividades esportivas e passeios!<\/p>\n\n\n\n<p class=\"wp-block-paragraph\">Esta \u00e9 a proposta de um programa muito especial, que acontece em janeiro em<strong>&nbsp;Montreal<\/strong>!<\/p>\n\n\n\n<p class=\"wp-block-paragraph\"><strong>As matr\u00edculas j\u00e1 est\u00e3o abertas, mas s\u00e3o poucas vagas.<\/strong><br>A seguir detalhes:<\/p>\n\n\n\n<h2 class=\"has-luminous-vivid-orange-color has-text-color wp-block-heading\"><strong>Quem pode ir?<\/strong><\/h2>\n\n\n\n<p class=\"wp-block-paragraph\">&gt; Estudantes de 12 a 17 anos<\/p>\n\n\n\n<h2 class=\"has-luminous-vivid-orange-color has-text-color wp-block-heading\"><strong>Quando?<\/strong><\/h2>\n\n\n\n<p class=\"wp-block-paragraph\">&gt; Janeiro 2023 de 2 a 8 semanas, voc\u00ea escolhe!<\/p>\n\n\n\n<h2 class=\"has-luminous-vivid-orange-color has-text-color wp-block-heading\"><strong>Onde vou me hospedar?<\/strong><\/h2>\n\n\n\n<p class=\"wp-block-paragraph\">&gt; Voc\u00ea pode optar por resid\u00eancia estudantil ou casa de fam\u00edlia hospedeira.<\/p>\n\n\n\n<hr class=\"wp-block-separator\"\/>\n\n\n\n<div class=\"wp-block-image\"><figure class=\"aligncenter size-full\"><a href=\"https:\/\/www.bil.com.br\/blog\/wp-content\/uploads\/2022\/04\/banner-email-teens.png\"><img fetchpriority=\"high\" decoding=\"async\" width=\"580\" height=\"240\" src=\"https:\/\/www.bil.com.br\/blog\/wp-content\/uploads\/2022\/04\/banner-email-teens.png\" alt=\"\" class=\"wp-image-127252\" srcset=\"https:\/\/www.bil.com.br\/blog\/wp-content\/uploads\/2022\/04\/banner-email-teens.png 580w, https:\/\/www.bil.com.br\/blog\/wp-content\/uploads\/2022\/04\/banner-email-teens-300x124.png 300w\" sizes=\"(max-width: 580px) 100vw, 580px\" \/><\/a><\/figure><\/div>\n\n\n\n<hr class=\"wp-block-separator\"\/>\n\n\n\n<h2 class=\"has-luminous-vivid-orange-color has-text-color wp-block-heading\"><strong>O que est\u00e1 incluso?<\/strong><\/h2>\n\n\n\n<p class=\"wp-block-paragraph\">&gt; Matr\u00edcula<br>&gt; Curso de Ingl\u00eas ou Franc\u00eas (24 li\u00e7\u00f5es por semana)<br>&gt; Material did\u00e1tico<br>&gt; Acomoda\u00e7\u00e3o em quarto compartilhado<br>&gt; 3 refei\u00e7\u00f5es por dia<br>&gt; Atividades supervisionadas diariamente e nos fins de semana<br>&gt; 1 ou 2 finais de semana de excurs\u00e3o<br>&gt; Transporte local<br>&gt; Seguro sa\u00fade<br>&gt; Transfer (ida e volta do aeroporto)<br>&gt; Certificado<br>&gt; Carta de cust\u00f3dia<br>&gt; Servi\u00e7o menor desacompanhado<\/p>\n\n\n\n<h2 class=\"has-luminous-vivid-orange-color has-text-color wp-block-heading\"><strong>Investimento:<\/strong><\/h2>\n\n\n\n<p class=\"wp-block-paragraph\">&gt; Entrada + 16x&nbsp;de R$790&nbsp;(6 boletos + 10x cart\u00e3o)<\/p>\n\n\n\n<hr class=\"wp-block-separator\"\/>\n\n\n\n<div class=\"wp-block-buttons is-horizontal is-content-justification-center is-layout-flex wp-container-core-buttons-is-layout-cbcdc57d wp-block-buttons-is-layout-flex\">\n<div class=\"wp-block-button has-custom-font-size has-medium-font-size\"><a class=\"wp-block-button__link has-white-color has-luminous-vivid-orange-background-color has-text-color has-background\" href=\"https:\/\/bil.com.br\/conteudo\/agendar-atendimento\/\" style=\"border-radius:50px\" target=\"_blank\" rel=\"noopener\">N\u00f3s ligamos para voc\u00ea &gt;&gt;<\/a><\/div>\n\n\n\n<div class=\"wp-block-button has-custom-font-size has-medium-font-size\"><a class=\"wp-block-button__link has-white-color has-luminous-vivid-orange-background-color has-text-color has-background\" href=\"https:\/\/api.whatsapp.com\/send?phone=551135958200&amp;text=Gostaria%20de%20mais%20informa%C3%A7%C3%B5es%20sobre%20interc%C3%A2mbio%20em%20Montreal\" style=\"border-radius:50px\" target=\"_blank\" rel=\"noopener\">WhatsApp J\u00e1 &gt;&gt;<\/a><\/div>\n<\/div>\n\n\n\n<hr class=\"wp-block-separator\"\/>\n\n\n\n<div class=\"wp-block-media-text alignwide is-stacked-on-mobile\"><figure class=\"wp-block-media-text__media\"><a href=\"https:\/\/www.bil.com.br\/blog\/montreal-como-voce-nunca-viu-intercambio-para-o-canada\/\"><img decoding=\"async\" width=\"400\" height=\"400\" src=\"https:\/\/www.bil.com.br\/blog\/wp-content\/uploads\/2022\/04\/destaque-canada.png\" alt=\"\" class=\"wp-image-127253 size-full\" srcset=\"https:\/\/www.bil.com.br\/blog\/wp-content\/uploads\/2022\/04\/destaque-canada.png 400w, https:\/\/www.bil.com.br\/blog\/wp-content\/uploads\/2022\/04\/destaque-canada-300x300.png 300w, https:\/\/www.bil.com.br\/blog\/wp-content\/uploads\/2022\/04\/destaque-canada-150x150.png 150w, https:\/\/www.bil.com.br\/blog\/wp-content\/uploads\/2022\/04\/destaque-canada-60x60.png 60w\" sizes=\"(max-width: 400px) 100vw, 400px\" \/><\/a><\/figure><div class=\"wp-block-media-text__content\">\n<p class=\"wp-block-paragraph\" style=\"font-size:32px\">Veja tamb\u00e9m:<\/p>\n\n\n\n<h2 class=\"wp-block-heading\"><strong>Montreal como voc\u00ea nunca viu \u2013 Interc\u00e2mbio para o Canad\u00e1<\/strong><\/h2>\n\n\n\n<p class=\"wp-block-paragraph\">Montreal&nbsp;\u00e9 uma cidade incr\u00edvel em todas as esta\u00e7\u00f5es! \u00c9 considerada uma das cidades mais europeias do Canad\u00e1 devido ao seu estilo arquitet\u00f4nico e cultura. Com certeza, quando um brasileiro viaja para Montreal, tem um choque gratificante, pois a cidade tem muitas atra\u00e7\u00f5es&#8230;&nbsp;<a href=\"https:\/\/www.bil.com.br\/blog\/montreal-como-voce-nunca-viu-intercambio-para-o-canada\/\" target=\"_blank\" rel=\"noreferrer noopener\">Clique aqui e leia o artigo completo &gt;&gt;<\/a><\/p>\n<\/div><\/div>\n\n\n\n<hr class=\"wp-block-separator\"\/>\n\n\n\n<p class=\"has-text-align-center has-small-font-size wp-block-paragraph\"><em>Todas as informEntrada m\u00e9dia R$ 2.068.&nbsp;<strong>Valores em R$ sujeitos a altera\u00e7\u00e3o cambial.&nbsp;<\/strong>Quantidade de parcelas v\u00e1lidas para fechamentos em maio\/2022.&nbsp;Todas as informa\u00e7\u00f5es deste e-mail&nbsp;est\u00e3o sujeitas a altera\u00e7\u00e3o sem pr\u00e9vio aviso e a disponibilidade de lugares (se aplic\u00e1vel).a\u00e7\u00f5es deste e-mail&nbsp;est\u00e3o sujeitas a altera\u00e7\u00e3o sem pr\u00e9vio aviso e a disponibilidade de lugares (se aplic\u00e1vel).<\/em><\/p>\n","protected":false},"excerpt":{"rendered":"<p><span class=\"span-reading-time rt-reading-time\" style=\"display: block;\"><span class=\"rt-label rt-prefix\">Tempo de Leitura: <\/span> <span class=\"rt-time\"> 2<\/span> <span class=\"rt-label rt-postfix\">minutos<\/span><\/span>Que tal viajar nas f\u00e9rias e ter uma experi\u00eancia incr\u00edvel?! Escolha estudar ingl\u00eas ou franc\u00eas, realize v\u00e1rias atividades esportivas e passeios! Esta \u00e9 a proposta de um programa muito especial, que acontece em janeiro em&nbsp;Montreal! As matr\u00edculas j\u00e1 est\u00e3o abertas, mas s\u00e3o poucas vagas.A seguir detalhes: Quem pode ir? &gt; Estudantes de 12 a 17 [&hellip;]<\/p>\n","protected":false},"author":1,"featured_media":127254,"comment_status":"open","ping_status":"open","sticky":false,"template":"","format":"standard","meta":{"om_disable_all_campaigns":false,"_monsterinsights_skip_tracking":false,"_monsterinsights_sitenote_active":false,"_monsterinsights_sitenote_note":"","_monsterinsights_sitenote_category":0,"_uf_show_specific_survey":0,"_uf_disable_surveys":false,"footnotes":""},"categories":[5],"tags":[401,29,30,443,18,77,441],"class_list":["post-127251","post","type-post","status-publish","format-standard","has-post-thumbnail","hentry","category-ferias-teen","tag-canada-2","tag-dicas-de-intercambio","tag-estudar-no-exterior","tag-frances-2","tag-intercambio","tag-planejamento","tag-quebec"],"_links":{"self":[{"href":"https:\/\/www.bil.com.br\/blog\/wp-json\/wp\/v2\/posts\/127251","targetHints":{"allow":["GET"]}}],"collection":[{"href":"https:\/\/www.bil.com.br\/blog\/wp-json\/wp\/v2\/posts"}],"about":[{"href":"https:\/\/www.bil.com.br\/blog\/wp-json\/wp\/v2\/types\/post"}],"author":[{"embeddable":true,"href":"https:\/\/www.bil.com.br\/blog\/wp-json\/wp\/v2\/users\/1"}],"replies":[{"embeddable":true,"href":"https:\/\/www.bil.com.br\/blog\/wp-json\/wp\/v2\/comments?post=127251"}],"version-history":[{"count":0,"href":"https:\/\/www.bil.com.br\/blog\/wp-json\/wp\/v2\/posts\/127251\/revisions"}],"wp:featuredmedia":[{"embeddable":true,"href":"https:\/\/www.bil.com.br\/blog\/wp-json\/wp\/v2\/media\/127254"}],"wp:attachment":[{"href":"https:\/\/www.bil.com.br\/blog\/wp-json\/wp\/v2\/media?parent=127251"}],"wp:term":[{"taxonomy":"category","embeddable":true,"href":"https:\/\/www.bil.com.br\/blog\/wp-json\/wp\/v2\/categories?post=127251"},{"taxonomy":"post_tag","embeddable":true,"href":"https:\/\/www.bil.com.br\/blog\/wp-json\/wp\/v2\/tags?post=127251"}],"curies":[{"name":"wp","href":"https:\/\/api.w.org\/{rel}","templated":true}]}}