{"id":127465,"date":"2022-06-08T16:06:21","date_gmt":"2022-06-08T16:06:21","guid":{"rendered":"https:\/\/www.bil.com.br\/blog\/?p=127465"},"modified":"2022-06-08T16:06:24","modified_gmt":"2022-06-08T16:06:24","slug":"espanha-deixa-de-exigir-comprovante-de-vacinacao","status":"publish","type":"post","link":"https:\/\/www.bil.com.br\/blog\/espanha-deixa-de-exigir-comprovante-de-vacinacao\/","title":{"rendered":"Espanha deixa de exigir comprovante de vacina\u00e7\u00e3o"},"content":{"rendered":"<span class=\"span-reading-time rt-reading-time\" style=\"display: block;\"><span class=\"rt-label rt-prefix\">Tempo de Leitura: <\/span> <span class=\"rt-time\"> 2<\/span> <span class=\"rt-label rt-postfix\">minutos<\/span><\/span>\n<p class=\"wp-block-paragraph\" style=\"font-size:16px\">Desde 21 de maio, os viajantes que chegam ao pa\u00eds pelas fronteiras a\u00e9reas ou mar\u00edtimas n\u00e3o ser\u00e3o mais obrigados a apresentar o comprovante de vacina\u00e7\u00e3o contra a Covid-19. Ser\u00e3o aceitos qualquer&nbsp;um dos tr\u00eas documentos a seguir:<br><br>&#8211; Comprovante de vacina\u00e7\u00e3o completa.<br>&#8211; Resultado negativo para um teste RT-PCR feito 72 horas antes do embarque ou de ant\u00edgeno feito 24 horas antes do embarque.<br>&#8211; Comprovante de recupera\u00e7\u00e3o da Covid-19, que deve ser um atestado m\u00e9dico emitido no m\u00ednimo 11 dias depois da confirma\u00e7\u00e3o da infec\u00e7\u00e3o por teste de RT-PCR ou ant\u00edgeno (esses documentos ter\u00e3o validade de 180 dias).<\/p>\n\n\n\n<p class=\"wp-block-paragraph\" style=\"font-size:16px\"><strong>Os menores de 12 anos est\u00e3o isentos de apresentar esses documentos.<\/strong><\/p>\n\n\n\n<hr class=\"wp-block-separator has-alpha-channel-opacity\"\/>\n\n\n\n<p class=\"has-text-align-center has-vivid-red-color has-text-color has-large-font-size wp-block-paragraph\">Planeje seu interc\u00e2mbio!<br><strong>Matr\u00edculas abertas para 2023<\/strong><\/p>\n\n\n\n<hr class=\"wp-block-separator has-css-opacity\"\/>\n\n\n\n<div class=\"wp-block-media-text alignwide is-stacked-on-mobile\" style=\"grid-template-columns:45% auto\"><figure class=\"wp-block-media-text__media\"><img fetchpriority=\"high\" decoding=\"async\" width=\"600\" height=\"600\" src=\"https:\/\/www.bil.com.br\/blog\/wp-content\/uploads\/2021\/08\/barcelona.jpg\" alt=\"\" class=\"wp-image-125807 size-full\" srcset=\"https:\/\/www.bil.com.br\/blog\/wp-content\/uploads\/2021\/08\/barcelona.jpg 600w, https:\/\/www.bil.com.br\/blog\/wp-content\/uploads\/2021\/08\/barcelona-300x300.jpg 300w, https:\/\/www.bil.com.br\/blog\/wp-content\/uploads\/2021\/08\/barcelona-150x150.jpg 150w, https:\/\/www.bil.com.br\/blog\/wp-content\/uploads\/2021\/08\/barcelona-60x60.jpg 60w\" sizes=\"(max-width: 600px) 100vw, 600px\" \/><\/figure><div class=\"wp-block-media-text__content\">\n<h2 class=\"has-vivid-red-color has-text-color wp-block-heading\">Curso em Barcelona<\/h2>\n\n\n\n<p class=\"wp-block-paragraph\" style=\"font-size:16px\">2 semanas, incluso:<br>&#8211; curso de espanhol<br>&#8211; taxa de inscri\u00e7\u00e3o da escola<br>&#8211; material did\u00e1tico<br>&#8211; acomoda\u00e7\u00e3o em casa de fam\u00edlia<br>&#8211; quarto individual<br>&#8211; caf\u00e9 da manh\u00e3 e jantar<br>&#8211; taxa de acomoda\u00e7\u00e3o<br>&#8211; taxa administrativa<\/p>\n\n\n\n<p class=\"has-vivid-red-color has-text-color has-medium-font-size wp-block-paragraph\">Entrada de R$ 984 + 12x R$ 460<\/p>\n<\/div><\/div>\n\n\n\n<div class=\"wp-block-buttons is-horizontal is-content-justification-center is-layout-flex wp-container-core-buttons-is-layout-cbcdc57d wp-block-buttons-is-layout-flex\">\n<div class=\"wp-block-button has-custom-font-size\" style=\"font-size:16px\"><a class=\"wp-block-button__link has-black-color has-luminous-vivid-amber-background-color has-text-color has-background\" href=\"https:\/\/bil.com.br\/conteudo\/agendar-atendimento\/\" style=\"border-radius:50px\" target=\"_blank\" rel=\"noopener\">N\u00f3s ligamos para voc\u00ea &gt;&gt;<\/a><\/div>\n\n\n\n<div class=\"wp-block-button has-custom-font-size\" style=\"font-size:16px\"><a class=\"wp-block-button__link has-black-color has-luminous-vivid-amber-background-color has-text-color has-background\" href=\"https:\/\/api.whatsapp.com\/send?phone=551135958200&amp;text=Gostaria%20de%20mais%20informa%C3%A7%C3%B5es%20sobre%20interc%C3%A2mbios%20na%20Espanha\" style=\"border-radius:50px\" target=\"_blank\" rel=\"noopener\">WhatsApp J\u00e1 &gt;&gt;<\/a><\/div>\n<\/div>\n\n\n\n<hr class=\"wp-block-separator has-css-opacity\"\/>\n\n\n\n<div class=\"wp-block-media-text alignwide has-media-on-the-right is-stacked-on-mobile\" style=\"grid-template-columns:auto 45%\"><figure class=\"wp-block-media-text__media\"><img decoding=\"async\" width=\"400\" height=\"400\" src=\"https:\/\/www.bil.com.br\/blog\/wp-content\/uploads\/2022\/03\/destaque-salamanca.png\" alt=\"\" class=\"wp-image-126997 size-full\" srcset=\"https:\/\/www.bil.com.br\/blog\/wp-content\/uploads\/2022\/03\/destaque-salamanca.png 400w, https:\/\/www.bil.com.br\/blog\/wp-content\/uploads\/2022\/03\/destaque-salamanca-300x300.png 300w, https:\/\/www.bil.com.br\/blog\/wp-content\/uploads\/2022\/03\/destaque-salamanca-150x150.png 150w, https:\/\/www.bil.com.br\/blog\/wp-content\/uploads\/2022\/03\/destaque-salamanca-60x60.png 60w\" sizes=\"(max-width: 400px) 100vw, 400px\" \/><\/figure><div class=\"wp-block-media-text__content\">\n<h2 class=\"has-vivid-red-color has-text-color wp-block-heading\">Curso em Salamanca<\/h2>\n\n\n\n<p class=\"wp-block-paragraph\" style=\"font-size:16px\">2 semanas, incluso:<br>&#8211; curso de espanhol<br>&#8211; taxa de inscri\u00e7\u00e3o da escola<br>&#8211; material did\u00e1tico<br>&#8211; acomoda\u00e7\u00e3o em casa de fam\u00edlia<br>&#8211; quarto individual<br>&#8211; caf\u00e9 da manh\u00e3 e jantar<br>&#8211; taxa de acomoda\u00e7\u00e3o<br>&#8211; taxa administrativa<\/p>\n\n\n\n<p class=\"has-vivid-red-color has-text-color has-medium-font-size wp-block-paragraph\">Entrada de R$ 897 + 12x R$ 393<\/p>\n<\/div><\/div>\n\n\n\n<div class=\"wp-block-buttons is-horizontal is-content-justification-center is-layout-flex wp-container-core-buttons-is-layout-cbcdc57d wp-block-buttons-is-layout-flex\">\n<div class=\"wp-block-button has-custom-font-size\" style=\"font-size:16px\"><a class=\"wp-block-button__link has-black-color has-luminous-vivid-amber-background-color has-text-color has-background\" href=\"https:\/\/bil.com.br\/conteudo\/agendar-atendimento\/\" style=\"border-radius:50px\" target=\"_blank\" rel=\"noopener\">N\u00f3s ligamos para voc\u00ea &gt;&gt;<\/a><\/div>\n\n\n\n<div class=\"wp-block-button has-custom-font-size\" style=\"font-size:16px\"><a class=\"wp-block-button__link has-black-color has-luminous-vivid-amber-background-color has-text-color has-background\" href=\"https:\/\/api.whatsapp.com\/send?phone=551135958200&amp;text=Gostaria%20de%20mais%20informa%C3%A7%C3%B5es%20sobre%20interc%C3%A2mbios%20na%20Espanha\" style=\"border-radius:50px\" target=\"_blank\" rel=\"noopener\">WhatsApp J\u00e1 &gt;&gt;<\/a><\/div>\n<\/div>\n\n\n\n<hr class=\"wp-block-separator has-css-opacity\"\/>\n\n\n\n<div class=\"wp-block-media-text alignwide is-stacked-on-mobile\" style=\"grid-template-columns:45% auto\"><figure class=\"wp-block-media-text__media\"><img decoding=\"async\" width=\"600\" height=\"600\" src=\"https:\/\/www.bil.com.br\/blog\/wp-content\/uploads\/2021\/08\/madrid.jpg\" alt=\"\" class=\"wp-image-125808 size-full\" srcset=\"https:\/\/www.bil.com.br\/blog\/wp-content\/uploads\/2021\/08\/madrid.jpg 600w, https:\/\/www.bil.com.br\/blog\/wp-content\/uploads\/2021\/08\/madrid-300x300.jpg 300w, https:\/\/www.bil.com.br\/blog\/wp-content\/uploads\/2021\/08\/madrid-150x150.jpg 150w, https:\/\/www.bil.com.br\/blog\/wp-content\/uploads\/2021\/08\/madrid-60x60.jpg 60w\" sizes=\"(max-width: 600px) 100vw, 600px\" \/><\/figure><div class=\"wp-block-media-text__content\">\n<h2 class=\"has-vivid-red-color has-text-color wp-block-heading\">Curso em Madrid<\/h2>\n\n\n\n<p class=\"wp-block-paragraph\" style=\"font-size:16px\">2 semanas, incluso:<br>&#8211; curso de espanhol<br>&#8211; taxa de inscri\u00e7\u00e3o da escola<br>&#8211; material did\u00e1tico<br>&#8211; acomoda\u00e7\u00e3o em casa de fam\u00edlia<br>&#8211; quarto individual<br>&#8211; caf\u00e9 da manh\u00e3 e jantar<br>&#8211; taxa de acomoda\u00e7\u00e3o<br>&#8211; taxa administrativa<\/p>\n\n\n\n<p class=\"has-vivid-red-color has-text-color has-medium-font-size wp-block-paragraph\">Entrada de R$ 983 + 12x R$ 459<\/p>\n<\/div><\/div>\n\n\n\n<div class=\"wp-block-buttons is-horizontal is-content-justification-center is-layout-flex wp-container-core-buttons-is-layout-cbcdc57d wp-block-buttons-is-layout-flex\">\n<div class=\"wp-block-button has-custom-font-size\" style=\"font-size:16px\"><a class=\"wp-block-button__link has-black-color has-luminous-vivid-amber-background-color has-text-color has-background\" href=\"https:\/\/bil.com.br\/conteudo\/agendar-atendimento\/\" style=\"border-radius:50px\" target=\"_blank\" rel=\"noopener\">N\u00f3s ligamos para voc\u00ea &gt;&gt;<\/a><\/div>\n\n\n\n<div class=\"wp-block-button has-custom-font-size\" style=\"font-size:16px\"><a class=\"wp-block-button__link has-black-color has-luminous-vivid-amber-background-color has-text-color has-background\" href=\"https:\/\/api.whatsapp.com\/send?phone=551135958200&amp;text=Gostaria%20de%20mais%20informa%C3%A7%C3%B5es%20sobre%20interc%C3%A2mbios%20na%20Espanha\" style=\"border-radius:50px\" target=\"_blank\" rel=\"noopener\">WhatsApp J\u00e1 &gt;&gt;<\/a><\/div>\n<\/div>\n\n\n\n<hr class=\"wp-block-separator has-css-opacity\"\/>\n\n\n\n<p class=\"has-text-align-center has-small-font-size wp-block-paragraph\"><em>Todas as informa\u00e7\u00f5es deste e-mail&nbsp;est\u00e3o sujeitas a altera\u00e7\u00e3o sem pr\u00e9vio aviso e a disponibilidade de lugares (se aplic\u00e1vel).<\/em><\/p>\n","protected":false},"excerpt":{"rendered":"<p><span class=\"span-reading-time rt-reading-time\" style=\"display: block;\"><span class=\"rt-label rt-prefix\">Tempo de Leitura: <\/span> <span class=\"rt-time\"> 2<\/span> <span class=\"rt-label rt-postfix\">minutos<\/span><\/span>Desde 21 de maio, os viajantes que chegam ao pa\u00eds pelas fronteiras a\u00e9reas ou mar\u00edtimas n\u00e3o ser\u00e3o mais obrigados a apresentar o comprovante de vacina\u00e7\u00e3o contra a Covid-19. Ser\u00e3o aceitos qualquer&nbsp;um dos tr\u00eas documentos a seguir: &#8211; Comprovante de vacina\u00e7\u00e3o completa.&#8211; Resultado negativo para um teste RT-PCR feito 72 horas antes do embarque ou de [&hellip;]<\/p>\n","protected":false},"author":1,"featured_media":127466,"comment_status":"open","ping_status":"open","sticky":false,"template":"","format":"standard","meta":{"om_disable_all_campaigns":false,"_monsterinsights_skip_tracking":false,"_monsterinsights_sitenote_active":false,"_monsterinsights_sitenote_note":"","_monsterinsights_sitenote_category":0,"_uf_show_specific_survey":0,"_uf_disable_surveys":false,"footnotes":""},"categories":[2],"tags":[29,30,337,18,92,77],"class_list":["post-127465","post","type-post","status-publish","format-standard","has-post-thumbnail","hentry","category-cursos-de-idiomas","tag-dicas-de-intercambio","tag-estudar-no-exterior","tag-fronteiras","tag-intercambio","tag-pandemia","tag-planejamento"],"_links":{"self":[{"href":"https:\/\/www.bil.com.br\/blog\/wp-json\/wp\/v2\/posts\/127465","targetHints":{"allow":["GET"]}}],"collection":[{"href":"https:\/\/www.bil.com.br\/blog\/wp-json\/wp\/v2\/posts"}],"about":[{"href":"https:\/\/www.bil.com.br\/blog\/wp-json\/wp\/v2\/types\/post"}],"author":[{"embeddable":true,"href":"https:\/\/www.bil.com.br\/blog\/wp-json\/wp\/v2\/users\/1"}],"replies":[{"embeddable":true,"href":"https:\/\/www.bil.com.br\/blog\/wp-json\/wp\/v2\/comments?post=127465"}],"version-history":[{"count":0,"href":"https:\/\/www.bil.com.br\/blog\/wp-json\/wp\/v2\/posts\/127465\/revisions"}],"wp:featuredmedia":[{"embeddable":true,"href":"https:\/\/www.bil.com.br\/blog\/wp-json\/wp\/v2\/media\/127466"}],"wp:attachment":[{"href":"https:\/\/www.bil.com.br\/blog\/wp-json\/wp\/v2\/media?parent=127465"}],"wp:term":[{"taxonomy":"category","embeddable":true,"href":"https:\/\/www.bil.com.br\/blog\/wp-json\/wp\/v2\/categories?post=127465"},{"taxonomy":"post_tag","embeddable":true,"href":"https:\/\/www.bil.com.br\/blog\/wp-json\/wp\/v2\/tags?post=127465"}],"curies":[{"name":"wp","href":"https:\/\/api.w.org\/{rel}","templated":true}]}}