{"id":127659,"date":"2022-08-17T12:34:09","date_gmt":"2022-08-17T12:34:09","guid":{"rendered":"https:\/\/www.bil.com.br\/blog\/?p=127659"},"modified":"2022-08-18T12:16:50","modified_gmt":"2022-08-18T12:16:50","slug":"intercambio-teen-espanha","status":"publish","type":"post","link":"https:\/\/www.bil.com.br\/blog\/intercambio-teen-espanha\/","title":{"rendered":"Interc\u00e2mbio Teen Espanha"},"content":{"rendered":"<span class=\"span-reading-time rt-reading-time\" style=\"display: block;\"><span class=\"rt-label rt-prefix\">Tempo de Leitura: <\/span> <span class=\"rt-time\"> 2<\/span> <span class=\"rt-label rt-postfix\">minutos<\/span><\/span>\n<h2 class=\"has-vivid-red-color has-text-color wp-block-heading\" style=\"font-size:26px\">Aproveite as f\u00e9rias de Janeiro!<\/h2>\n\n\n\n<p class=\"wp-block-paragraph\" style=\"font-size:18px\">Interc\u00e2mbio em grupo com guias estrangeiros com tudo incluso.<\/p>\n\n\n\n<p class=\"has-vivid-red-color has-text-color wp-block-paragraph\" style=\"font-size:28px\">Vantagens da Viagem:<\/p>\n\n\n\n<p class=\"has-black-color has-text-color wp-block-paragraph\" style=\"font-size:18px\"><strong>&gt; Aprimore o espanhol mais r\u00e1pido<\/strong><br>A metodologia de ensino personalizado combinado com professores capacitados \u00e9 a combina\u00e7\u00e3o para o sucesso acad\u00eamico.<\/p>\n\n\n\n<p class=\"has-black-color has-text-color wp-block-paragraph\" style=\"font-size:18px\"><strong>&gt; Experimente uma nova cultura<\/strong><br>Imergir-se em uma nova cultura significa que voc\u00ea n\u00e3o vai apenas aprender o idioma &#8211; voc\u00ea vai vivenci\u00e1-lo.<\/p>\n\n\n\n<p class=\"has-black-color has-text-color wp-block-paragraph\" style=\"font-size:18px\"><strong>&gt; Viva como um local<\/strong><br>Explore a cidade, divirta-se assistindo um jogo emocionante do Real Madrid, misture-se com os habitantes locais, viva a Espanha.<\/p>\n\n\n\n<p class=\"has-black-color has-text-color wp-block-paragraph\" style=\"font-size:18px\"><strong>&gt; Fa\u00e7a amigos que durar\u00e3o a vida toda<\/strong><br>Junte-se a uma comunidade vibrante e diversificada de estudantes que vivem ao m\u00e1ximo a sua experi\u00eancia de l\u00edngua espanhola.<\/p>\n\n\n\n<p class=\"has-black-color has-text-color wp-block-paragraph\" style=\"font-size:18px\"><strong>> Sinta-se em casa<\/strong><br>Voc\u00ea se sentir\u00e1 em casa na Espanha enquanto se hospeda em uma resid\u00eancia estudantil ou em casa de fam\u00edlia.<\/p>\n\n\n\n<hr class=\"wp-block-separator has-css-opacity\"\/>\n\n\n\n<div class=\"wp-block-media-text alignwide is-stacked-on-mobile\"><figure class=\"wp-block-media-text__media\"><img fetchpriority=\"high\" decoding=\"async\" width=\"600\" height=\"600\" src=\"https:\/\/www.bil.com.br\/blog\/wp-content\/uploads\/2021\/08\/madrid.jpg\" alt=\"\" class=\"wp-image-125808 size-full\" srcset=\"https:\/\/www.bil.com.br\/blog\/wp-content\/uploads\/2021\/08\/madrid.jpg 600w, https:\/\/www.bil.com.br\/blog\/wp-content\/uploads\/2021\/08\/madrid-300x300.jpg 300w, https:\/\/www.bil.com.br\/blog\/wp-content\/uploads\/2021\/08\/madrid-150x150.jpg 150w, https:\/\/www.bil.com.br\/blog\/wp-content\/uploads\/2021\/08\/madrid-60x60.jpg 60w\" sizes=\"(max-width: 600px) 100vw, 600px\" \/><\/figure><div class=\"wp-block-media-text__content\">\n<p class=\"has-vivid-red-color has-text-color wp-block-paragraph\" style=\"font-size:26px\">&gt; Detalhes do programa:<\/p>\n\n\n\n<p class=\"has-black-color has-text-color wp-block-paragraph\" style=\"font-size:18px\">&#8211; Destino: Madri ou Barcelona<br>&#8211; Idade: de 14 a 18 anos<br>&#8211; Embarque: janeiro\/2023<br>&#8211; Dura\u00e7\u00e3o: 2 semanas<\/p>\n<\/div><\/div>\n\n\n\n<hr class=\"wp-block-separator has-css-opacity\"\/>\n\n\n\n<p class=\"has-vivid-red-color has-text-color wp-block-paragraph\" style=\"font-size:26px\">&gt; Incluso:<\/p>\n\n\n\n<p class=\"has-black-color has-text-color wp-block-paragraph\" style=\"font-size:18px\">&#8211; 20 aulas de espanhol por semana<br>&#8211; Todos os n\u00edveis<br>&#8211; M\u00ednimo 3, m\u00e1ximo 15 alunos por sala de aula<br>&#8211; Alojamento em resid\u00eancia estudantil ou casa de fam\u00edlia com um quarto duplo ou triplo e com todas as refei\u00e7\u00f5es.<br>&#8211; Material did\u00e1tico<br>&#8211; Atividades no per\u00edodo da tarde durante a semana<br>&#8211; 1 excurs\u00e3o de fim de semana a cada 2 semanas de programa.<br>&#8211; Os alunos s\u00e3o supervisionados na escola, alojamento e atividade<\/p>\n\n\n\n<hr class=\"wp-block-separator has-css-opacity\"\/>\n\n\n\n<p class=\"has-vivid-red-color has-text-color wp-block-paragraph\" style=\"font-size:26px\">&gt; Investimento:<\/p>\n\n\n\n<p class=\"has-black-color has-text-color wp-block-paragraph\" style=\"font-size:18px\">&#8211; Entrada + 15 parcelas sem juros de R$ 673<br><\/p>\n\n\n\n<hr class=\"wp-block-separator has-css-opacity\"\/>\n\n\n\n<div class=\"wp-block-buttons is-horizontal is-content-justification-center is-layout-flex wp-container-core-buttons-is-layout-cbcdc57d wp-block-buttons-is-layout-flex\">\n<div class=\"wp-block-button has-custom-font-size has-medium-font-size\"><a class=\"wp-block-button__link has-white-color has-vivid-red-background-color has-text-color has-background\" href=\"https:\/\/bil.com.br\/conteudo\/agendar-atendimento\/\" style=\"border-radius:50px\" target=\"_blank\" rel=\"noopener\">N\u00f3s ligamos para voc\u00ea &gt;&gt;<\/a><\/div>\n\n\n\n<div class=\"wp-block-button has-custom-font-size has-medium-font-size\"><a class=\"wp-block-button__link has-white-color has-vivid-red-background-color has-text-color has-background\" href=\"https:\/\/api.whatsapp.com\/send?phone=551135958200&amp;text=Gostaria%20de%20mais%20informa%C3%A7%C3%B5es%20sobre%20Interc%C3%A2mbio%20Teen%20Espanha\" style=\"border-radius:50px\" target=\"_blank\" rel=\"noopener\">WhatsApp J\u00e1 &gt;&gt;<\/a><\/div>\n<\/div>\n\n\n\n<hr class=\"wp-block-separator has-css-opacity\"\/>\n\n\n\n<figure class=\"wp-block-image aligncenter size-full\"><a href=\"https:\/\/www.bil.com.br\/blog\/wp-content\/uploads\/2022\/08\/banner-email-epanhol.png\"><img decoding=\"async\" width=\"580\" height=\"240\" src=\"https:\/\/www.bil.com.br\/blog\/wp-content\/uploads\/2022\/08\/banner-email-epanhol.png\" alt=\"\" class=\"wp-image-127662\" srcset=\"https:\/\/www.bil.com.br\/blog\/wp-content\/uploads\/2022\/08\/banner-email-epanhol.png 580w, https:\/\/www.bil.com.br\/blog\/wp-content\/uploads\/2022\/08\/banner-email-epanhol-300x124.png 300w\" sizes=\"(max-width: 580px) 100vw, 580px\" \/><\/a><\/figure>\n\n\n\n<p class=\"has-text-align-center has-black-color has-text-color has-small-font-size wp-block-paragraph\"><em>Todas as informa\u00e7\u00f5es deste email est\u00e3o sujeitas a altera\u00e7\u00e3o sem pr\u00e9vio aviso<br>e a disponibilidade de lugares (se aplic\u00e1vel).<\/em><\/p>\n","protected":false},"excerpt":{"rendered":"<p><span class=\"span-reading-time rt-reading-time\" style=\"display: block;\"><span class=\"rt-label rt-prefix\">Tempo de Leitura: <\/span> <span class=\"rt-time\"> 2<\/span> <span class=\"rt-label rt-postfix\">minutos<\/span><\/span>Aproveite as f\u00e9rias de Janeiro! Interc\u00e2mbio em grupo com guias estrangeiros com tudo incluso. Vantagens da Viagem: &gt; Aprimore o espanhol mais r\u00e1pidoA metodologia de ensino personalizado combinado com professores capacitados \u00e9 a combina\u00e7\u00e3o para o sucesso acad\u00eamico. &gt; Experimente uma nova culturaImergir-se em uma nova cultura significa que voc\u00ea n\u00e3o vai apenas aprender o [&hellip;]<\/p>\n","protected":false},"author":1,"featured_media":127661,"comment_status":"open","ping_status":"open","sticky":false,"template":"","format":"standard","meta":{"om_disable_all_campaigns":false,"_monsterinsights_skip_tracking":false,"_monsterinsights_sitenote_active":false,"_monsterinsights_sitenote_note":"","_monsterinsights_sitenote_category":0,"_uf_show_specific_survey":0,"_uf_disable_surveys":false,"footnotes":""},"categories":[5],"tags":[401,29,30,443,18,77,441],"class_list":["post-127659","post","type-post","status-publish","format-standard","has-post-thumbnail","hentry","category-ferias-teen","tag-canada-2","tag-dicas-de-intercambio","tag-estudar-no-exterior","tag-frances-2","tag-intercambio","tag-planejamento","tag-quebec"],"_links":{"self":[{"href":"https:\/\/www.bil.com.br\/blog\/wp-json\/wp\/v2\/posts\/127659","targetHints":{"allow":["GET"]}}],"collection":[{"href":"https:\/\/www.bil.com.br\/blog\/wp-json\/wp\/v2\/posts"}],"about":[{"href":"https:\/\/www.bil.com.br\/blog\/wp-json\/wp\/v2\/types\/post"}],"author":[{"embeddable":true,"href":"https:\/\/www.bil.com.br\/blog\/wp-json\/wp\/v2\/users\/1"}],"replies":[{"embeddable":true,"href":"https:\/\/www.bil.com.br\/blog\/wp-json\/wp\/v2\/comments?post=127659"}],"version-history":[{"count":0,"href":"https:\/\/www.bil.com.br\/blog\/wp-json\/wp\/v2\/posts\/127659\/revisions"}],"wp:featuredmedia":[{"embeddable":true,"href":"https:\/\/www.bil.com.br\/blog\/wp-json\/wp\/v2\/media\/127661"}],"wp:attachment":[{"href":"https:\/\/www.bil.com.br\/blog\/wp-json\/wp\/v2\/media?parent=127659"}],"wp:term":[{"taxonomy":"category","embeddable":true,"href":"https:\/\/www.bil.com.br\/blog\/wp-json\/wp\/v2\/categories?post=127659"},{"taxonomy":"post_tag","embeddable":true,"href":"https:\/\/www.bil.com.br\/blog\/wp-json\/wp\/v2\/tags?post=127659"}],"curies":[{"name":"wp","href":"https:\/\/api.w.org\/{rel}","templated":true}]}}