{"id":127698,"date":"2022-09-19T11:06:38","date_gmt":"2022-09-19T11:06:38","guid":{"rendered":"https:\/\/www.bil.com.br\/blog\/?p=127698"},"modified":"2022-09-19T11:06:41","modified_gmt":"2022-09-19T11:06:41","slug":"program-teen-janeiro-2023-na-espanha-faca-a-sua-matricula","status":"publish","type":"post","link":"https:\/\/www.bil.com.br\/blog\/program-teen-janeiro-2023-na-espanha-faca-a-sua-matricula\/","title":{"rendered":"Program Teen Janeiro 2023 na Espanha \u2013 Fa\u00e7a a sua matr\u00edcula!"},"content":{"rendered":"<span class=\"span-reading-time rt-reading-time\" style=\"display: block;\"><span class=\"rt-label rt-prefix\">Tempo de Leitura: <\/span> <span class=\"rt-time\"> 2<\/span> <span class=\"rt-label rt-postfix\">minutos<\/span><\/span>\n<p class=\"wp-block-paragraph\">Chegou uma super oportunidade para quem \u00e9 jovem e deseja fazer um interc\u00e2mbio durante as f\u00e9rias escolares: o <strong><em>Program Teen Janeiro 2023<\/em><\/strong>! Trata-se de um programa de interc\u00e2mbio oferecido por um dos parceiros da BIL, voltado para jovens e adolescentes, que acontece durante as f\u00e9rias escolares.<\/p>\n\n\n\n<p class=\"wp-block-paragraph\">Ali\u00e1s, \u00e9 uma forma interessante de aprender o idioma durante as f\u00e9rias e ainda conhecer lugares fant\u00e1sticos estudando fora do Brasil, por um pre\u00e7o acess\u00edvel. Confira!<\/p>\n\n\n\n<h2 class=\"wp-block-heading\"><strong>O que \u00e9 o Program Teen Janeiro 2023?<\/strong><\/h2>\n\n\n\n<p class=\"wp-block-paragraph\">O Program Teen Janeiro 2023 \u00e9 um programa de interc\u00e2mbio para adolescentes, que vai acontecer no primeiro m\u00eas do pr\u00f3ximo ano, com um grupo espec\u00edfico para esta faixa et\u00e1ria. \u00c9 um curso de curta dura\u00e7\u00e3o, durante as f\u00e9rias escolares brasileiras. \u00c9 destinado a jovens de 14 a 18 anos e idealizado pelo parceiro da BIL, a Enforex.<\/p>\n\n\n\n<p class=\"wp-block-paragraph\">Assim, o estudante brasileiro que se inscreve no Program Teen Janeiro 2023 poder\u00e1 se alojar em casa de fam\u00edlia nativa ou resid\u00eancia estudantil. Em suma, s\u00e3o 20 aulas intensivas de espanhol por semana, com dura\u00e7\u00e3o de 2 ou 4 semanas, a escolher. Inclusive, o estudante ter\u00e1 acesso a uma completa infraestrutura, com ambiente internacional, e poder\u00e1 conhecer pessoas de todas as partes do mundo.<\/p>\n\n\n\n<h2 class=\"wp-block-heading\"><strong>Quais s\u00e3o as vantagens e para quem \u00e9 indicado?<\/strong><\/h2>\n\n\n\n<p class=\"wp-block-paragraph\">Em resumo, \u00e9 a oportunidade perfeita para estudar espanhol diretamente em Madri, Barcelona ou Granada, na Espanha. Muitas pessoas n\u00e3o fazem coisa alguma durantes as suas f\u00e9rias. Mas jovens comprometidos com a sua carreira e com disposi\u00e7\u00e3o para aprender e conhecer uma nova cultura geralmente optam pelo interc\u00e2mbio de f\u00e9rias.<\/p>\n\n\n\n<p class=\"wp-block-paragraph\">Deste modo, o programa \u00e9 bastante completo, desenvolvido por uma empresa l\u00edder no ensino do espanhol, no mercado desde 1989. Durante todo o processo, o estudante ter\u00e1 o apoio tamb\u00e9m da BIL e no local a estadia ser\u00e1 supervisionada.<\/p>\n\n\n\n<h2 class=\"wp-block-heading\"><strong>Como garantir a sua matr\u00edcula?<\/strong><\/h2>\n\n\n\n<p class=\"wp-block-paragraph\">Para finalizar, as matr\u00edculas est\u00e3o abertas desde j\u00e1, mas as vagas s\u00e3o limitadas. Logo, se voc\u00ea quiser garantir a sua vaga, fale hoje mesmo com um consultor BIL Interc\u00e2mbios e tire todas as suas d\u00favidas antes de ingressar. Desta forma, com o fim da pandemia, a procura por programas de interc\u00e2mbio est\u00e1 sendo bem grande e \u00e9 importante planejar com anteced\u00eancia. <a href=\"https:\/\/www.bil.com.br\/blog\/intercambio-teen-espanha\/\">Veja mais detalhes nesta p\u00e1gina e fa\u00e7a a sua inscri\u00e7\u00e3o<\/a>!<\/p>\n\n\n\n<p class=\"wp-block-paragraph\"><strong>Veja tamb\u00e9m:<\/strong> <a href=\"https:\/\/www.bil.com.br\/blog\/intercambio-em-san-diego-estude-no-campus-da-university-of-san-diego\/\">Interc\u00e2mbio em San Diego \u2013 Estude no campus da University of San Diego<\/a><\/p>\n\n\n\n<p class=\"wp-block-paragraph\"><em>Ent\u00e3o, gostou das dicas sobre o Program Teen Janeiro 2023? Deixe o seu coment\u00e1rio e compartilhe este conte\u00fado nas suas redes sociais! <\/em><a href=\"https:\/\/www.instagram.com\/bilintercambios\/\" target=\"_blank\" rel=\"noopener\"><em>Siga a BIL Interc\u00e2mbios no Instagram<\/em><\/a><em>!<\/em><\/p>\n","protected":false},"excerpt":{"rendered":"<p><span class=\"span-reading-time rt-reading-time\" style=\"display: block;\"><span class=\"rt-label rt-prefix\">Tempo de Leitura: <\/span> <span class=\"rt-time\"> 2<\/span> <span class=\"rt-label rt-postfix\">minutos<\/span><\/span>Chegou uma super oportunidade para quem \u00e9 jovem e deseja fazer um interc\u00e2mbio durante as f\u00e9rias escolares: o Program Teen Janeiro 2023! Trata-se de um programa de interc\u00e2mbio oferecido por um dos parceiros da BIL, voltado para jovens e adolescentes, que acontece durante as f\u00e9rias escolares. Ali\u00e1s, \u00e9 uma forma interessante de aprender o idioma [&hellip;]<\/p>\n","protected":false},"author":1,"featured_media":127683,"comment_status":"open","ping_status":"open","sticky":false,"template":"","format":"standard","meta":{"om_disable_all_campaigns":false,"_monsterinsights_skip_tracking":false,"_monsterinsights_sitenote_active":false,"_monsterinsights_sitenote_note":"","_monsterinsights_sitenote_category":0,"_uf_show_specific_survey":0,"_uf_disable_surveys":false,"footnotes":""},"categories":[5],"tags":[386,288,486,30,484,485],"class_list":["post-127698","post","type-post","status-publish","format-standard","has-post-thumbnail","hentry","category-ferias-teen","tag-espanha","tag-estudar-espanhol","tag-estudar-na-espanha","tag-estudar-no-exterior","tag-ferias-teeen","tag-program-teen-janeiro-2023"],"_links":{"self":[{"href":"https:\/\/www.bil.com.br\/blog\/wp-json\/wp\/v2\/posts\/127698","targetHints":{"allow":["GET"]}}],"collection":[{"href":"https:\/\/www.bil.com.br\/blog\/wp-json\/wp\/v2\/posts"}],"about":[{"href":"https:\/\/www.bil.com.br\/blog\/wp-json\/wp\/v2\/types\/post"}],"author":[{"embeddable":true,"href":"https:\/\/www.bil.com.br\/blog\/wp-json\/wp\/v2\/users\/1"}],"replies":[{"embeddable":true,"href":"https:\/\/www.bil.com.br\/blog\/wp-json\/wp\/v2\/comments?post=127698"}],"version-history":[{"count":0,"href":"https:\/\/www.bil.com.br\/blog\/wp-json\/wp\/v2\/posts\/127698\/revisions"}],"wp:featuredmedia":[{"embeddable":true,"href":"https:\/\/www.bil.com.br\/blog\/wp-json\/wp\/v2\/media\/127683"}],"wp:attachment":[{"href":"https:\/\/www.bil.com.br\/blog\/wp-json\/wp\/v2\/media?parent=127698"}],"wp:term":[{"taxonomy":"category","embeddable":true,"href":"https:\/\/www.bil.com.br\/blog\/wp-json\/wp\/v2\/categories?post=127698"},{"taxonomy":"post_tag","embeddable":true,"href":"https:\/\/www.bil.com.br\/blog\/wp-json\/wp\/v2\/tags?post=127698"}],"curies":[{"name":"wp","href":"https:\/\/api.w.org\/{rel}","templated":true}]}}