{"id":128296,"date":"2023-01-31T14:09:46","date_gmt":"2023-01-31T14:09:46","guid":{"rendered":"https:\/\/www.bil.com.br\/blog\/?p=128296"},"modified":"2023-01-31T14:09:58","modified_gmt":"2023-01-31T14:09:58","slug":"chegou-a-hora-de-tornar-seus-melhores-sonhos-reais","status":"publish","type":"post","link":"https:\/\/www.bil.com.br\/blog\/chegou-a-hora-de-tornar-seus-melhores-sonhos-reais\/","title":{"rendered":"Chegou a hora de tornar seus melhores sonhos reais."},"content":{"rendered":"<span class=\"span-reading-time rt-reading-time\" style=\"display: block;\"><span class=\"rt-label rt-prefix\">Tempo de Leitura: <\/span> <span class=\"rt-time\"> 2<\/span> <span class=\"rt-label rt-postfix\">minutos<\/span><\/span>\n<p class=\"wp-block-paragraph\">Veja os programas e destinos com vagas para 2023 e 2024<\/p>\n\n\n\n<hr class=\"wp-block-separator has-alpha-channel-opacity\"\/>\n\n\n\n<h2 class=\"wp-block-heading\"><strong>Menores de idade<\/strong><\/h2>\n\n\n\n<div class=\"wp-block-columns is-layout-flex wp-container-core-columns-is-layout-7387b849 wp-block-columns-is-layout-flex\">\n<div class=\"wp-block-column is-layout-flow wp-block-column-is-layout-flow\">\n<p class=\"has-text-align-center wp-block-paragraph\" style=\"font-size:24px\"><a href=\"https:\/\/bil.com.br\/conteudo\/ebook-fet-eua.pdf\" target=\"_blank\" rel=\"noopener\">F\u00e9rias Teen UCLA<\/a><\/p>\n\n\n\n<figure class=\"wp-block-image size-full\"><a href=\"https:\/\/www.bil.com.br\/blog\/wp-content\/uploads\/2020\/10\/ferias-teen-grupos-eua.jpg\" target=\"_blank\" rel=\"https:\/\/bil.com.br\/conteudo\/ebook-fet-eua.pdf noreferrer noopener\"><img fetchpriority=\"high\" decoding=\"async\" width=\"600\" height=\"600\" src=\"https:\/\/www.bil.com.br\/blog\/wp-content\/uploads\/2020\/10\/ferias-teen-grupos-eua.jpg\" alt=\"\" class=\"wp-image-89656\" srcset=\"https:\/\/www.bil.com.br\/blog\/wp-content\/uploads\/2020\/10\/ferias-teen-grupos-eua.jpg 600w, https:\/\/www.bil.com.br\/blog\/wp-content\/uploads\/2020\/10\/ferias-teen-grupos-eua-300x300.jpg 300w, https:\/\/www.bil.com.br\/blog\/wp-content\/uploads\/2020\/10\/ferias-teen-grupos-eua-150x150.jpg 150w, https:\/\/www.bil.com.br\/blog\/wp-content\/uploads\/2020\/10\/ferias-teen-grupos-eua-60x60.jpg 60w\" sizes=\"(max-width: 600px) 100vw, 600px\" \/><\/a><figcaption class=\"wp-element-caption\"><a href=\"https:\/\/bil.com.br\/conteudo\/ebook-fet-eua.pdf\" target=\"_blank\" rel=\"noopener\">Acesse o roteiro completo<\/a><\/figcaption><\/figure>\n\n\n\n<p class=\"wp-block-paragraph\"><\/p>\n<\/div>\n\n\n\n<div class=\"wp-block-column is-layout-flow wp-block-column-is-layout-flow\">\n<p class=\"has-text-align-center wp-block-paragraph\" style=\"font-size:24px\"><a href=\"https:\/\/bil.com.br\/conteudo\/ebook-fet-nyc.pdf\" target=\"_blank\" rel=\"noopener\">F\u00e9rias Teen New York <\/a><\/p>\n\n\n\n<figure class=\"wp-block-image size-full\"><a href=\"https:\/\/www.bil.com.br\/blog\/wp-content\/uploads\/2020\/10\/ferias-teen-grupos-nyc.jpg\" target=\"_blank\" rel=\"https:\/\/bil.com.br\/conteudo\/ebook-fet-nyc.pdf noreferrer noopener\"><img decoding=\"async\" width=\"600\" height=\"600\" src=\"https:\/\/www.bil.com.br\/blog\/wp-content\/uploads\/2020\/10\/ferias-teen-grupos-nyc.jpg\" alt=\"\" class=\"wp-image-89659\" srcset=\"https:\/\/www.bil.com.br\/blog\/wp-content\/uploads\/2020\/10\/ferias-teen-grupos-nyc.jpg 600w, https:\/\/www.bil.com.br\/blog\/wp-content\/uploads\/2020\/10\/ferias-teen-grupos-nyc-300x300.jpg 300w, https:\/\/www.bil.com.br\/blog\/wp-content\/uploads\/2020\/10\/ferias-teen-grupos-nyc-150x150.jpg 150w, https:\/\/www.bil.com.br\/blog\/wp-content\/uploads\/2020\/10\/ferias-teen-grupos-nyc-60x60.jpg 60w\" sizes=\"(max-width: 600px) 100vw, 600px\" \/><\/a><figcaption class=\"wp-element-caption\"><a href=\"https:\/\/bil.com.br\/conteudo\/ebook-fet-nyc.pdf\" target=\"_blank\" rel=\"noopener\">Acesse o roteiro completo<\/a><\/figcaption><\/figure>\n<\/div>\n<\/div>\n\n\n\n<hr class=\"wp-block-separator has-alpha-channel-opacity\"\/>\n\n\n\n<h2 class=\"wp-block-heading\"><strong>Maiores de idade<\/strong><\/h2>\n\n\n\n<div class=\"wp-block-media-text alignwide is-stacked-on-mobile\"><figure class=\"wp-block-media-text__media\"><img decoding=\"async\" width=\"400\" height=\"400\" src=\"https:\/\/www.bil.com.br\/blog\/wp-content\/uploads\/2022\/05\/destaque-malta.png\" alt=\"\" class=\"wp-image-127329 size-full\" srcset=\"https:\/\/www.bil.com.br\/blog\/wp-content\/uploads\/2022\/05\/destaque-malta.png 400w, https:\/\/www.bil.com.br\/blog\/wp-content\/uploads\/2022\/05\/destaque-malta-300x300.png 300w, https:\/\/www.bil.com.br\/blog\/wp-content\/uploads\/2022\/05\/destaque-malta-150x150.png 150w, https:\/\/www.bil.com.br\/blog\/wp-content\/uploads\/2022\/05\/destaque-malta-60x60.png 60w\" sizes=\"(max-width: 400px) 100vw, 400px\" \/><\/figure><div class=\"wp-block-media-text__content\">\n<p class=\"wp-block-paragraph\" style=\"font-size:30px\">Pacote Malta<\/p>\n\n\n\n<p class=\"wp-block-paragraph\"><strong>3 semanas:<\/strong><br>&#8211; Curso de ingl\u00eas<br>&#8211; Materia did\u00e1tico<br>&#8211; Taxa de inscri\u00e7\u00e3o da escola<br>&#8211; Acomoda\u00e7\u00e3o em resid\u00eancia estudantil<br>&#8211; Taxa de acomoda\u00e7\u00e3o<br>&#8211; Transfer de chegada e sa\u00edda do aeroporto<br>&#8211; Taxa administrativa BIL<br>&#8211; Seguro sa\u00fade internacional Premium<\/p>\n\n\n\n<p class=\"has-medium-font-size wp-block-paragraph\">Entrada de R$ 1.167 + 10x de R$ 522<\/p>\n<\/div><\/div>\n\n\n\n<div class=\"wp-block-media-text alignwide has-media-on-the-right is-stacked-on-mobile\"><div class=\"wp-block-media-text__content\">\n<p class=\"wp-block-paragraph\" style=\"font-size:30px\">Pacote Toronto<\/p>\n\n\n\n<p class=\"wp-block-paragraph\"><strong>1 m\u00eas:<\/strong><br>&#8211; Curso de ingl\u00eas<br>&#8211; Materia did\u00e1tico<br>&#8211; Taxa de inscri\u00e7\u00e3o da escola<br>&#8211; Acomoda\u00e7\u00e3o em casa de fam\u00edlia<br>&#8211; Quarto individual<br>&#8211; Caf\u00e9 da manh\u00e3 e jantar<br>&#8211; Taxa de acomoda\u00e7\u00e3o<br>&#8211; Transfer de chegada e sa\u00edda do aeroporto<br>&#8211; Taxa administrativa BIL<br>&#8211; Seguro sa\u00fade internacional Premium<\/p>\n\n\n\n<p class=\"has-medium-font-size wp-block-paragraph\">10x de R$ 1.168 sem juros e sem entrada<\/p>\n<\/div><figure class=\"wp-block-media-text__media\"><img loading=\"lazy\" decoding=\"async\" width=\"1024\" height=\"1024\" src=\"https:\/\/www.bil.com.br\/blog\/wp-content\/uploads\/2020\/12\/destino-toronto1-1024x1024.jpg\" alt=\"\" class=\"wp-image-105076 size-full\" srcset=\"https:\/\/www.bil.com.br\/blog\/wp-content\/uploads\/2020\/12\/destino-toronto1-1024x1024.jpg 1024w, https:\/\/www.bil.com.br\/blog\/wp-content\/uploads\/2020\/12\/destino-toronto1-300x300.jpg 300w, https:\/\/www.bil.com.br\/blog\/wp-content\/uploads\/2020\/12\/destino-toronto1-150x150.jpg 150w, https:\/\/www.bil.com.br\/blog\/wp-content\/uploads\/2020\/12\/destino-toronto1-768x768.jpg 768w, https:\/\/www.bil.com.br\/blog\/wp-content\/uploads\/2020\/12\/destino-toronto1-60x60.jpg 60w, https:\/\/www.bil.com.br\/blog\/wp-content\/uploads\/2020\/12\/destino-toronto1.jpg 1080w\" sizes=\"(max-width: 1024px) 100vw, 1024px\" \/><\/figure><\/div>\n\n\n\n<hr class=\"wp-block-separator has-alpha-channel-opacity\"\/>\n\n\n\n<figure class=\"wp-block-image size-full\"><a href=\"https:\/\/www.bil.com.br\/blog\/wp-content\/uploads\/2023\/01\/ferias-vip-londres.png\" target=\"_blank\" rel=\"https:\/\/www.bil.com.br\/blog\/intercambio-vip-londres-nas-ferias-2023\/eferrer noopener\"><img loading=\"lazy\" decoding=\"async\" width=\"1024\" height=\"210\" src=\"https:\/\/www.bil.com.br\/blog\/wp-content\/uploads\/2023\/01\/ferias-vip-londres.png\" alt=\"\" class=\"wp-image-128303\" srcset=\"https:\/\/www.bil.com.br\/blog\/wp-content\/uploads\/2023\/01\/ferias-vip-londres.png 1024w, https:\/\/www.bil.com.br\/blog\/wp-content\/uploads\/2023\/01\/ferias-vip-londres-300x62.png 300w, https:\/\/www.bil.com.br\/blog\/wp-content\/uploads\/2023\/01\/ferias-vip-londres-768x158.png 768w\" sizes=\"(max-width: 1024px) 100vw, 1024px\" \/><\/a><figcaption class=\"wp-element-caption\"><a href=\"https:\/\/www.bil.com.br\/blog\/intercambio-vip-londres-nas-ferias-2023\/\">Pacote F\u00e9rias VIP Londres<\/a><\/figcaption><\/figure>\n\n\n\n<hr class=\"wp-block-separator has-alpha-channel-opacity\"\/>\n\n\n\n<p class=\"wp-block-paragraph\"><em>Ent\u00e3o, gostou das dicas sobre destinos com vagas para 2023 e 2024? Deixe o seu coment\u00e1rio e compartilhe este conte\u00fado nas suas redes sociais! <\/em><a href=\"https:\/\/www.instagram.com\/bilintercambios\/\" target=\"_blank\" rel=\"noopener\"><em>Siga a BIL Interc\u00e2mbios no Instagram<\/em><\/a><em>!<\/em><\/p>\n\n\n\n<figure class=\"wp-block-image aligncenter size-full\"><a href=\"https:\/\/api.whatsapp.com\/send?phone=551135958200&amp;text=%5BBLOG%5D%20%E2%80%93%20Ol%C3%A1%20gostaria%20de%20mais%20informa%C3%A7%C3%B5es%20sobre%20interc%C3%A2mbio\" target=\"_blank\" rel=\"noopener\"><img loading=\"lazy\" decoding=\"async\" width=\"1024\" height=\"210\" src=\"https:\/\/www.bil.com.br\/blog\/wp-content\/uploads\/2022\/12\/baner-post-whatsapp.png\" alt=\"\" class=\"wp-image-128180\" srcset=\"https:\/\/www.bil.com.br\/blog\/wp-content\/uploads\/2022\/12\/baner-post-whatsapp.png 1024w, https:\/\/www.bil.com.br\/blog\/wp-content\/uploads\/2022\/12\/baner-post-whatsapp-300x62.png 300w, https:\/\/www.bil.com.br\/blog\/wp-content\/uploads\/2022\/12\/baner-post-whatsapp-768x158.png 768w\" sizes=\"(max-width: 1024px) 100vw, 1024px\" \/><\/a><\/figure>\n","protected":false},"excerpt":{"rendered":"<p><span class=\"span-reading-time rt-reading-time\" style=\"display: block;\"><span class=\"rt-label rt-prefix\">Tempo de Leitura: <\/span> <span class=\"rt-time\"> 2<\/span> <span class=\"rt-label rt-postfix\">minutos<\/span><\/span>Veja os programas e destinos com vagas para 2023 e 2024 Menores de idade F\u00e9rias Teen UCLA F\u00e9rias Teen New York Maiores de idade Pacote Malta 3 semanas:&#8211; Curso de ingl\u00eas&#8211; Materia did\u00e1tico&#8211; Taxa de inscri\u00e7\u00e3o da escola&#8211; Acomoda\u00e7\u00e3o em resid\u00eancia estudantil&#8211; Taxa de acomoda\u00e7\u00e3o&#8211; Transfer de chegada e sa\u00edda do aeroporto&#8211; Taxa administrativa BIL&#8211; [&hellip;]<\/p>\n","protected":false},"author":1,"featured_media":128297,"comment_status":"open","ping_status":"open","sticky":false,"template":"","format":"standard","meta":{"om_disable_all_campaigns":false,"_monsterinsights_skip_tracking":false,"_monsterinsights_sitenote_active":false,"_monsterinsights_sitenote_note":"","_monsterinsights_sitenote_category":0,"_uf_show_specific_survey":0,"_uf_disable_surveys":false,"footnotes":""},"categories":[2,5],"tags":[30,303,18,33,446],"class_list":["post-128296","post","type-post","status-publish","format-standard","has-post-thumbnail","hentry","category-cursos-de-idiomas","category-ferias-teen","tag-estudar-no-exterior","tag-ferias-teen","tag-intercambio","tag-intercambio-barato","tag-intercambio-em-grupo"],"_links":{"self":[{"href":"https:\/\/www.bil.com.br\/blog\/wp-json\/wp\/v2\/posts\/128296","targetHints":{"allow":["GET"]}}],"collection":[{"href":"https:\/\/www.bil.com.br\/blog\/wp-json\/wp\/v2\/posts"}],"about":[{"href":"https:\/\/www.bil.com.br\/blog\/wp-json\/wp\/v2\/types\/post"}],"author":[{"embeddable":true,"href":"https:\/\/www.bil.com.br\/blog\/wp-json\/wp\/v2\/users\/1"}],"replies":[{"embeddable":true,"href":"https:\/\/www.bil.com.br\/blog\/wp-json\/wp\/v2\/comments?post=128296"}],"version-history":[{"count":0,"href":"https:\/\/www.bil.com.br\/blog\/wp-json\/wp\/v2\/posts\/128296\/revisions"}],"wp:featuredmedia":[{"embeddable":true,"href":"https:\/\/www.bil.com.br\/blog\/wp-json\/wp\/v2\/media\/128297"}],"wp:attachment":[{"href":"https:\/\/www.bil.com.br\/blog\/wp-json\/wp\/v2\/media?parent=128296"}],"wp:term":[{"taxonomy":"category","embeddable":true,"href":"https:\/\/www.bil.com.br\/blog\/wp-json\/wp\/v2\/categories?post=128296"},{"taxonomy":"post_tag","embeddable":true,"href":"https:\/\/www.bil.com.br\/blog\/wp-json\/wp\/v2\/tags?post=128296"}],"curies":[{"name":"wp","href":"https:\/\/api.w.org\/{rel}","templated":true}]}}