{"id":128833,"date":"2023-04-13T00:00:00","date_gmt":"2023-04-13T00:00:00","guid":{"rendered":"https:\/\/www.bil.com.br\/blog\/?p=128833"},"modified":"2025-05-09T20:09:22","modified_gmt":"2025-05-09T20:09:22","slug":"intercambio-de-inverno-motivos-para-viajar-para-nas-ferias","status":"publish","type":"post","link":"https:\/\/www.bil.com.br\/blog\/intercambio-de-inverno-motivos-para-viajar-para-nas-ferias\/","title":{"rendered":"Interc\u00e2mbio de Inverno &#8211; Motivos para viajar nas f\u00e9rias"},"content":{"rendered":"<span class=\"span-reading-time rt-reading-time\" style=\"display: block;\"><span class=\"rt-label rt-prefix\">Tempo de Leitura: <\/span> <span class=\"rt-time\"> 3<\/span> <span class=\"rt-label rt-postfix\">minutos<\/span><\/span>\n<p class=\"wp-block-paragraph\">Voc\u00ea sabia que h\u00e1 muitos atrativos ao optar por um <strong><em>interc\u00e2mbio de inverno<\/em><\/strong>? Estes programas acontecem durante as f\u00e9rias brasileiras, quando est\u00e1 bem quente no Brasil, e quando o auge do inverno no hemisf\u00e9rio Norte acontece. H\u00e1 muitas vantagens em aproveitar a esta\u00e7\u00e3o mais fria do ano para viajar e conhecer paisagens nada comuns com as do nosso pa\u00eds. A seguir, conhe\u00e7a algumas destas vantagens!<\/p>\n\n\n\n<h2 class=\"wp-block-heading\"><strong>Por que viajar nas f\u00e9rias do Brasil?<\/strong><\/h2>\n\n\n\n<p class=\"wp-block-paragraph\">Sol, mar, calor acimas dos 40 graus. Apesar do ver\u00e3o brasileiro ser tropical e irresist\u00edvel, que tal seria conhecer o inverno do hemisf\u00e9rio Norte durante as suas f\u00e9rias de ver\u00e3o? Um interc\u00e2mbio de inverno \u00e9 muito mais do que ver a neve \u2013 algo inexistente no territ\u00f3rio brasileiro.<\/p>\n\n\n\n<p class=\"wp-block-paragraph\">Viajar neste per\u00edodo \u00e9 ter mais economia, conhecer esportes e atrativos que s\u00f3 acontecem no inverno nevado, conhecer paisagem que caracterizam determinadas regi\u00f5es, conhecer a gastronomia dos dias mais frios e muito mais.<\/p>\n\n\n\n<h2 class=\"wp-block-heading\"><strong>Economia<\/strong><\/h2>\n\n\n\n<p class=\"wp-block-paragraph\">Em resumo, voc\u00ea pode aproveitar grandes descontos em pacotes interc\u00e2mbio de inverno. Muitos alunos ao redor do mundo preferem viajar durante o ver\u00e3o. H\u00e1 procura por turismo de inverno, mas menos por estudos durante o inverno. Logo, \u00e9 poss\u00edvel conseguir pre\u00e7os mais em conta em cursos, taxas, matr\u00edculas e ainda aproveitar condi\u00e7\u00f5es especiais, como cursos com hospedagem, etc.<\/p>\n\n\n\n<h2 class=\"wp-block-heading\"><strong>Conhecer o inverno rigoroso e seus atrativos<\/strong><\/h2>\n\n\n\n<p class=\"wp-block-paragraph\">Em resumo, para o brasileiro, toda oportunidade de conhecer ou curtir um destino de inverno deve ser aproveitada. A comida, a paisagem, os esportes, o lazer: tudo \u00e9 diferente em um pa\u00eds em que o inverno \u00e9 rigoroso. Al\u00e9m disso, muitos contam com \u00f3timas escolas de idiomas para estrangeiros nesta fase do ano, justamente para dar oportunidade aos estudantes de conhecerem a esta\u00e7\u00e3o bem definida.<\/p>\n\n\n\n<h2 class=\"wp-block-heading\"><strong>Praticar esportes durante o interc\u00e2mbio de inverno<\/strong><\/h2>\n\n\n\n<p class=\"wp-block-paragraph\">Sobretudo, h\u00e1 esportes que s\u00f3 acontecem no inverno e muitos destinos de interc\u00e2mbio s\u00e3o internacionalmente conhecidos pelos seus esportes e eventos nesta esta\u00e7\u00e3o. Ali\u00e1s, patina\u00e7\u00e3o no gelo, esqui em todas as suas especialidades, o biatlo, o h\u00f3quei no gelo, o curling s\u00e3o exemplos de esportes de inverno que voc\u00ea pode conhecer durante o seu interc\u00e2mbio.<\/p>\n\n\n\n<h2 class=\"wp-block-heading\"><strong>F\u00e9rias Teen Montreal 2024<\/strong><\/h2>\n\n\n\n<p class=\"wp-block-paragraph\">Uma dica de destino para interc\u00e2mbio de inverno \u00e9 Montreal, que conta com \u00f3timas escolas e programas de interc\u00e2mbio, com a possibilidade de estudar dois idiomas \u2013 o ingl\u00eas e o franc\u00eas.<\/p>\n\n\n\n<p class=\"wp-block-paragraph\">O F\u00e9rias Teen Montreal 2024, que acontecer\u00e1 em janeiro do pr\u00f3ximo ano, j\u00e1 est\u00e1 com inscri\u00e7\u00f5es abertas e se destina a jovens de 12 a 17 anos. O programa de interc\u00e2mbio \u00e9 em grupo, com guia especializado para dar apoio ao estudante em todo momento.<\/p>\n\n\n\n<p class=\"wp-block-paragraph\">Para finalizar, os alunos podem escolher se desejam ter aula de ingl\u00eas ou franc\u00eas. Todos os professores s\u00e3o experientes e certificados. As turmas t\u00eam no m\u00e1ximo 18 alunos. Ser\u00e3o 2 semanas de curso de imers\u00e3o, bem como passeios e hospedagem inclusos. <\/p>\n\n\n\n<p class=\"wp-block-paragraph\">Os alunos ficam hospedados em resid\u00eancia VIP, localizada a 5 minutos do campus. \u00c9 uma \u00f3tima oportunidade para estudar, passear e curtir o que Montreal tem a oferecer durante o inverno canadense! <a href=\"https:\/\/bil.com.br\/ferias-teen\/fet-montreal\" target=\"_blank\" rel=\"noopener\">Veja mais neste link<\/a>!<\/p>\n\n\n\n<figure class=\"wp-block-image size-full\"><a href=\"https:\/\/api.whatsapp.com\/send?phone=551135958200&amp;text=%5BBLOG%5D%20%E2%80%93%20Ol%C3%A1%20gostaria%20de%20mais%20informa%C3%A7%C3%B5es%20sobre%20interc%C3%A2mbio\" target=\"_blank\" rel=\"noopener\"><img fetchpriority=\"high\" decoding=\"async\" width=\"1024\" height=\"210\" src=\"https:\/\/www.bil.com.br\/blog\/wp-content\/uploads\/2023\/02\/baner-post-whatsapp.png\" alt=\"\" class=\"wp-image-128325\" srcset=\"https:\/\/www.bil.com.br\/blog\/wp-content\/uploads\/2023\/02\/baner-post-whatsapp.png 1024w, https:\/\/www.bil.com.br\/blog\/wp-content\/uploads\/2023\/02\/baner-post-whatsapp-300x62.png 300w, https:\/\/www.bil.com.br\/blog\/wp-content\/uploads\/2023\/02\/baner-post-whatsapp-768x158.png 768w\" sizes=\"(max-width: 1024px) 100vw, 1024px\" \/><\/a><\/figure>\n\n\n\n<p class=\"wp-block-paragraph\"><strong>Veja tamb\u00e9m:<\/strong> <a href=\"https:\/\/www.bil.com.br\/blog\/menor-de-idade-em-residencia-estudantil-santa-barbara\/\">Menor de idade em resid\u00eancia estudantil \u2013 Santa B\u00e1rbara<\/a><\/p>\n\n\n\n<p class=\"wp-block-paragraph\"><em>Ent\u00e3o, gostou das dicas de interc\u00e2mbio de inverno? Deixe o seu coment\u00e1rio e compartilhe este conte\u00fado nas suas redes sociais! <\/em><a href=\"https:\/\/www.instagram.com\/bilintercambios\/\" target=\"_blank\" rel=\"noopener\"><em>Siga a BIL Interc\u00e2mbios no Instagram<\/em><\/a><em>!<\/em><\/p>\n","protected":false},"excerpt":{"rendered":"<p><span class=\"span-reading-time rt-reading-time\" style=\"display: block;\"><span class=\"rt-label rt-prefix\">Tempo de Leitura: <\/span> <span class=\"rt-time\"> 3<\/span> <span class=\"rt-label rt-postfix\">minutos<\/span><\/span>Voc\u00ea sabia que h\u00e1 muitos atrativos ao optar por um interc\u00e2mbio de inverno? Estes programas acontecem durante as f\u00e9rias brasileiras, quando est\u00e1 bem quente no Brasil, e quando o auge do inverno no hemisf\u00e9rio Norte acontece. H\u00e1 muitas vantagens em aproveitar a esta\u00e7\u00e3o mais fria do ano para viajar e conhecer paisagens nada comuns com [&hellip;]<\/p>\n","protected":false},"author":1,"featured_media":128794,"comment_status":"open","ping_status":"open","sticky":false,"template":"","format":"standard","meta":{"om_disable_all_campaigns":false,"_monsterinsights_skip_tracking":false,"_monsterinsights_sitenote_active":false,"_monsterinsights_sitenote_note":"","_monsterinsights_sitenote_category":0,"_uf_show_specific_survey":0,"_uf_disable_surveys":false,"footnotes":""},"categories":[5],"tags":[76,30,566,18,33,120],"class_list":["post-128833","post","type-post","status-publish","format-standard","has-post-thumbnail","hentry","category-ferias-teen","tag-cursos-no-exterior","tag-estudar-no-exterior","tag-ferias-teen-montreal-2024","tag-intercambio","tag-intercambio-barato","tag-intercambio-no-canada"],"_links":{"self":[{"href":"https:\/\/www.bil.com.br\/blog\/wp-json\/wp\/v2\/posts\/128833","targetHints":{"allow":["GET"]}}],"collection":[{"href":"https:\/\/www.bil.com.br\/blog\/wp-json\/wp\/v2\/posts"}],"about":[{"href":"https:\/\/www.bil.com.br\/blog\/wp-json\/wp\/v2\/types\/post"}],"author":[{"embeddable":true,"href":"https:\/\/www.bil.com.br\/blog\/wp-json\/wp\/v2\/users\/1"}],"replies":[{"embeddable":true,"href":"https:\/\/www.bil.com.br\/blog\/wp-json\/wp\/v2\/comments?post=128833"}],"version-history":[{"count":2,"href":"https:\/\/www.bil.com.br\/blog\/wp-json\/wp\/v2\/posts\/128833\/revisions"}],"predecessor-version":[{"id":134341,"href":"https:\/\/www.bil.com.br\/blog\/wp-json\/wp\/v2\/posts\/128833\/revisions\/134341"}],"wp:featuredmedia":[{"embeddable":true,"href":"https:\/\/www.bil.com.br\/blog\/wp-json\/wp\/v2\/media\/128794"}],"wp:attachment":[{"href":"https:\/\/www.bil.com.br\/blog\/wp-json\/wp\/v2\/media?parent=128833"}],"wp:term":[{"taxonomy":"category","embeddable":true,"href":"https:\/\/www.bil.com.br\/blog\/wp-json\/wp\/v2\/categories?post=128833"},{"taxonomy":"post_tag","embeddable":true,"href":"https:\/\/www.bil.com.br\/blog\/wp-json\/wp\/v2\/tags?post=128833"}],"curies":[{"name":"wp","href":"https:\/\/api.w.org\/{rel}","templated":true}]}}