{"id":129009,"date":"2023-05-31T00:00:00","date_gmt":"2023-05-31T00:00:00","guid":{"rendered":"https:\/\/www.bil.com.br\/blog\/?p=129009"},"modified":"2023-05-22T11:57:38","modified_gmt":"2023-05-22T11:57:38","slug":"mala-de-mao-o-que-levar-na-hora-de-viajar","status":"publish","type":"post","link":"https:\/\/www.bil.com.br\/blog\/mala-de-mao-o-que-levar-na-hora-de-viajar\/","title":{"rendered":"Mala de M\u00e3o &#8211; O que levar na hora de viajar?"},"content":{"rendered":"<span class=\"span-reading-time rt-reading-time\" style=\"display: block;\"><span class=\"rt-label rt-prefix\">Tempo de Leitura: <\/span> <span class=\"rt-time\"> 2<\/span> <span class=\"rt-label rt-postfix\">minutos<\/span><\/span>\n<p class=\"wp-block-paragraph\">A <strong><em>mala de m\u00e3o<\/em><\/strong> \u00e9 indispens\u00e1vel em qualquer viagem, inclusive para quem ir\u00e1 estudar no exterior. Alguns itens n\u00e3o podem faltar e outros devem ser despachados com sua bagagem. Al\u00e9m disso, a mala de m\u00e3o segue algumas regras, que voc\u00ea precisa conhecer. A seguir, confira as dicas e viaje mais seguro!<\/p>\n\n\n\n<h2 class=\"wp-block-heading\"><strong>Regras da mala de m\u00e3o<\/strong><\/h2>\n\n\n\n<p class=\"wp-block-paragraph\">Primeiramente, a mala de m\u00e3o \u00e9 aquela bagagem de at\u00e9 10 quilos \u2013 n\u00e3o pode exceder \u2013 que o viajante leva consigo no avi\u00e3o. Ou seja, que voc\u00ea n\u00e3o precisa despachar com o restante das malas maiores.<\/p>\n\n\n\n<p class=\"wp-block-paragraph\">Desta forma, pode ser acomodada no compartimento perto dos acentos interiores. Sobretudo, neste tipo de bagagem, \u00e9 indicado levar itens indispens\u00e1veis, como documentos e eletr\u00f4nicos, que possam suprir inclusive a sua necessidade pessoal caso haja extravio das demais malas.<\/p>\n\n\n\n<p class=\"wp-block-paragraph\">Ali\u00e1s, pela regra, a mala de m\u00e3o deve ter at\u00e9 10 quilos e a soma das medidas de largura, altura e profundidade n\u00e3o ultrapasse 115 cent\u00edmetros, como determinam as novas regras da Anac (Ag\u00eancia Nacional de Avia\u00e7\u00e3o Civil).<\/p>\n\n\n\n<h2 class=\"wp-block-heading\"><strong>O que levar na mala de m\u00e3o?<\/strong><\/h2>\n\n\n\n<p class=\"wp-block-paragraph\">De fato, \u00e9 muito comum as pessoas terem d\u00favidas quando esta \u00e9 a sua primeira viagem de avi\u00e3o ou primeira viagem internacional. Inclusive, \u00e9 sempre indicado levar na mala de m\u00e3o os seguintes itens:<\/p>\n\n\n\n<ul class=\"wp-block-list\">\n<li>Produtos de higiene pessoal \u2013 escova de dente, creme e fio dental, absorventes, len\u00e7os de papel, papel higi\u00eanico (quando necess\u00e1rio), etc.<\/li>\n\n\n\n<li>Itens eletr\u00f4nicos pessoais &#8211; celular, cabos, mp3, fones de ouvido, tablet, notebook e afins.<\/li>\n\n\n\n<li>Uma muda de roupa e casaco \u2013 pois, haja o extravio da bagagem, esses itens s\u00e3o de primeira necessidade.<\/li>\n\n\n\n<li>Revistas, livros e entretenimento.<\/li>\n\n\n\n<li>Documentos pessoais e de viagem, todos organizados.<\/li>\n<\/ul>\n\n\n\n<h2 class=\"wp-block-heading\"><strong>O que n\u00e3o pode ser levado na mala de m\u00e3o<\/strong><\/h2>\n\n\n\n<p class=\"wp-block-paragraph\">Mas fique atento: nem tudo voc\u00ea pode levar na bagagem de m\u00e3o:<\/p>\n\n\n\n<ul class=\"wp-block-list\">\n<li>Objetos pontiagudos.<\/li>\n\n\n\n<li>L\u00edquidos com mais de 100 ml.<\/li>\n\n\n\n<li>Produtos inflam\u00e1veis.<\/li>\n\n\n\n<li>Comidas n\u00e3o industrializadas.<\/li>\n\n\n\n<li>Desodorante aerossol.<\/li>\n<\/ul>\n\n\n\n<h2 class=\"wp-block-heading\"><strong>Viaje com a BIL!<\/strong><\/h2>\n\n\n\n<p class=\"wp-block-paragraph\">Para finalizar, agora que voc\u00ea j\u00e1 sabe o que deve levar em sua mala de m\u00e3o e est\u00e1 disposto a fazer um interc\u00e2mbio, agende uma conversa com um dos consultores da BIL Interc\u00e2mbios e saiba quais os melhores destinos para o seu perfil. Assim, conhe\u00e7a as ofertas e escolas com matr\u00edculas abertas e as condi\u00e7\u00f5es de pagamento. <\/p>\n\n\n\n<p class=\"wp-block-paragraph\">Saiba que a BIL acompanha voc\u00ea da escolha do programa de interc\u00e2mbio ao retorno ao Brasil, com total seguran\u00e7a. Fale com a gente!<\/p>\n\n\n\n<figure class=\"wp-block-image size-full\"><a href=\"https:\/\/api.whatsapp.com\/send?phone=551135958200&amp;text=%5BBLOG%5D%20%E2%80%93%20Ol%C3%A1%20gostaria%20de%20mais%20informa%C3%A7%C3%B5es%20sobre%20interc%C3%A2mbio\" target=\"_blank\" rel=\"noopener\"><img fetchpriority=\"high\" decoding=\"async\" width=\"1024\" height=\"210\" src=\"https:\/\/www.bil.com.br\/blog\/wp-content\/uploads\/2023\/02\/baner-post-whatsapp.png\" alt=\"\" class=\"wp-image-128325\" srcset=\"https:\/\/www.bil.com.br\/blog\/wp-content\/uploads\/2023\/02\/baner-post-whatsapp.png 1024w, https:\/\/www.bil.com.br\/blog\/wp-content\/uploads\/2023\/02\/baner-post-whatsapp-300x62.png 300w, https:\/\/www.bil.com.br\/blog\/wp-content\/uploads\/2023\/02\/baner-post-whatsapp-768x158.png 768w\" sizes=\"(max-width: 1024px) 100vw, 1024px\" \/><\/a><\/figure>\n\n\n\n<p class=\"wp-block-paragraph\"><strong>Veja tamb\u00e9m:<\/strong> <a href=\"https:\/\/www.bil.com.br\/blog\/estudar-na-california-santa-monica-ou-san-diego\/\">Estudar na Calif\u00f3rnia: Santa Monica ou San Diego?<\/a><\/p>\n\n\n\n<p class=\"wp-block-paragraph\"><em>Ent\u00e3o, gostou das dicas sobre mala de m\u00e3o? Deixe o seu coment\u00e1rio e compartilhe este conte\u00fado nas suas redes sociais! <\/em><a href=\"https:\/\/www.instagram.com\/bilintercambios\/\" target=\"_blank\" rel=\"noopener\"><em>Siga a BIL Interc\u00e2mbios no Instagram<\/em><\/a><em>!<\/em><\/p>\n","protected":false},"excerpt":{"rendered":"<p><span class=\"span-reading-time rt-reading-time\" style=\"display: block;\"><span class=\"rt-label rt-prefix\">Tempo de Leitura: <\/span> <span class=\"rt-time\"> 2<\/span> <span class=\"rt-label rt-postfix\">minutos<\/span><\/span>A mala de m\u00e3o \u00e9 indispens\u00e1vel em qualquer viagem, inclusive para quem ir\u00e1 estudar no exterior. Alguns itens n\u00e3o podem faltar e outros devem ser despachados com sua bagagem. Al\u00e9m disso, a mala de m\u00e3o segue algumas regras, que voc\u00ea precisa conhecer. A seguir, confira as dicas e viaje mais seguro! Regras da mala de [&hellip;]<\/p>\n","protected":false},"author":4,"featured_media":129010,"comment_status":"open","ping_status":"open","sticky":false,"template":"","format":"standard","meta":{"om_disable_all_campaigns":false,"_monsterinsights_skip_tracking":false,"_monsterinsights_sitenote_active":false,"_monsterinsights_sitenote_note":"","_monsterinsights_sitenote_category":0,"_uf_show_specific_survey":0,"_uf_disable_surveys":false,"footnotes":""},"categories":[2],"tags":[76,29,30,18,575,15],"class_list":["post-129009","post","type-post","status-publish","format-standard","has-post-thumbnail","hentry","category-cursos-de-idiomas","tag-cursos-no-exterior","tag-dicas-de-intercambio","tag-estudar-no-exterior","tag-intercambio","tag-mala-de-mao","tag-viagem"],"_links":{"self":[{"href":"https:\/\/www.bil.com.br\/blog\/wp-json\/wp\/v2\/posts\/129009","targetHints":{"allow":["GET"]}}],"collection":[{"href":"https:\/\/www.bil.com.br\/blog\/wp-json\/wp\/v2\/posts"}],"about":[{"href":"https:\/\/www.bil.com.br\/blog\/wp-json\/wp\/v2\/types\/post"}],"author":[{"embeddable":true,"href":"https:\/\/www.bil.com.br\/blog\/wp-json\/wp\/v2\/users\/4"}],"replies":[{"embeddable":true,"href":"https:\/\/www.bil.com.br\/blog\/wp-json\/wp\/v2\/comments?post=129009"}],"version-history":[{"count":0,"href":"https:\/\/www.bil.com.br\/blog\/wp-json\/wp\/v2\/posts\/129009\/revisions"}],"wp:featuredmedia":[{"embeddable":true,"href":"https:\/\/www.bil.com.br\/blog\/wp-json\/wp\/v2\/media\/129010"}],"wp:attachment":[{"href":"https:\/\/www.bil.com.br\/blog\/wp-json\/wp\/v2\/media?parent=129009"}],"wp:term":[{"taxonomy":"category","embeddable":true,"href":"https:\/\/www.bil.com.br\/blog\/wp-json\/wp\/v2\/categories?post=129009"},{"taxonomy":"post_tag","embeddable":true,"href":"https:\/\/www.bil.com.br\/blog\/wp-json\/wp\/v2\/tags?post=129009"}],"curies":[{"name":"wp","href":"https:\/\/api.w.org\/{rel}","templated":true}]}}