{"id":129599,"date":"2023-09-06T18:00:00","date_gmt":"2023-09-06T18:00:00","guid":{"rendered":"https:\/\/www.bil.com.br\/blog\/?p=129599"},"modified":"2025-05-20T18:50:27","modified_gmt":"2025-05-20T18:50:27","slug":"winter-camp-o-que-e-e-como-funciona","status":"publish","type":"post","link":"https:\/\/www.bil.com.br\/blog\/winter-camp-o-que-e-e-como-funciona\/","title":{"rendered":"Winter Camp &#8211; O que \u00e9 e como funciona?"},"content":{"rendered":"<span class=\"span-reading-time rt-reading-time\" style=\"display: block;\"><span class=\"rt-label rt-prefix\">Tempo de Leitura: <\/span> <span class=\"rt-time\"> 4<\/span> <span class=\"rt-label rt-postfix\">minutos<\/span><\/span>\n<p class=\"wp-block-paragraph\">Sem tempo para fazer um interc\u00e2mbio, mas sempre sonhou em conhecer o inverno do hemisf\u00e9rio norte? A dica de hoje \u00e9 o <strong><em>Winter Camp<\/em><\/strong>, um interc\u00e2mbio de inverno, de curta dura\u00e7\u00e3o, em pleno inverno canadense. A boa not\u00edcia \u00e9 que as matr\u00edculas para a pr\u00f3xima turma do F\u00e9rias Teen Montreal 2024 j\u00e1 est\u00e3o abertas. A seguir, confira todos os detalhes deste programa de interc\u00e2mbio!<\/p>\n\n\n\n<h2 class=\"wp-block-heading\"><strong>O que \u00e9 o Winter Camp?<\/strong><\/h2>\n\n\n\n<p class=\"wp-block-paragraph\">Primeiramente, o Wintercamp \u00e9 um programa de interc\u00e2mbio destinado ao p\u00fablico jovem que acontece durante o inverno no pa\u00eds de destino, em destaque para F\u00e9rias Teen Montreal 2024, que traz ao estudante uma experi\u00eancia \u00fanica. Inclusive, h\u00e1 muitas atra\u00e7\u00f5es e vantagens em se fazer um interc\u00e2mbio durante o inverno do Hemisf\u00e9rio Norte, ainda mais quando voc\u00ea nunca conheceu o clima frio em seu auge.<\/p>\n\n\n\n<p class=\"wp-block-paragraph\">Desta forma, o Wintercamp \u00e9 um programa de curta dura\u00e7\u00e3o, que acontece durante as f\u00e9rias escolares brasileiras. Logo, tem um \u00f3timo custo-benef\u00edcio, pois o estudante imerge na cultura e tem aulas todos os dias, al\u00e9m de poder aproveitar os atrativos do alto inverno \u2013 esportes invernais, gastronomia, conhecer pessoas de outras partes do mundo e muito mais.<\/p>\n\n\n\n<p class=\"wp-block-paragraph\">O foco desta modalidade de interc\u00e2mbio, al\u00e9m das aulas comuns em sala, s\u00e3o as atividades guiadas e as atividades fora do campus. Estas atividades s\u00e3o bastante variadas, previamente programadas, e fazem com que voc\u00ea aprenda o idioma com muito mais facilidade.<\/p>\n\n\n\n<h2 class=\"wp-block-heading\"><strong>Atra\u00e7\u00f5es de inverno<\/strong><\/h2>\n\n\n\n<p class=\"wp-block-paragraph\">O inverno do Hemisf\u00e9rio Norte \u2013 como \u00e9 o caso do rigoroso inverno canadense \u2013 permite com que voc\u00ea tenha uma experi\u00eancia muito diferente, que jamais teria no Brasil. Atividades como patina\u00e7\u00e3o no gelo, esqui, snowboard e crosscrountry ski s\u00e3o exemplos de esportes t\u00edpicos da regi\u00e3o.<\/p>\n\n\n\n<h2 class=\"wp-block-heading\"><strong>F\u00e9rias Teen Montreal 2024<\/strong><\/h2>\n\n\n\n<p class=\"wp-block-paragraph\">Um exemplo de Wintercamp \u00e9 o <a href=\"https:\/\/bil.com.br\/ferias-teen\/fet-montreal\" target=\"_blank\" rel=\"noopener\">programa F\u00e9rias Teen Montreal 2024<\/a>, que j\u00e1 est\u00e1 com matr\u00edculas abertas e acontece em janeiro do pr\u00f3ximo ano. Trata-se de um interc\u00e2mbio em grupo, destinado a jovens de 12 a 17 anos, com duas semanas intensas de aulas e atividades extracurriculares, em pleno inverno de Montreal, no Canad\u00e1.<\/p>\n\n\n\n<p class=\"wp-block-paragraph\">A grande vantagem, al\u00e9m de ser um programa muito pr\u00e1tico e intensivo, \u00e9 que o estudante pode aprender ingl\u00eas e franc\u00eas ao mesmo tempo (programa bilingue), o que torna o curso muito atrativo. Por isso, as vagas s\u00e3o limitadas, j\u00e1 que h\u00e1 grande procura.<\/p>\n\n\n\n<p class=\"wp-block-paragraph\">O programa conta com refei\u00e7\u00f5es inclusas, alojamento em resid\u00eancia estudantil no centro de Montreal (com seguran\u00e7a 24 horas) e atividades que acontecem de manh\u00e3, \u00e0 tarde e \u00e0 noite. Ou seja, voc\u00ea aprender\u00e1 a todo momento e conhecer\u00e1 estudantes de todo o mundo.<\/p>\n\n\n\n<h2 class=\"wp-block-heading\"><strong>Monitores brasileiros<\/strong><\/h2>\n\n\n\n<p class=\"wp-block-paragraph\">Al\u00e9m de passeios, atividades extras e esportes de inverno e das aulas em sala, com professores renomados e especializados, o programa F\u00e9rias Teen Montreal 2024 \u00e9 uma exclusividade da BIL Interc\u00e2mbios e a todo momento a nossa equipe estar\u00e1 com o estudante, desde antes da sa\u00edda do Brasil at\u00e9 o seu retorno. No final, o estudante recebe um certificado internacional de conclus\u00e3o.<\/p>\n\n\n\n<p class=\"wp-block-paragraph\">Ali\u00e1s, entre os passeios e atividades inclusos, est\u00e3o as visitas a Quebec, ao Ice skating, ao Biodome, passeio ao shopping, Planet\u00e1rio, Mount Royal, ao bowling, ao snow tubing, ao trampoling park, ao famoso Amazing Race, Aura Show e Skiing.<\/p>\n\n\n\n<h2 class=\"wp-block-heading\"><strong>Por que viajar para Montreal?<\/strong><\/h2>\n\n\n\n<p class=\"wp-block-paragraph\">De fato, Montreal \u00e9 o supra sumo do inverno canadense. Sobretudo, \u00e9 a segunda maior cidade do Canad\u00e1 e fica localizada na prov\u00edncia de Quebec. Recebeu coloniza\u00e7\u00e3o francesa e isso se destaca em sua arquitetura e no seu jeito de ser. Al\u00e9m disso, \u00e9 uma cidade com grande qualidade de vida, vida cultural efervescente e atra\u00e7\u00f5es que acontecem durante todo o ano.<\/p>\n\n\n\n<p class=\"wp-block-paragraph\">A cidade \u00e9 um ponto de turismo de inverno muito popular em todo o planeta, com v\u00e1rias atra\u00e7\u00f5es. \u00c9 a segunda maior cidade de l\u00edngua francesa do mundo. Ou seja, possui muitos parques e \u00e9 muito arborizada, mas durante o inverno, conta com v\u00e1rios t\u00faneis que interligam a cidade e protegem as pessoas do frio rigoroso. Entre novembro e mar\u00e7o, o frio congelante, com temperatura m\u00e9dia de \u2013 15<sup>o<\/sup>C.<\/p>\n\n\n\n<h2 class=\"wp-block-heading\"><strong>Vantagens do Winter Camp?<\/strong><\/h2>\n\n\n\n<p class=\"wp-block-paragraph\">Em resumo, cursar um Winter Camp durante as f\u00e9rias escolares, ainda mais sendo o F\u00e9rias Teen Montreal 2024, tem grandes vantagens que muitos outros cursos de interc\u00e2mbio n\u00e3o oferecem:<\/p>\n\n\n\n<ul class=\"wp-block-list\">\n<li>Turma de no m\u00e1ximo 18 alunos.<\/li>\n\n\n\n<li>Suporte de monitores brasileiros durante toda a viagem.<\/li>\n\n\n\n<li>3 refei\u00e7\u00f5es inclusas, acomoda\u00e7\u00e3o com piscina e internet, passeios inclusos e muitas atividades extras.<\/li>\n\n\n\n<li>Programa intensivo de 2 semanas.<\/li>\n\n\n\n<li>Conhecer estudantes de todas as partes do mundo.<\/li>\n\n\n\n<li>Experimentar tudo o que o inverno canadense tem de melhor.<\/li>\n\n\n\n<li>Certificado internacional.<\/li>\n\n\n\n<li>F\u00e9rias em grupo.<\/li>\n\n\n\n<li>Seguro-viagem incluso, assim como material did\u00e1tico e transportes.<\/li>\n\n\n\n<li>Interc\u00e2mbio bilingue \u2013 aprenda franc\u00eas e ingl\u00eas ao mesmo tempo.<\/li>\n\n\n\n<li>Teste de nivelamento do idioma no primeiro dia.<\/li>\n<\/ul>\n\n\n\n<p class=\"wp-block-paragraph\">Para saber tudo sobre o F\u00e9rias Teen Montreal 2024, <a href=\"https:\/\/bil.com.br\/conteudo\/ebook-fet-montreal.pdf\" target=\"_blank\" rel=\"noopener\">baixe a programa\u00e7\u00e3o gratuitamente neste link<\/a>!<\/p>\n\n\n\n<p class=\"wp-block-paragraph\"><strong>Quem pode cursar o interc\u00e2mbio Winter Camp?<\/strong><\/p>\n\n\n\n<p class=\"wp-block-paragraph\">Em suma, o perfil do estudante de Winter Camp \u00e9:<\/p>\n\n\n\n<ul class=\"wp-block-list\">\n<li>P\u00fablico jovem, de 12 a 17 anos<\/li>\n\n\n\n<li>Estudantes regulares<\/li>\n\n\n\n<li>Disponibilidade para viajar durante as f\u00e9rias escolares<\/li>\n<\/ul>\n\n\n\n<h2 class=\"wp-block-heading\"><strong>Fale com a BIL!<\/strong><\/h2>\n\n\n\n<p class=\"wp-block-paragraph\">Gostou do Winter Camp? N\u00e3o perca tempo! Para finalizar, fa\u00e7a agora mesmo a sua inscri\u00e7\u00e3o para o programa F\u00e9rias Teen Montreal 2024. As vagas s\u00e3o limitadas e voc\u00ea pode tirar todas as suas d\u00favidas agora mesmo com um consultor da BIL Interc\u00e2mbios. Fale com a gente!<\/p>\n\n\n\n<figure class=\"wp-block-image size-full\"><a href=\"https:\/\/api.whatsapp.com\/send?phone=551135958200&amp;text=%5BBLOG%5D%20%E2%80%93%20Ol%C3%A1%20gostaria%20de%20mais%20informa%C3%A7%C3%B5es%20sobre%20interc%C3%A2mbio\" target=\"_blank\" rel=\"noopener\"><img fetchpriority=\"high\" decoding=\"async\" width=\"1024\" height=\"210\" src=\"https:\/\/www.bil.com.br\/blog\/wp-content\/uploads\/2023\/02\/baner-post-whatsapp.png\" alt=\"\" class=\"wp-image-128325\" srcset=\"https:\/\/www.bil.com.br\/blog\/wp-content\/uploads\/2023\/02\/baner-post-whatsapp.png 1024w, https:\/\/www.bil.com.br\/blog\/wp-content\/uploads\/2023\/02\/baner-post-whatsapp-300x62.png 300w, https:\/\/www.bil.com.br\/blog\/wp-content\/uploads\/2023\/02\/baner-post-whatsapp-768x158.png 768w\" sizes=\"(max-width: 1024px) 100vw, 1024px\" \/><\/a><\/figure>\n\n\n\n<p class=\"wp-block-paragraph\"><strong>Veja tamb\u00e9m:<\/strong> <a href=\"https:\/\/www.bil.com.br\/blog\/paises-para-pessoas-com-nivel-zero-de-ingles-e-possivel\/\">Pa\u00edses para pessoas com n\u00edvel zero de ingl\u00eas \u2013 \u00c9 poss\u00edvel?<\/a><\/p>\n\n\n\n<p class=\"wp-block-paragraph\"><em>Ent\u00e3o, gostou das dicas sobre Wintercamp em Montreal? Deixe o seu coment\u00e1rio e compartilhe este conte\u00fado nas suas redes sociais! <\/em><a href=\"https:\/\/www.instagram.com\/bilintercambios\/\" target=\"_blank\" rel=\"noopener\"><em>Siga a BIL Interc\u00e2mbios no Instagram<\/em><\/a><em>!<\/em><\/p>\n","protected":false},"excerpt":{"rendered":"<p><span class=\"span-reading-time rt-reading-time\" style=\"display: block;\"><span class=\"rt-label rt-prefix\">Tempo de Leitura: <\/span> <span class=\"rt-time\"> 4<\/span> <span class=\"rt-label rt-postfix\">minutos<\/span><\/span>Sem tempo para fazer um interc\u00e2mbio, mas sempre sonhou em conhecer o inverno do hemisf\u00e9rio norte? A dica de hoje \u00e9 o Winter Camp, um interc\u00e2mbio de inverno, de curta dura\u00e7\u00e3o, em pleno inverno canadense. A boa not\u00edcia \u00e9 que as matr\u00edculas para a pr\u00f3xima turma do F\u00e9rias Teen Montreal 2024 j\u00e1 est\u00e3o abertas. A [&hellip;]<\/p>\n","protected":false},"author":1,"featured_media":129600,"comment_status":"open","ping_status":"open","sticky":false,"template":"","format":"standard","meta":{"om_disable_all_campaigns":false,"_monsterinsights_skip_tracking":false,"_monsterinsights_sitenote_active":false,"_monsterinsights_sitenote_note":"","_monsterinsights_sitenote_category":0,"_uf_show_specific_survey":0,"_uf_disable_surveys":false,"footnotes":""},"categories":[5],"tags":[620,621,98,622,57,618,427,235,581,619,623],"class_list":["post-129599","post","type-post","status-publish","format-standard","has-post-thumbnail","hentry","category-ferias-teen","tag-agendamento-visto-americano","tag-bil","tag-bil-intercambios","tag-falar-em-espanhol","tag-high-school","tag-intercambio-canada-2","tag-intercambio-canada","tag-intercambio-de-curta-duracao","tag-intercambio-de-inverno","tag-reagendar-visto-americano","tag-wintercamp"],"_links":{"self":[{"href":"https:\/\/www.bil.com.br\/blog\/wp-json\/wp\/v2\/posts\/129599","targetHints":{"allow":["GET"]}}],"collection":[{"href":"https:\/\/www.bil.com.br\/blog\/wp-json\/wp\/v2\/posts"}],"about":[{"href":"https:\/\/www.bil.com.br\/blog\/wp-json\/wp\/v2\/types\/post"}],"author":[{"embeddable":true,"href":"https:\/\/www.bil.com.br\/blog\/wp-json\/wp\/v2\/users\/1"}],"replies":[{"embeddable":true,"href":"https:\/\/www.bil.com.br\/blog\/wp-json\/wp\/v2\/comments?post=129599"}],"version-history":[{"count":1,"href":"https:\/\/www.bil.com.br\/blog\/wp-json\/wp\/v2\/posts\/129599\/revisions"}],"predecessor-version":[{"id":134394,"href":"https:\/\/www.bil.com.br\/blog\/wp-json\/wp\/v2\/posts\/129599\/revisions\/134394"}],"wp:featuredmedia":[{"embeddable":true,"href":"https:\/\/www.bil.com.br\/blog\/wp-json\/wp\/v2\/media\/129600"}],"wp:attachment":[{"href":"https:\/\/www.bil.com.br\/blog\/wp-json\/wp\/v2\/media?parent=129599"}],"wp:term":[{"taxonomy":"category","embeddable":true,"href":"https:\/\/www.bil.com.br\/blog\/wp-json\/wp\/v2\/categories?post=129599"},{"taxonomy":"post_tag","embeddable":true,"href":"https:\/\/www.bil.com.br\/blog\/wp-json\/wp\/v2\/tags?post=129599"}],"curies":[{"name":"wp","href":"https:\/\/api.w.org\/{rel}","templated":true}]}}