{"id":132739,"date":"2024-05-13T19:15:08","date_gmt":"2024-05-13T19:15:08","guid":{"rendered":"https:\/\/www.bil.com.br\/blog\/?p=132739"},"modified":"2024-04-18T11:39:11","modified_gmt":"2024-04-18T11:39:11","slug":"verao-europeu-aproveite-as-ferias-para-fazer-um-intercambio","status":"publish","type":"post","link":"https:\/\/www.bil.com.br\/blog\/verao-europeu-aproveite-as-ferias-para-fazer-um-intercambio\/","title":{"rendered":"Ver\u00e3o Europeu \u2013 Aproveite as f\u00e9rias para fazer um interc\u00e2mbio"},"content":{"rendered":"<span class=\"span-reading-time rt-reading-time\" style=\"display: block;\"><span class=\"rt-label rt-prefix\">Tempo de Leitura: <\/span> <span class=\"rt-time\"> 3<\/span> <span class=\"rt-label rt-postfix\">minutos<\/span><\/span>\n<p class=\"wp-block-paragraph\">O <strong><em>ver\u00e3o europeu<\/em><\/strong> est\u00e1 chegando! E com ele, v\u00e1rios cursos e programas de interc\u00e2mbio, especialmente os de curta dura\u00e7\u00e3o. Que tal aproveitar as suas f\u00e9rias de junho e partir para o ver\u00e3o na Europa?<\/p>\n\n\n\n<p class=\"wp-block-paragraph\">Apesar da esta\u00e7\u00e3o ser bastante desafiadora por causa do calor, h\u00e1 muitas ofertas de cursos para brasileiros, sem contar a agita\u00e7\u00e3o, os eventos e tudo mais o que acontece durante o ver\u00e3o europeu. A seguir, veja algumas dicas de como aproveitar melhor as suas f\u00e9rias estudando no exterior!<\/p>\n\n\n\n<h2 class=\"wp-block-heading\"><strong>Por que fazer um interc\u00e2mbio durante o ver\u00e3o europeu?<\/strong><\/h2>\n\n\n\n<p class=\"wp-block-paragraph\">Certamente, aproveitar o ver\u00e3o europeu para fazer um interc\u00e2mbio \u00e9 uma oportunidade \u00fanica de explorar uma das regi\u00f5es mais vibrantes e culturalmente ricas do mundo. Durante os meses de ver\u00e3o, as vantagens s\u00e3o in\u00fameras, desde o clima favor\u00e1vel at\u00e9 uma ampla variedade de passeios e atra\u00e7\u00f5es dispon\u00edveis para os estudantes aproveitarem enquanto estudam.<\/p>\n\n\n\n<p class=\"wp-block-paragraph\">Uma das principais vantagens do ver\u00e3o europeu \u00e9 o clima ameno e ensolarado, que cria o cen\u00e1rio perfeito para explorar ao ar livre. Os dias longos e as noites quentes proporcionam oportunidades infinitas para passeios pela cidade, caminhadas em parques e jantares ao ar livre em charmosos caf\u00e9s e restaurantes.<\/p>\n\n\n\n<h2 class=\"wp-block-heading\"><strong>Turismo em alta!<\/strong><\/h2>\n\n\n\n<p class=\"wp-block-paragraph\">Al\u00e9m disso, o ver\u00e3o \u00e9 a \u00e9poca ideal para visitar algumas das principais atra\u00e7\u00f5es tur\u00edsticas da Europa, como a Torre Eiffel em Paris, o Coliseu em Roma e a Sagrada Fam\u00edlia em Barcelona.<\/p>\n\n\n\n<p class=\"wp-block-paragraph\">Sobretudo, com o clima favor\u00e1vel e os dias mais longos, os estudantes t\u00eam mais tempo e energia para explorar esses locais ic\u00f4nicos e mergulhar na hist\u00f3ria e na cultura europeias. Tudo est\u00e1 aberto para receber turistas e estudantes de todo o mundo. Para a Europa, o ver\u00e3o \u00e9 o ponto alto do ano, muito aguardado em dias mais frios.<\/p>\n\n\n\n<h2 class=\"wp-block-heading\"><strong>Festivais e eventos<\/strong><\/h2>\n\n\n\n<p class=\"wp-block-paragraph\">Ali\u00e1s, outra vantagem do ver\u00e3o europeu \u00e9 a variedade de festivais e eventos culturais que ocorrem durante essa \u00e9poca do ano. De festivais de m\u00fasica a feiras de alimentos e vinho, h\u00e1 sempre algo acontecendo em toda a Europa durante o ver\u00e3o.<\/p>\n\n\n\n<p class=\"wp-block-paragraph\">Deste modo, os estudantes t\u00eam a oportunidade de participar desses eventos, conhecer novas pessoas e mergulhar na cultura local de uma maneira \u00fanica. H\u00e1 atra\u00e7\u00f5es que s\u00f3 ocorrem nesta \u00e9poca do ano e muitas s\u00e3o gratuitas.<\/p>\n\n\n\n<h2 class=\"wp-block-heading\"><strong>Explore todos os lugares durante os passeios!<\/strong><\/h2>\n\n\n\n<p class=\"wp-block-paragraph\">Al\u00e9m disso, o ver\u00e3o \u00e9 uma \u00f3tima \u00e9poca para viajar e explorar outros destinos europeus durante os fins de semana ou per\u00edodos de folga. Com uma extensa rede de transporte p\u00fablico e voos econ\u00f4micos dispon\u00edveis, os estudantes podem facilmente visitar cidades vizinhas, pa\u00edses pr\u00f3ximos ou destinos de f\u00e9rias populares durante o ver\u00e3o. Logo, o ver\u00e3o europeu \u00e9 estrat\u00e9gico para quem deseja passear e fazer turismo, al\u00e9m de estudar.<\/p>\n\n\n\n<p class=\"wp-block-paragraph\">Desta forma, aproveitar o ver\u00e3o europeu para fazer um interc\u00e2mbio oferece uma s\u00e9rie de vantagens, desde o clima favor\u00e1vel at\u00e9 uma variedade de passeios, atra\u00e7\u00f5es e eventos culturais para desfrutar. \u00c9 uma oportunidade emocionante para os estudantes explorarem a Europa, mergulharem na cultura local e criarem mem\u00f3rias que durar\u00e3o para sempre.<\/p>\n\n\n\n<h2 class=\"wp-block-heading\"><strong>Melhores destinos para interc\u00e2mbio durante o ver\u00e3o europeu<\/strong><\/h2>\n\n\n\n<p class=\"wp-block-paragraph\">O ver\u00e3o europeu \u00e9 tamb\u00e9m uma \u00e9poca de oportunidades para quem prefere cursos intensivos ou interc\u00e2mbio durante as f\u00e9rias brasileiras. Mas a dica \u00e9 fugir dos destinos \u00f3bvios, para aproveitar especialmente pre\u00e7os mais em conta, j\u00e1 que a procura durante o ver\u00e3o \u00e9 bastante alta.<\/p>\n\n\n\n<p class=\"wp-block-paragraph\">Temos duas dicas de destinos maravilhosos e com os melhores pre\u00e7os de todas as temporadas: Malta \u2013 para quem quer aprender ingl\u00eas \u2013 e Barcelona \u2013 para curso intensivo de espanhol. Ambas as op\u00e7\u00f5es contam com praias incr\u00edveis, atmosfera com a cara do ver\u00e3o e \u00f3timas escolas de interc\u00e2mbio.<\/p>\n\n\n\n<h2 class=\"wp-block-heading\"><strong>Estude ingl\u00eas em Malta durante o ver\u00e3o europeu<\/strong><\/h2>\n\n\n\n<p class=\"wp-block-paragraph\">Estudar ingl\u00eas em Malta durante o ver\u00e3o europeu oferece uma combina\u00e7\u00e3o perfeita de aprendizado e lazer. Malta, um dos menores pa\u00edses do mundo, \u00e9 conhecido por suas praias deslumbrantes, clima ensolarado e rica hist\u00f3ria.<\/p>\n\n\n\n<p class=\"wp-block-paragraph\">Desta forma, os estudantes t\u00eam a oportunidade de melhorar seu ingl\u00eas, com aulas intensivas, em um ambiente descontra\u00eddo e multicultural, enquanto exploram as belas paisagens, participam de atividades aqu\u00e1ticas e descobrem os tesouros hist\u00f3ricos da ilha.<\/p>\n\n\n\n<h2 class=\"wp-block-heading\"><strong>Estude espanhol em Barcelona!<\/strong><\/h2>\n\n\n\n<p class=\"wp-block-paragraph\">Por outro lado, estudar espanhol em Barcelona durante o ver\u00e3o europeu \u00e9 uma experi\u00eancia emocionante e enriquecedora. Barcelona \u00e9 uma cidade vibrante, com atmosfera universit\u00e1ria, repleta de arquitetura deslumbrante, gastronomia deliciosa e uma cena cultural animada.<\/p>\n\n\n\n<p class=\"wp-block-paragraph\">Os estudantes t\u00eam a chance de mergulhar na l\u00edngua e na cultura espanhola, enquanto desfrutam do clima quente, das praias ensolaradas e das festas intermin\u00e1veis que a cidade tem a oferecer.<\/p>\n\n\n\n<p class=\"wp-block-paragraph\">Para finalizar, fale com um consultor BIL para saber mais sobre os pacotes para Malta e para Barcelona. Aproveite e tire as suas d\u00favidas!<\/p>\n\n\n\n<figure class=\"wp-block-image size-full\"><a href=\"https:\/\/api.whatsapp.com\/send?phone=551135958200&amp;text=%5BBLOG%5D%20%E2%80%93%20Ol%C3%A1%20gostaria%20de%20mais%20informa%C3%A7%C3%B5es%20sobre%20interc%C3%A2mbio\" target=\"_blank\" rel=\"noopener\"><img fetchpriority=\"high\" decoding=\"async\" width=\"1024\" height=\"210\" src=\"https:\/\/www.bil.com.br\/blog\/wp-content\/uploads\/2024\/04\/baner-post-whatsapp.png\" alt=\"\" class=\"wp-image-132731\" srcset=\"https:\/\/www.bil.com.br\/blog\/wp-content\/uploads\/2024\/04\/baner-post-whatsapp.png 1024w, https:\/\/www.bil.com.br\/blog\/wp-content\/uploads\/2024\/04\/baner-post-whatsapp-300x62.png 300w, https:\/\/www.bil.com.br\/blog\/wp-content\/uploads\/2024\/04\/baner-post-whatsapp-768x158.png 768w\" sizes=\"(max-width: 1024px) 100vw, 1024px\" \/><\/a><\/figure>\n\n\n\n<p class=\"wp-block-paragraph\"><strong>Veja tamb\u00e9m:<\/strong> <a href=\"https:\/\/www.bil.com.br\/blog\/estudar-no-exterior-qual-a-melhor-idade-para-fazer-intercambio\/\">Estudar no exterior \u2013 Qual a melhor idade para fazer interc\u00e2mbio?<\/a><\/p>\n\n\n\n<p class=\"wp-block-paragraph\"><em>Ent\u00e3o, gostou das dicas sobre o ver\u00e3o europeu? Deixe o seu coment\u00e1rio e compartilhe este conte\u00fado nas suas redes sociais! <\/em><a href=\"https:\/\/www.instagram.com\/bilintercambios\/\" target=\"_blank\" rel=\"noopener\"><em>Siga a BIL Interc\u00e2mbios no Instagram<\/em><\/a><em>!<\/em><\/p>\n","protected":false},"excerpt":{"rendered":"<p><span class=\"span-reading-time rt-reading-time\" style=\"display: block;\"><span class=\"rt-label rt-prefix\">Tempo de Leitura: <\/span> <span class=\"rt-time\"> 3<\/span> <span class=\"rt-label rt-postfix\">minutos<\/span><\/span>O ver\u00e3o europeu est\u00e1 chegando! E com ele, v\u00e1rios cursos e programas de interc\u00e2mbio, especialmente os de curta dura\u00e7\u00e3o. Que tal aproveitar as suas f\u00e9rias de junho e partir para o ver\u00e3o na Europa? Apesar da esta\u00e7\u00e3o ser bastante desafiadora por causa do calor, h\u00e1 muitas ofertas de cursos para brasileiros, sem contar a agita\u00e7\u00e3o, [&hellip;]<\/p>\n","protected":false},"author":1,"featured_media":132723,"comment_status":"open","ping_status":"open","sticky":false,"template":"","format":"standard","meta":{"om_disable_all_campaigns":false,"_monsterinsights_skip_tracking":false,"_monsterinsights_sitenote_active":false,"_monsterinsights_sitenote_note":"","_monsterinsights_sitenote_category":0,"_uf_show_specific_survey":0,"_uf_disable_surveys":false,"footnotes":""},"categories":[2],"tags":[620,742,621,98,29,30,622,57,18,427,618,299,619,741],"class_list":["post-132739","post","type-post","status-publish","format-standard","has-post-thumbnail","hentry","category-cursos-de-idiomas","tag-agendamento-visto-americano","tag-barcelona","tag-bil","tag-bil-intercambios","tag-dicas-de-intercambio","tag-estudar-no-exterior","tag-falar-em-espanhol","tag-high-school","tag-intercambio","tag-intercambio-canada","tag-intercambio-canada-2","tag-malta","tag-reagendar-visto-americano","tag-verao-europeu"],"_links":{"self":[{"href":"https:\/\/www.bil.com.br\/blog\/wp-json\/wp\/v2\/posts\/132739","targetHints":{"allow":["GET"]}}],"collection":[{"href":"https:\/\/www.bil.com.br\/blog\/wp-json\/wp\/v2\/posts"}],"about":[{"href":"https:\/\/www.bil.com.br\/blog\/wp-json\/wp\/v2\/types\/post"}],"author":[{"embeddable":true,"href":"https:\/\/www.bil.com.br\/blog\/wp-json\/wp\/v2\/users\/1"}],"replies":[{"embeddable":true,"href":"https:\/\/www.bil.com.br\/blog\/wp-json\/wp\/v2\/comments?post=132739"}],"version-history":[{"count":2,"href":"https:\/\/www.bil.com.br\/blog\/wp-json\/wp\/v2\/posts\/132739\/revisions"}],"predecessor-version":[{"id":132741,"href":"https:\/\/www.bil.com.br\/blog\/wp-json\/wp\/v2\/posts\/132739\/revisions\/132741"}],"wp:featuredmedia":[{"embeddable":true,"href":"https:\/\/www.bil.com.br\/blog\/wp-json\/wp\/v2\/media\/132723"}],"wp:attachment":[{"href":"https:\/\/www.bil.com.br\/blog\/wp-json\/wp\/v2\/media?parent=132739"}],"wp:term":[{"taxonomy":"category","embeddable":true,"href":"https:\/\/www.bil.com.br\/blog\/wp-json\/wp\/v2\/categories?post=132739"},{"taxonomy":"post_tag","embeddable":true,"href":"https:\/\/www.bil.com.br\/blog\/wp-json\/wp\/v2\/tags?post=132739"}],"curies":[{"name":"wp","href":"https:\/\/api.w.org\/{rel}","templated":true}]}}