{"id":133295,"date":"2024-07-30T16:55:25","date_gmt":"2024-07-30T16:55:25","guid":{"rendered":"https:\/\/www.bil.com.br\/blog\/?p=133295"},"modified":"2025-05-09T17:45:32","modified_gmt":"2025-05-09T17:45:32","slug":"novo-ferias-teen-suica-2025-experiencia-da-neve","status":"publish","type":"post","link":"https:\/\/www.bil.com.br\/blog\/novo-ferias-teen-suica-2025-experiencia-da-neve\/","title":{"rendered":"Novo F\u00e9rias Teen Su\u00ed\u00e7a 2025 &#8211; Experi\u00eancia da Neve"},"content":{"rendered":"<span class=\"span-reading-time rt-reading-time\" style=\"display: block;\"><span class=\"rt-label rt-prefix\">Tempo de Leitura: <\/span> <span class=\"rt-time\"> 2<\/span> <span class=\"rt-label rt-postfix\">minutos<\/span><\/span>\n<p class=\"wp-block-paragraph\">A BIL acaba de lan\u00e7ar oficialmente o <strong><em>F\u00e9rias Teen Su\u00ed\u00e7a 2025<\/em><\/strong>, um programa de interc\u00e2mbio de f\u00e9rias, com curta dura\u00e7\u00e3o, aplic\u00e1vel a jovens de 8 a 17 anos. E um dos maiores diferenciais \u00e9 a experi\u00eancia da nove e esportes de inverno durante todo o programa. Al\u00e9m disso, voc\u00ea poder\u00e1 escolher entre 3 idiomas para estudar em suas aulas. A seguir, confira todos os detalhes!<\/p>\n\n\n\n<h2 class=\"wp-block-heading\"><strong>O que \u00e9 o F\u00e9rias Teen Su\u00ed\u00e7a 2025?<\/strong><\/h2>\n\n\n\n<p class=\"wp-block-paragraph\">Primeiramente, n\u00e3o importa se voc\u00ea j\u00e1 teve ou n\u00e3o experi\u00eancia na neve e nem se sabe praticar algum esporte de inverno. Todos os estudantes s\u00e3o bem-vindos no F\u00e9rias Teen Su\u00ed\u00e7a 2025. A ideia \u00e9 que voc\u00ea tenha a oportunidade de experimentar f\u00e9rias na neve, enquanto voc\u00ea estuda idiomas. <\/p>\n\n\n\n<p class=\"wp-block-paragraph\">Em suma, o ambiente do programa \u00e9 descontra\u00eddo, acolhedor e internacional, e introduz o estudante a experi\u00eancias novas em suas vidas, para que ganhem confian\u00e7a de continuar seus estudos, mostrando que sempre \u00e9 poss\u00edvel aprender algo novo. Veja no v\u00eddeo uma pr\u00e9via do programa:<\/p>\n\n\n\n<figure class=\"wp-block-embed is-type-video is-provider-youtube wp-block-embed-youtube wp-embed-aspect-16-9 wp-has-aspect-ratio\"><div class=\"wp-block-embed__wrapper\">\n<iframe title=\"Acampamento de Inverno Su\u00ed\u00e7a - BIL Interc\u00e2mbios\" width=\"800\" height=\"450\" src=\"https:\/\/www.youtube.com\/embed\/vGDAY3wvSoc?feature=oembed\" frameborder=\"0\" allow=\"accelerometer; autoplay; clipboard-write; encrypted-media; gyroscope; picture-in-picture; web-share\" referrerpolicy=\"strict-origin-when-cross-origin\" allowfullscreen><\/iframe>\n<\/div><\/figure>\n\n\n\n<p class=\"wp-block-paragraph\">O programa conta com 2 semanas de dura\u00e7\u00e3o, com aulas intensivas em um per\u00edodo do dia \u2013 voc\u00ea pode escolher entre ingl\u00eas, franc\u00eas ou alem\u00e3o. Sobretudo, esta \u00e9 uma das grandes vantagens deste curso de f\u00e9rias. Al\u00e9m disso, o programa inclui aulas de snowboarding ou esqui, passeios diversos, hospedagem em esta\u00e7\u00e3o de esqui, refei\u00e7\u00f5es e atividades extras.<\/p>\n\n\n\n<h2 class=\"wp-block-heading\"><strong>Quem pode se inscrever? Onde vou ficar?<\/strong><\/h2>\n\n\n\n<p class=\"wp-block-paragraph\">O programa \u00e9 dedicado a alunos de 8 a 17 anos, que sejam estudantes regulares o Brasil. O destino \u00e9 Braunwald, uma vila resort sem carros, situada em um terra\u00e7o ensolarado acima do vale do Linth. Localizada a pouco mais de uma hora de carro de Zurique e a mais de 1.250 metros acima do n\u00edvel do mar, no Cant\u00e3o de Glarus, Braunwald \u00e9 um lugar encantador que combina hist\u00f3ria e natureza.<\/p>\n\n\n\n<h2 class=\"wp-block-heading\"><strong>Atra\u00e7\u00f5es do F\u00e9rias Teen Su\u00ed\u00e7a 2025<\/strong><\/h2>\n\n\n\n<p class=\"wp-block-paragraph\">Em resumo, ser\u00e3o 12 horas de aulas intensivas de idiomas por semana. E ser\u00e3o 15 horas de aulas de esqui ou snowboarding com instrutor especialista por semana. Nas horas vagas, acontecer\u00e3o v\u00e1rias atividades extras, como piscina aquecida, jogos, cinema, etc. Inclusive, nos fins de semanas, acontecer\u00e3o passeios incr\u00edveis, como em f\u00e1brica de chocolates e no museu da FIFA. Saiba todos os detalhes do F\u00e9rias Teen Su\u00ed\u00e7a 2025 <a href=\"https:\/\/bil.com.br\/conteudo\/ebook-fet-suica.pdf\" target=\"_blank\" rel=\"noopener\">neste e-book especial<\/a> que preparamos para voc\u00ea!<\/p>\n\n\n\n<p class=\"wp-block-paragraph\">Para finalizar, a pr\u00f3xima turma \u00e9 em janeiro de 2025 e as vagas s\u00e3o limitadas. Garanta agora mesmo a sua matr\u00edcula conversando com um instrutor da BIL. Aproveite e tire as suas d\u00favidas!<\/p>\n\n\n\n<figure class=\"wp-block-image size-full\"><a href=\"https:\/\/api.whatsapp.com\/send?phone=551135958200&amp;text=%5BBLOG%5D%20%E2%80%93%20Ol%C3%A1%20gostaria%20de%20mais%20informa%C3%A7%C3%B5es%20sobre%20interc%C3%A2mbio\" target=\"_blank\" rel=\"noopener\"><img fetchpriority=\"high\" decoding=\"async\" width=\"1024\" height=\"210\" src=\"https:\/\/www.bil.com.br\/blog\/wp-content\/uploads\/2024\/04\/baner-post-whatsapp.png\" alt=\"\" class=\"wp-image-132731\" srcset=\"https:\/\/www.bil.com.br\/blog\/wp-content\/uploads\/2024\/04\/baner-post-whatsapp.png 1024w, https:\/\/www.bil.com.br\/blog\/wp-content\/uploads\/2024\/04\/baner-post-whatsapp-300x62.png 300w, https:\/\/www.bil.com.br\/blog\/wp-content\/uploads\/2024\/04\/baner-post-whatsapp-768x158.png 768w\" sizes=\"(max-width: 1024px) 100vw, 1024px\" \/><\/a><\/figure>\n\n\n\n<p class=\"wp-block-paragraph\"><strong>Veja tamb\u00e9m:<\/strong> <a href=\"https:\/\/www.bil.com.br\/blog\/10-dicas-sobre-como-preparar-sua-mala-de-intercambio\/\">10 dicas sobre como preparar sua mala de interc\u00e2mbio<\/a><\/p>\n\n\n\n<p class=\"wp-block-paragraph\"><em>Ent\u00e3o, gostou das dicas sobre o F\u00e9rias Teen Su\u00ed\u00e7a 2025? Deixe o seu coment\u00e1rio e compartilhe este conte\u00fado nas suas redes sociais! <\/em><a href=\"https:\/\/www.instagram.com\/bilintercambios\/\" target=\"_blank\" rel=\"noopener\"><em>Siga a BIL Interc\u00e2mbios no Instagram<\/em><\/a><em>!<\/em><\/p>\n\n\n\n<p class=\"wp-block-paragraph\"><\/p>\n","protected":false},"excerpt":{"rendered":"<p><span class=\"span-reading-time rt-reading-time\" style=\"display: block;\"><span class=\"rt-label rt-prefix\">Tempo de Leitura: <\/span> <span class=\"rt-time\"> 2<\/span> <span class=\"rt-label rt-postfix\">minutos<\/span><\/span>A BIL acaba de lan\u00e7ar oficialmente o F\u00e9rias Teen Su\u00ed\u00e7a 2025, um programa de interc\u00e2mbio de f\u00e9rias, com curta dura\u00e7\u00e3o, aplic\u00e1vel a jovens de 8 a 17 anos. E um dos maiores diferenciais \u00e9 a experi\u00eancia da nove e esportes de inverno durante todo o programa. Al\u00e9m disso, voc\u00ea poder\u00e1 escolher entre 3 idiomas para [&hellip;]<\/p>\n","protected":false},"author":1,"featured_media":133282,"comment_status":"open","ping_status":"open","sticky":false,"template":"","format":"standard","meta":{"om_disable_all_campaigns":false,"_monsterinsights_skip_tracking":false,"_monsterinsights_sitenote_active":false,"_monsterinsights_sitenote_note":"","_monsterinsights_sitenote_category":0,"_uf_show_specific_survey":0,"_uf_disable_surveys":false,"footnotes":""},"categories":[5],"tags":[30,775,18],"class_list":["post-133295","post","type-post","status-publish","format-standard","has-post-thumbnail","hentry","category-ferias-teen","tag-estudar-no-exterior","tag-ferias-teen-suica-2025","tag-intercambio"],"_links":{"self":[{"href":"https:\/\/www.bil.com.br\/blog\/wp-json\/wp\/v2\/posts\/133295","targetHints":{"allow":["GET"]}}],"collection":[{"href":"https:\/\/www.bil.com.br\/blog\/wp-json\/wp\/v2\/posts"}],"about":[{"href":"https:\/\/www.bil.com.br\/blog\/wp-json\/wp\/v2\/types\/post"}],"author":[{"embeddable":true,"href":"https:\/\/www.bil.com.br\/blog\/wp-json\/wp\/v2\/users\/1"}],"replies":[{"embeddable":true,"href":"https:\/\/www.bil.com.br\/blog\/wp-json\/wp\/v2\/comments?post=133295"}],"version-history":[{"count":1,"href":"https:\/\/www.bil.com.br\/blog\/wp-json\/wp\/v2\/posts\/133295\/revisions"}],"predecessor-version":[{"id":133296,"href":"https:\/\/www.bil.com.br\/blog\/wp-json\/wp\/v2\/posts\/133295\/revisions\/133296"}],"wp:featuredmedia":[{"embeddable":true,"href":"https:\/\/www.bil.com.br\/blog\/wp-json\/wp\/v2\/media\/133282"}],"wp:attachment":[{"href":"https:\/\/www.bil.com.br\/blog\/wp-json\/wp\/v2\/media?parent=133295"}],"wp:term":[{"taxonomy":"category","embeddable":true,"href":"https:\/\/www.bil.com.br\/blog\/wp-json\/wp\/v2\/categories?post=133295"},{"taxonomy":"post_tag","embeddable":true,"href":"https:\/\/www.bil.com.br\/blog\/wp-json\/wp\/v2\/tags?post=133295"}],"curies":[{"name":"wp","href":"https:\/\/api.w.org\/{rel}","templated":true}]}}