{"id":133366,"date":"2024-08-29T14:39:37","date_gmt":"2024-08-29T14:39:37","guid":{"rendered":"https:\/\/www.bil.com.br\/blog\/?p=133366"},"modified":"2024-08-20T14:54:30","modified_gmt":"2024-08-20T14:54:30","slug":"depoimento-pai-a-jornada-de-enviar-um-filho-para-o-exterior","status":"publish","type":"post","link":"https:\/\/www.bil.com.br\/blog\/depoimento-pai-a-jornada-de-enviar-um-filho-para-o-exterior\/","title":{"rendered":"Depoimento de Pai: A Jornada de Enviar um Filho para o Exterior"},"content":{"rendered":"<span class=\"span-reading-time rt-reading-time\" style=\"display: block;\"><span class=\"rt-label rt-prefix\">Tempo de Leitura: <\/span> <span class=\"rt-time\"> 4<\/span> <span class=\"rt-label rt-postfix\">minutos<\/span><\/span>\n<p class=\"wp-block-paragraph\">Enviar um filho para estudar no exterior \u00e9 uma experi\u00eancia carregada de emo\u00e7\u00f5es para toda a fam\u00edlia. No cora\u00e7\u00e3o desse processo, encontramos o depoimento de Harlis Esposito, um pai que viveu essa jornada intensamente. Seu relato \u00e9 um exemplo comovente das alegrias e desafios envolvidos em um interc\u00e2mbio de High School. Neste artigo, exploramos a jornada emocional de Harlis e oferecemos insights valiosos para pais que est\u00e3o considerando essa experi\u00eancia transformadora para seus filhos.<\/p>\n\n\n\n<h2 class=\"wp-block-heading\"><strong>A Experi\u00eancia de Enviar um Filho para o Exterior<\/strong><\/h2>\n\n\n\n<div class=\"wp-block-media-text is-stacked-on-mobile\"><figure class=\"wp-block-media-text__media\"><img fetchpriority=\"high\" decoding=\"async\" width=\"837\" height=\"787\" src=\"https:\/\/www.bil.com.br\/blog\/wp-content\/uploads\/2024\/08\/marina-aeroporto.jpg\" alt=\"Estudante com os pais no aeroporto segurando a bandeira do Brasil. \" class=\"wp-image-133379 size-full\" srcset=\"https:\/\/www.bil.com.br\/blog\/wp-content\/uploads\/2024\/08\/marina-aeroporto.jpg 837w, https:\/\/www.bil.com.br\/blog\/wp-content\/uploads\/2024\/08\/marina-aeroporto-300x282.jpg 300w, https:\/\/www.bil.com.br\/blog\/wp-content\/uploads\/2024\/08\/marina-aeroporto-768x722.jpg 768w\" sizes=\"(max-width: 837px) 100vw, 837px\" \/><\/figure><div class=\"wp-block-media-text__content\">\n<p class=\"wp-block-paragraph\">O depoimento de Harlis Esposito reflete um misto de orgulho e saudade. Em seu relato, ele compartilha a alegria de ver sua filha, Marina, crescer e aproveitar as oportunidades que o interc\u00e2mbio proporcionou. Harlis destaca como a experi\u00eancia enriqueceu a vida de Marina, oferecendo-lhe a chance de desenvolver novas amizades, aprender sobre uma cultura diferente e alcan\u00e7ar novos objetivos pessoais.<\/p>\n<\/div><\/div>\n\n\n\n<p class=\"wp-block-paragraph\"><br><em>&#8220;Marina tem se esfor\u00e7ado para ser grata \u00e0 fam\u00edlia aben\u00e7oada que a acolheu e ao mesmo tempo agrega as experi\u00eancias para al\u00e7ar novos voos rumo \u00e0 realiza\u00e7\u00e3o de seus sonhos&#8221;<\/em>, afirma Harlis. Esse sentimento de gratid\u00e3o e realiza\u00e7\u00e3o \u00e9 um testemunho da import\u00e2ncia do interc\u00e2mbio para o desenvolvimento pessoal dos jovens.<\/p>\n\n\n\n<h2 class=\"wp-block-heading\"><strong>Preparando-se para o Interc\u00e2mbio: Dicas para Pais<\/strong><\/h2>\n\n\n\n<p class=\"wp-block-paragraph\">Harlis nos lembra da import\u00e2ncia de preparar n\u00e3o apenas o filho, mas tamb\u00e9m a fam\u00edlia para o interc\u00e2mbio. Aqui est\u00e3o algumas dicas baseadas em sua experi\u00eancia:<\/p>\n\n\n\n<h3 class=\"wp-block-heading\"><strong>1. Aspectos Financeiros<\/strong><\/h3>\n\n\n\n<p class=\"wp-block-paragraph\">Planejar o or\u00e7amento \u00e9 crucial. Harlis ressalta que, ap\u00f3s a decis\u00e3o pelo interc\u00e2mbio, \u00e9 fundamental organizar as finan\u00e7as. Isso inclui a quita\u00e7\u00e3o do programa e a prepara\u00e7\u00e3o de uma quantia adicional para despesas pessoais do filho. A prepara\u00e7\u00e3o financeira ajuda a minimizar surpresas e garante que a experi\u00eancia seja tranquila e focada no aprendizado e crescimento.<\/p>\n\n\n\n<h3 class=\"wp-block-heading\"><strong>2. Sa\u00fade e Bem-Estar<\/strong><\/h3>\n\n\n\n<p class=\"wp-block-paragraph\">Harlis destaca a import\u00e2ncia de garantir que a sa\u00fade do filho esteja em dia antes do embarque. Isso inclui consultas m\u00e9dicas e vacina\u00e7\u00e3o, bem como a contrata\u00e7\u00e3o de um seguro-sa\u00fade adequado. Ter tudo isso preparado ajuda a evitar problemas durante o interc\u00e2mbio e assegura que o estudante possa aproveitar a experi\u00eancia ao m\u00e1ximo.<\/p>\n\n\n\n<figure class=\"wp-block-gallery has-nested-images columns-default is-cropped wp-block-gallery-1 is-layout-flex wp-block-gallery-is-layout-flex\">\n<figure class=\"wp-block-image size-large\"><a href=\"https:\/\/www.bil.com.br\/blog\/wp-content\/uploads\/2024\/08\/Marina-3-scaled.jpg\"><img decoding=\"async\" width=\"849\" height=\"1024\" data-id=\"133373\" src=\"https:\/\/www.bil.com.br\/blog\/wp-content\/uploads\/2024\/08\/Marina-3-849x1024.jpg\" alt=\"\" class=\"wp-image-133373\" srcset=\"https:\/\/www.bil.com.br\/blog\/wp-content\/uploads\/2024\/08\/Marina-3-849x1024.jpg 849w, https:\/\/www.bil.com.br\/blog\/wp-content\/uploads\/2024\/08\/Marina-3-249x300.jpg 249w, https:\/\/www.bil.com.br\/blog\/wp-content\/uploads\/2024\/08\/Marina-3-768x927.jpg 768w, https:\/\/www.bil.com.br\/blog\/wp-content\/uploads\/2024\/08\/Marina-3-1273x1536.jpg 1273w, https:\/\/www.bil.com.br\/blog\/wp-content\/uploads\/2024\/08\/Marina-3-scaled.jpg 1697w\" sizes=\"(max-width: 849px) 100vw, 849px\" \/><\/a><\/figure>\n\n\n\n<figure class=\"wp-block-image size-large\"><a href=\"https:\/\/www.bil.com.br\/blog\/wp-content\/uploads\/2024\/08\/Marina-6-scaled.jpg\"><img decoding=\"async\" width=\"982\" height=\"1024\" data-id=\"133371\" src=\"https:\/\/www.bil.com.br\/blog\/wp-content\/uploads\/2024\/08\/Marina-6-982x1024.jpg\" alt=\"\" class=\"wp-image-133371\" srcset=\"https:\/\/www.bil.com.br\/blog\/wp-content\/uploads\/2024\/08\/Marina-6-982x1024.jpg 982w, https:\/\/www.bil.com.br\/blog\/wp-content\/uploads\/2024\/08\/Marina-6-288x300.jpg 288w, https:\/\/www.bil.com.br\/blog\/wp-content\/uploads\/2024\/08\/Marina-6-768x801.jpg 768w, https:\/\/www.bil.com.br\/blog\/wp-content\/uploads\/2024\/08\/Marina-6-1473x1536.jpg 1473w, https:\/\/www.bil.com.br\/blog\/wp-content\/uploads\/2024\/08\/Marina-6-scaled.jpg 1964w\" sizes=\"(max-width: 982px) 100vw, 982px\" \/><\/a><\/figure>\n\n\n\n<figure class=\"wp-block-image size-large\"><a href=\"https:\/\/www.bil.com.br\/blog\/wp-content\/uploads\/2024\/08\/Marina-8-scaled.jpg\"><img loading=\"lazy\" decoding=\"async\" width=\"794\" height=\"1024\" data-id=\"133370\" src=\"https:\/\/www.bil.com.br\/blog\/wp-content\/uploads\/2024\/08\/Marina-8-794x1024.jpg\" alt=\"\" class=\"wp-image-133370\" srcset=\"https:\/\/www.bil.com.br\/blog\/wp-content\/uploads\/2024\/08\/Marina-8-794x1024.jpg 794w, https:\/\/www.bil.com.br\/blog\/wp-content\/uploads\/2024\/08\/Marina-8-233x300.jpg 233w, https:\/\/www.bil.com.br\/blog\/wp-content\/uploads\/2024\/08\/Marina-8-768x991.jpg 768w, https:\/\/www.bil.com.br\/blog\/wp-content\/uploads\/2024\/08\/Marina-8-1191x1536.jpg 1191w, https:\/\/www.bil.com.br\/blog\/wp-content\/uploads\/2024\/08\/Marina-8-scaled.jpg 1587w\" sizes=\"(max-width: 794px) 100vw, 794px\" \/><\/a><\/figure>\n<\/figure>\n\n\n\n<h3 class=\"wp-block-heading\"><strong>3. Prepara\u00e7\u00e3o Emocional<\/strong><\/h3>\n\n\n\n<p class=\"wp-block-paragraph\">A prepara\u00e7\u00e3o emocional \u00e9 igualmente essencial. A saudade \u00e9 inevit\u00e1vel, tanto para pais quanto para filhos. Harlis sugere estabelecer uma comunica\u00e7\u00e3o regular e positiva, al\u00e9m de criar estrat\u00e9gias para lidar com a saudade. Manter o apoio emocional durante todo o interc\u00e2mbio contribui para que a experi\u00eancia seja mais enriquecedora e menos estressante.<\/p>\n\n\n\n<h2 class=\"wp-block-heading\"><strong>A Import\u00e2ncia da Comunica\u00e7\u00e3o<\/strong><\/h2>\n\n\n\n<p class=\"wp-block-paragraph\">Harlis enfatiza a import\u00e2ncia da comunica\u00e7\u00e3o durante o interc\u00e2mbio. &#8220;Estamos na reta final e posso afirmar que eu e minha esposa temos lido os \u00faltimos relat\u00f3rios com n\u00f3 na garganta&#8221;, escreve ele. Estabelecer hor\u00e1rios regulares para conversas ajuda a manter o contato e a conex\u00e3o com o filho, o que pode aliviar a saudade e fortalecer o v\u00ednculo familiar.<\/p>\n\n\n\n<figure class=\"wp-block-gallery has-nested-images columns-default is-cropped wp-block-gallery-2 is-layout-flex wp-block-gallery-is-layout-flex\">\n<figure class=\"wp-block-image size-large\"><a href=\"https:\/\/www.bil.com.br\/blog\/wp-content\/uploads\/2024\/08\/Marina-2.jpeg\"><img loading=\"lazy\" decoding=\"async\" width=\"1024\" height=\"576\" data-id=\"133374\" src=\"https:\/\/www.bil.com.br\/blog\/wp-content\/uploads\/2024\/08\/Marina-2-1024x576.jpeg\" alt=\"\" class=\"wp-image-133374\" srcset=\"https:\/\/www.bil.com.br\/blog\/wp-content\/uploads\/2024\/08\/Marina-2-1024x576.jpeg 1024w, https:\/\/www.bil.com.br\/blog\/wp-content\/uploads\/2024\/08\/Marina-2-300x169.jpeg 300w, https:\/\/www.bil.com.br\/blog\/wp-content\/uploads\/2024\/08\/Marina-2-768x432.jpeg 768w, https:\/\/www.bil.com.br\/blog\/wp-content\/uploads\/2024\/08\/Marina-2-1536x864.jpeg 1536w, https:\/\/www.bil.com.br\/blog\/wp-content\/uploads\/2024\/08\/Marina-2.jpeg 1600w\" sizes=\"(max-width: 1024px) 100vw, 1024px\" \/><\/a><\/figure>\n\n\n\n<figure class=\"wp-block-image size-large\"><a href=\"https:\/\/www.bil.com.br\/blog\/wp-content\/uploads\/2024\/08\/Marina-4.jpeg\"><img loading=\"lazy\" decoding=\"async\" width=\"1024\" height=\"576\" data-id=\"133372\" src=\"https:\/\/www.bil.com.br\/blog\/wp-content\/uploads\/2024\/08\/Marina-4-1024x576.jpeg\" alt=\"\" class=\"wp-image-133372\" srcset=\"https:\/\/www.bil.com.br\/blog\/wp-content\/uploads\/2024\/08\/Marina-4-1024x576.jpeg 1024w, https:\/\/www.bil.com.br\/blog\/wp-content\/uploads\/2024\/08\/Marina-4-300x169.jpeg 300w, https:\/\/www.bil.com.br\/blog\/wp-content\/uploads\/2024\/08\/Marina-4-768x432.jpeg 768w, https:\/\/www.bil.com.br\/blog\/wp-content\/uploads\/2024\/08\/Marina-4.jpeg 1296w\" sizes=\"(max-width: 1024px) 100vw, 1024px\" \/><\/a><\/figure>\n<\/figure>\n\n\n\n<h2 class=\"wp-block-heading\"><strong>Alinhamento de Expectativas<\/strong><\/h2>\n\n\n\n<p class=\"wp-block-paragraph\">Alinhar as expectativas \u00e9 crucial para o sucesso do interc\u00e2mbio. Harlis e sua esposa se prepararam para a experi\u00eancia com uma atitude positiva e um forte suporte emocional. &#8220;A prepara\u00e7\u00e3o para o interc\u00e2mbio High School \u00e9 um momento de transi\u00e7\u00e3o para todos&#8221;, afirma ele. Ter uma vis\u00e3o clara sobre o que esperar ajuda a todos a lidar melhor com as mudan\u00e7as e a adaptar-se \u00e0s novas circunst\u00e2ncias.<\/p>\n\n\n\n<p class=\"wp-block-paragraph\">O depoimento de Harlis Esposito \u00e9 um poderoso lembrete de que enviar um filho para o interc\u00e2mbio de High School \u00e9 uma jornada emocionante e desafiadora, mas tamb\u00e9m profundamente gratificante. As experi\u00eancias vividas por Marina e a reflex\u00e3o de Harlis destacam o impacto positivo que um interc\u00e2mbio pode ter na vida de um jovem e na din\u00e2mica familiar.<\/p>\n\n\n\n<h2 class=\"wp-block-heading\"><strong>Uma Jornada de Crescimento e Realiza\u00e7\u00e3o<\/strong><\/h2>\n\n\n\n<p class=\"wp-block-paragraph\">Para pais que est\u00e3o considerando essa experi\u00eancia para seus filhos, \u00e9 essencial se preparar adequadamente. Isso inclui o planejamento financeiro, a garantia da sa\u00fade, a prepara\u00e7\u00e3o emocional e a comunica\u00e7\u00e3o constante. Com o suporte adequado, o interc\u00e2mbio pode se tornar uma experi\u00eancia inesquec\u00edvel e transformadora.<br><br>Se voc\u00ea est\u00e1 pensando em enviar seu filho para um interc\u00e2mbio de High School, confira tamb\u00e9m nosso guia de prepara\u00e7\u00e3o e dicas sobre como lidar com a saudade e ajustar o planejamento financeiro. Fale com nossos consultores BIL para obter mais informa\u00e7\u00f5es e come\u00e7ar essa jornada emocionante com confian\u00e7a.<\/p>\n\n\n\n<figure class=\"wp-block-image size-full\"><a href=\"https:\/\/www.bil.com.br\/blog\/wp-content\/uploads\/2023\/12\/image.png\"><img loading=\"lazy\" decoding=\"async\" width=\"1024\" height=\"210\" src=\"https:\/\/www.bil.com.br\/blog\/wp-content\/uploads\/2023\/12\/image.png\" alt=\"\" class=\"wp-image-130288\" srcset=\"https:\/\/www.bil.com.br\/blog\/wp-content\/uploads\/2023\/12\/image.png 1024w, https:\/\/www.bil.com.br\/blog\/wp-content\/uploads\/2023\/12\/image-300x62.png 300w, https:\/\/www.bil.com.br\/blog\/wp-content\/uploads\/2023\/12\/image-768x158.png 768w\" sizes=\"(max-width: 1024px) 100vw, 1024px\" \/><\/a><\/figure>\n\n\n\n<p class=\"wp-block-paragraph\"><strong>Veja tamb\u00e9m:<\/strong> \u00a0<a href=\"https:\/\/www.bil.com.br\/blog\/california-2024-como-escolher-entre-o-norte-ou-o-sul-do-estado\/\">https:\/\/www.bil.com.br\/blog\/high-school-2025-guia-de-preparacao-para-o-intercambio\/<\/a><\/p>\n\n\n\n<p class=\"wp-block-paragraph\"><em>Ent\u00e3o, gostou das dicas sobre como se preparar para o primeiro interc\u00e2mbio? Deixe o seu coment\u00e1rio e compartilhe este conte\u00fado nas suas redes sociais! <\/em><a href=\"https:\/\/www.instagram.com\/bilintercambios\/\" target=\"_blank\" rel=\"noopener\"><em>Siga a BIL Interc\u00e2mbios no Instagram<\/em><\/a><em>!<\/em><\/p>\n\n\n\n<p class=\"wp-block-paragraph\"><\/p>\n","protected":false},"excerpt":{"rendered":"<p><span class=\"span-reading-time rt-reading-time\" style=\"display: block;\"><span class=\"rt-label rt-prefix\">Tempo de Leitura: <\/span> <span class=\"rt-time\"> 4<\/span> <span class=\"rt-label rt-postfix\">minutos<\/span><\/span>Foto da estudante no programa de interc\u00e2mbio com sua fam\u00edlia hospedeira americana e sua fam\u00edlia brasileira. <\/p>\n","protected":false},"author":1,"featured_media":133375,"comment_status":"open","ping_status":"open","sticky":false,"template":"","format":"standard","meta":{"om_disable_all_campaigns":false,"_monsterinsights_skip_tracking":false,"_monsterinsights_sitenote_active":false,"_monsterinsights_sitenote_note":"","_monsterinsights_sitenote_category":0,"_uf_show_specific_survey":0,"_uf_disable_surveys":false,"footnotes":""},"categories":[2],"tags":[620,621,98,29,30,622,57,618,427,728,619],"class_list":["post-133366","post","type-post","status-publish","format-standard","has-post-thumbnail","hentry","category-cursos-de-idiomas","tag-agendamento-visto-americano","tag-bil","tag-bil-intercambios","tag-dicas-de-intercambio","tag-estudar-no-exterior","tag-falar-em-espanhol","tag-high-school","tag-intercambio-canada-2","tag-intercambio-canada","tag-primeiro-intercambio","tag-reagendar-visto-americano"],"_links":{"self":[{"href":"https:\/\/www.bil.com.br\/blog\/wp-json\/wp\/v2\/posts\/133366","targetHints":{"allow":["GET"]}}],"collection":[{"href":"https:\/\/www.bil.com.br\/blog\/wp-json\/wp\/v2\/posts"}],"about":[{"href":"https:\/\/www.bil.com.br\/blog\/wp-json\/wp\/v2\/types\/post"}],"author":[{"embeddable":true,"href":"https:\/\/www.bil.com.br\/blog\/wp-json\/wp\/v2\/users\/1"}],"replies":[{"embeddable":true,"href":"https:\/\/www.bil.com.br\/blog\/wp-json\/wp\/v2\/comments?post=133366"}],"version-history":[{"count":5,"href":"https:\/\/www.bil.com.br\/blog\/wp-json\/wp\/v2\/posts\/133366\/revisions"}],"predecessor-version":[{"id":133380,"href":"https:\/\/www.bil.com.br\/blog\/wp-json\/wp\/v2\/posts\/133366\/revisions\/133380"}],"wp:featuredmedia":[{"embeddable":true,"href":"https:\/\/www.bil.com.br\/blog\/wp-json\/wp\/v2\/media\/133375"}],"wp:attachment":[{"href":"https:\/\/www.bil.com.br\/blog\/wp-json\/wp\/v2\/media?parent=133366"}],"wp:term":[{"taxonomy":"category","embeddable":true,"href":"https:\/\/www.bil.com.br\/blog\/wp-json\/wp\/v2\/categories?post=133366"},{"taxonomy":"post_tag","embeddable":true,"href":"https:\/\/www.bil.com.br\/blog\/wp-json\/wp\/v2\/tags?post=133366"}],"curies":[{"name":"wp","href":"https:\/\/api.w.org\/{rel}","templated":true}]}}