{"id":133643,"date":"2024-12-10T17:34:09","date_gmt":"2024-12-10T17:34:09","guid":{"rendered":"https:\/\/www.bil.com.br\/blog\/?p=133643"},"modified":"2025-05-08T10:59:34","modified_gmt":"2025-05-08T10:59:34","slug":"historia-de-sucesso-cna","status":"publish","type":"post","link":"https:\/\/www.bil.com.br\/blog\/historia-de-sucesso-cna\/","title":{"rendered":"Hist\u00f3rias de Sucesso"},"content":{"rendered":"<span class=\"span-reading-time rt-reading-time\" style=\"display: block;\"><span class=\"rt-label rt-prefix\">Tempo de Leitura: <\/span> <span class=\"rt-time\"> 5<\/span> <span class=\"rt-label rt-postfix\">minutos<\/span><\/span>\n<h2 class=\"wp-block-heading\"><strong>Depoimentos de Quem Viveu o Interc\u00e2mbio com a BIL<\/strong><\/h2>\n\n\n\n<p class=\"wp-block-paragraph\">Viajar para o exterior \u00e9 muito mais do que aprender um idioma. \u00c9 uma jornada de crescimento, descobertas e experi\u00eancias que transformam vidas. Na BIL Interc\u00e2mbios, temos o privil\u00e9gio de fazer parte dessa trajet\u00f3ria, e nada nos deixa mais felizes do que ouvir as hist\u00f3rias de sucesso de nossos alunos.<\/p>\n\n\n\n<p class=\"wp-block-paragraph\">Nesta mat\u00e9ria, reunimos depoimentos de adolescentes e adultos que participaram de nossos programas de interc\u00e2mbio, compartilhando como essa experi\u00eancia impactou suas vidas. Inspire-se com essas hist\u00f3rias!<\/p>\n\n\n\n<h3 class=\"wp-block-heading\">Nicole, aluna do CNA S\u00e3o Paulo Mooca, viveu uma experi\u00eancia inesquec\u00edvel com dois interc\u00e2mbios incr\u00edveis.<\/h3>\n\n\n\n<figure class=\"wp-block-image alignleft size-full is-resized\"><a href=\"https:\/\/www.bil.com.br\/blog\/wp-content\/uploads\/2024\/12\/nicole-2-1.jpg\"><img fetchpriority=\"high\" decoding=\"async\" width=\"660\" height=\"372\" src=\"https:\/\/www.bil.com.br\/blog\/wp-content\/uploads\/2024\/12\/nicole-2-1.jpg\" alt=\"\" class=\"wp-image-133646\" style=\"width:374px;height:auto\" srcset=\"https:\/\/www.bil.com.br\/blog\/wp-content\/uploads\/2024\/12\/nicole-2-1.jpg 660w, https:\/\/www.bil.com.br\/blog\/wp-content\/uploads\/2024\/12\/nicole-2-1-300x169.jpg 300w\" sizes=\"(max-width: 660px) 100vw, 660px\" \/><\/a><\/figure>\n\n\n\n<p class=\"wp-block-paragraph\">Primeiro, ela participou de um projeto de aperfei\u00e7oamento do ingl\u00eas em Nova Iorque. Com o ingl\u00eas afiado, Nicole seguiu para Boston, onde estudou Fashion em uma das escolas mais renomadas da \u00e1rea.<\/p>\n\n\n\n<p class=\"wp-block-paragraph\"><strong>Depoimento da Nicole:<\/strong><br><em>&#8220;Estou muito feliz com tudo que aprendi nessas f\u00e9rias! A viagem foi maravilhosa, e os diretores dos locais onde fiquei foram excelentes. Meus professores eram incr\u00edveis, e agora tenho um carinho enorme por eles. Al\u00e9m de atenciosos, me ajudaram muito a melhorar meu ingl\u00eas, e isso me deixou ainda mais segura sobre o que quero para o meu futuro.<\/em><\/p>\n\n\n\n<p class=\"wp-block-paragraph\"><em>Fiquei apaixonada tanto por Nova Iorque quanto por Boston e n\u00e3o poderia ter feito uma escolha melhor! Fiz muitos amigos e, mesmo que a viagem tenha sido curta (&#x1f605;), criei mem\u00f3rias inesquec\u00edveis que vou levar comigo para o resto da vida. Foi perfeito!<\/em><\/p>\n\n\n\n<h3 class=\"wp-block-heading\"><strong>Pedro, aluno do CNA Pato Branco, viveu uma experi\u00eancia inesquec\u00edvel no programa F\u00e9rias Teen Londres com a BIL.<\/strong><\/h3>\n\n\n\n<figure class=\"wp-block-embed alignleft is-type-video is-provider-youtube wp-block-embed-youtube wp-embed-aspect-16-9 wp-has-aspect-ratio\"><div class=\"wp-block-embed__wrapper\">\n<iframe title=\"Depoimento Pedro - F\u00e9rias Teen Londres\" width=\"800\" height=\"450\" src=\"https:\/\/www.youtube.com\/embed\/ndWms--Cjgg?feature=oembed&#038;enablejsapi=1&#038;origin=https:\/\/www.bil.com.br\" frameborder=\"0\" allow=\"accelerometer; autoplay; clipboard-write; encrypted-media; gyroscope; picture-in-picture; web-share\" referrerpolicy=\"strict-origin-when-cross-origin\" allowfullscreen><\/iframe>\n<\/div><\/figure>\n\n\n\n<p class=\"wp-block-paragraph\">Com apenas 13 anos, Pedro embarcou em uma jornada \u00fanica ao lado de um grupo de alunos e teve a oportunidade de explorar Londres como nunca imaginou. Hospedado no campus da Universidade de Westminster, ele fez amigos, conheceu novos lugares e viveu momentos que ficar\u00e3o para sempre na mem\u00f3ria.<\/p>\n\n\n\n<p class=\"wp-block-paragraph\"><strong>Depoimento do Pedro:<\/strong><\/p>\n\n\n\n<p class=\"wp-block-paragraph\">Durante a viagem, Pedro visitou pontos ic\u00f4nicos como o Big Ben e mergulhou no mundo m\u00e1gico dos Est\u00fadios do Harry Potter. Essa foi uma experi\u00eancia que ele jamais esquecer\u00e1 e que marcou o in\u00edcio de uma jornada incr\u00edvel no aprendizado e nas viv\u00eancias culturais.<\/p>\n\n\n\n<h3 class=\"wp-block-heading\"><strong>Renata, aluna do CNA S\u00e3o Paulo Concei\u00e7\u00e3o, compartilha sua experi\u00eancia inesquec\u00edvel em Madrid, Espanha.<\/strong><\/h3>\n\n\n\n<p class=\"wp-block-paragraph\">Durante seu interc\u00e2mbio, Renata teve a oportunidade de aprender e vivenciar a cultura espanhola de forma imersiva, enquanto aprimorava seu espanhol. Aqui est\u00e3o os destaques de sua jornada:<\/p>\n\n\n\n<p class=\"wp-block-paragraph\"><strong>Depoimento da Renata:<\/strong><br><em>&#8220;As aulas foram muito boas, e conheci alunos de toda parte do mundo, como Fran\u00e7a, China, Jap\u00e3o, Austr\u00e1lia, Su\u00ed\u00e7a e Israel. Os professores eram muito atenciosos e me ajudaram a aprender mais sobre o passado gramatical no espanhol, o que foi essencial para o meu progresso.<\/em><\/p>\n\n\n\n<p class=\"wp-block-paragraph\"><em>A experi\u00eancia do interc\u00e2mbio foi incr\u00edvel! Conheci diversos lugares, fiz novas amizades e aprendi muito sobre a cultura espanhola com os pr\u00f3prios nativos \u2013 uma viv\u00eancia que realmente n\u00e3o tem pre\u00e7o.<\/em><\/p>\n\n\n\n<p class=\"wp-block-paragraph\"><em>A acomoda\u00e7\u00e3o foi perfeita para mim. Fiquei em um quarto individual, com um banheiro sempre dispon\u00edvel e uma estrutura que atendeu muito bem \u00e0s minhas necessidades, como geladeira, lavadora de roupas e outros itens essenciais.<\/em><\/p>\n\n\n\n<p class=\"wp-block-paragraph\"><em>Os passeios tamb\u00e9m foram um destaque \u00e0 parte! Cada lugar era mais lindo que o outro, e estar na Espanha s\u00f3 me fez ficar ainda mais apaixonada pela l\u00edngua espanhola. Foi incr\u00edvel poder explorar tanto a cidade de Madrid quanto Toledo, cada uma com suas belezas \u00fanicas.<\/em><\/p>\n\n\n\n<p class=\"wp-block-paragraph\"><em>Uma coisa que realmente mexeu comigo foi a liberdade que senti l\u00e1. Pude usar as roupas que queria, voltar para casa sozinha a qualquer hora da madrugada e me sentir completamente segura. Foi uma experi\u00eancia transformadora.<\/em><\/p>\n\n\n\n<p class=\"wp-block-paragraph\"><em>Foi uma viagem incr\u00edvel e inesquec\u00edvel. Tive experi\u00eancias \u00fanicas que vou levar para a vida toda e, como recorda\u00e7\u00e3o, at\u00e9 fiz uma tatuagem com o n\u00famero 26, que representa a resid\u00eancia onde fiquei hospedada. Muito obrigada pelo suporte antes, durante e depois da viagem. Com certeza, voltarei para a Espanha em algum momento da minha vida!&#8221;<\/em><\/p>\n\n\n\n<figure class=\"wp-block-embed alignright is-type-video is-provider-youtube wp-block-embed-youtube wp-embed-aspect-16-9 wp-has-aspect-ratio\"><div class=\"wp-block-embed__wrapper\">\n<iframe title=\"Depoimento Valentina\" width=\"800\" height=\"450\" src=\"https:\/\/www.youtube.com\/embed\/InPKv8FCP4U?feature=oembed&#038;enablejsapi=1&#038;origin=https:\/\/www.bil.com.br\" frameborder=\"0\" allow=\"accelerometer; autoplay; clipboard-write; encrypted-media; gyroscope; picture-in-picture; web-share\" referrerpolicy=\"strict-origin-when-cross-origin\" allowfullscreen><\/iframe>\n<\/div><\/figure>\n\n\n\n<h3 class=\"wp-block-heading\"><strong>Valentina, aluna do CNA, compartilha como foi passar as f\u00e9rias no programa F\u00e9rias Teen Londres.<\/strong><\/h3>\n\n\n\n<p class=\"wp-block-paragraph\">Imagina passar as f\u00e9rias em Londres com sua professora do CNA, estudando no campus da Universidade de Westminster e explorando cada canto dessa cidade incr\u00edvel! Foi exatamente isso que a Valentina viveu no programa F\u00e9rias Teen Londres, em parceria com a BIL Interc\u00e2mbios.<\/p>\n\n\n\n<p class=\"wp-block-paragraph\"><strong>Depoimento da Valentina:<\/strong><br>&#8220;Foi uma del\u00edcia participar desse programa! Estudar no campus da Universidade de Westminster foi incr\u00edvel, mas n\u00e3o foi s\u00f3 isso. Conheci Cambridge, Windsor Castle e at\u00e9 fui a um parque de divers\u00e3o! A cidade de Londres \u00e9 um sonho e, com a professora do CNA e o grupo, tudo ficou ainda mais especial. Essa experi\u00eancia foi cheia de aventuras, aprendizado e mem\u00f3rias que vou levar comigo para sempre.&#8221;<\/p>\n\n\n\n<p class=\"wp-block-paragraph\">Valentina explorou n\u00e3o s\u00f3 os pontos tur\u00edsticos mais ic\u00f4nicos de Londres, mas tamb\u00e9m viveu momentos \u00fanicos com seu grupo, aprendendo enquanto descobria a cultura e os encantos da Inglaterra.<\/p>\n\n\n\n<h3 class=\"wp-block-heading\"><strong>Fabiane, aluna do CNA Par\u00e1 Marab\u00e1, realizou o sonho de estudar em Londres com a BIL Interc\u00e2mbios.<\/strong><\/h3>\n\n\n\n<p class=\"wp-block-paragraph\">Fabiane participou de um programa exclusivo em Londres, estudando em uma escola super VIP, com a conveni\u00eancia de estar hospedada no pr\u00f3prio campus. Essa experi\u00eancia foi muito mais do que uma viagem \u2013 foi a realiza\u00e7\u00e3o de um sonho!<\/p>\n\n\n\n<figure class=\"wp-block-image alignleft size-large is-resized\"><a href=\"https:\/\/www.bil.com.br\/blog\/wp-content\/uploads\/2024\/12\/fabi-1-scaled.jpg\"><img decoding=\"async\" width=\"1024\" height=\"962\" src=\"https:\/\/www.bil.com.br\/blog\/wp-content\/uploads\/2024\/12\/fabi-1-1024x962.jpg\" alt=\"\" class=\"wp-image-133652\" style=\"width:333px;height:auto\" srcset=\"https:\/\/www.bil.com.br\/blog\/wp-content\/uploads\/2024\/12\/fabi-1-1024x962.jpg 1024w, https:\/\/www.bil.com.br\/blog\/wp-content\/uploads\/2024\/12\/fabi-1-300x282.jpg 300w, https:\/\/www.bil.com.br\/blog\/wp-content\/uploads\/2024\/12\/fabi-1-768x721.jpg 768w, https:\/\/www.bil.com.br\/blog\/wp-content\/uploads\/2024\/12\/fabi-1-1536x1442.jpg 1536w, https:\/\/www.bil.com.br\/blog\/wp-content\/uploads\/2024\/12\/fabi-1-scaled.jpg 2048w\" sizes=\"(max-width: 1024px) 100vw, 1024px\" \/><\/a><\/figure>\n\n\n\n<p class=\"wp-block-paragraph\"><strong>Depoimento da Fabiane:<\/strong><br>&#8220;A viagem foi \u00f3tima! O curso foi muito proveitoso, e a estrutura da acomoda\u00e7\u00e3o e da escola \u00e9 excelente. O tempo livre ap\u00f3s as aulas foi perfeito para explorar a cidade e passear bastante!<\/p>\n\n\n\n<p class=\"wp-block-paragraph\">Muito obrigada por viabilizar a realiza\u00e7\u00e3o do meu sonho!&#8221;<\/p>\n\n\n\n<p class=\"wp-block-paragraph\">Com uma estrutura de alto n\u00edvel, que combina aprendizado e conforto, Fabiane p\u00f4de aproveitar cada momento dessa experi\u00eancia transformadora em Londres. <\/p>\n\n\n\n<p class=\"wp-block-paragraph\"><strong>Por Que o Interc\u00e2mbio Transforma Vidas?<\/strong><\/p>\n\n\n\n<p class=\"wp-block-paragraph\">Ao longo dos anos, temos visto o impacto transformador que o interc\u00e2mbio tem sobre os alunos. Seja na adolesc\u00eancia ou na vida adulta, essas viagens:<\/p>\n\n\n\n<ul class=\"wp-block-list\">\n<li><strong>Aumentam a confian\u00e7a e a independ\u00eancia.<\/strong><\/li>\n\n\n\n<li><strong>Aprimoram habilidades lingu\u00edsticas.<\/strong><\/li>\n\n\n\n<li><strong>Conectam pessoas de diferentes culturas.<\/strong><\/li>\n\n\n\n<li><strong>Proporcionam aprendizados que v\u00e3o al\u00e9m da sala de aula.<\/strong><\/li>\n<\/ul>\n\n\n\n<p class=\"wp-block-paragraph\">A experi\u00eancia internacional n\u00e3o \u00e9 apenas uma viagem; \u00e9 um investimento no futuro.<\/p>\n\n\n\n<p class=\"wp-block-paragraph\"><strong>Inspire Seus Alunos a Viverem Essa Experi\u00eancia<\/strong><\/p>\n\n\n\n<p class=\"wp-block-paragraph\">Quer saber mais sobre os programas de interc\u00e2mbio da BIL? Entre em contato com a Barbara ou fale diretamente com a nossa equipe para levar essas oportunidades para seus alunos. &#x1f30d;<\/p>\n\n\n\n<p class=\"wp-block-paragraph\">&#x1f4ac; <strong>Fale conosco e transforme mais vidas atrav\u00e9s do aprendizado global!<\/strong><\/p>\n\n\n\n<p class=\"wp-block-paragraph\">&#x1f449; Alunos: WhatsApp para agendamento, telefone ou v\u00eddeo confer\u00eancia: : <a href=\"https:\/\/bit.ly\/bil-intercambios\" target=\"_blank\" rel=\"noopener\">https:\/\/bit.ly\/bil-intercambios<\/a> <br>&#x1f449; Parceiros CNA: WhatsApp exclusivo, telefone ou v\u00eddeo confer\u00eancia: Whatsapp: <a href=\"https:\/\/bit.ly\/bil-intercambios\" target=\"_blank\" rel=\"noopener\">https:\/\/bit.ly\/bil-intercambios<\/a> ou Pabx: 1135958200 (op\u00e7\u00e3o #3)<\/p>\n\n\n\n<figure class=\"wp-block-image size-full\"><a href=\"https:\/\/www.bil.com.br\/blog\/wp-content\/uploads\/2024\/09\/baner-post-whatsapp.png\"><img decoding=\"async\" width=\"1024\" height=\"210\" src=\"https:\/\/www.bil.com.br\/blog\/wp-content\/uploads\/2024\/09\/baner-post-whatsapp.png\" alt=\"\" class=\"wp-image-133420\" srcset=\"https:\/\/www.bil.com.br\/blog\/wp-content\/uploads\/2024\/09\/baner-post-whatsapp.png 1024w, https:\/\/www.bil.com.br\/blog\/wp-content\/uploads\/2024\/09\/baner-post-whatsapp-300x62.png 300w, https:\/\/www.bil.com.br\/blog\/wp-content\/uploads\/2024\/09\/baner-post-whatsapp-768x158.png 768w\" sizes=\"(max-width: 1024px) 100vw, 1024px\" \/><\/a><\/figure>\n","protected":false},"excerpt":{"rendered":"<p><span class=\"span-reading-time rt-reading-time\" style=\"display: block;\"><span class=\"rt-label rt-prefix\">Tempo de Leitura: <\/span> <span class=\"rt-time\"> 5<\/span> <span class=\"rt-label rt-postfix\">minutos<\/span><\/span>Depoimentos de Quem Viveu o Interc\u00e2mbio com a BIL Viajar para o exterior \u00e9 muito mais do que aprender um idioma. \u00c9 uma jornada de crescimento, descobertas e experi\u00eancias que transformam vidas. Na BIL Interc\u00e2mbios, temos o privil\u00e9gio de fazer parte dessa trajet\u00f3ria, e nada nos deixa mais felizes do que ouvir as hist\u00f3rias de [&hellip;]<\/p>\n","protected":false},"author":1,"featured_media":133644,"comment_status":"open","ping_status":"open","sticky":false,"template":"","format":"standard","meta":{"om_disable_all_campaigns":false,"_monsterinsights_skip_tracking":false,"_monsterinsights_sitenote_active":false,"_monsterinsights_sitenote_note":"","_monsterinsights_sitenote_category":0,"_uf_show_specific_survey":0,"_uf_disable_surveys":false,"footnotes":""},"categories":[8],"tags":[],"class_list":["post-133643","post","type-post","status-publish","format-standard","has-post-thumbnail","hentry","category-professor-parceiro"],"_links":{"self":[{"href":"https:\/\/www.bil.com.br\/blog\/wp-json\/wp\/v2\/posts\/133643","targetHints":{"allow":["GET"]}}],"collection":[{"href":"https:\/\/www.bil.com.br\/blog\/wp-json\/wp\/v2\/posts"}],"about":[{"href":"https:\/\/www.bil.com.br\/blog\/wp-json\/wp\/v2\/types\/post"}],"author":[{"embeddable":true,"href":"https:\/\/www.bil.com.br\/blog\/wp-json\/wp\/v2\/users\/1"}],"replies":[{"embeddable":true,"href":"https:\/\/www.bil.com.br\/blog\/wp-json\/wp\/v2\/comments?post=133643"}],"version-history":[{"count":7,"href":"https:\/\/www.bil.com.br\/blog\/wp-json\/wp\/v2\/posts\/133643\/revisions"}],"predecessor-version":[{"id":134198,"href":"https:\/\/www.bil.com.br\/blog\/wp-json\/wp\/v2\/posts\/133643\/revisions\/134198"}],"wp:featuredmedia":[{"embeddable":true,"href":"https:\/\/www.bil.com.br\/blog\/wp-json\/wp\/v2\/media\/133644"}],"wp:attachment":[{"href":"https:\/\/www.bil.com.br\/blog\/wp-json\/wp\/v2\/media?parent=133643"}],"wp:term":[{"taxonomy":"category","embeddable":true,"href":"https:\/\/www.bil.com.br\/blog\/wp-json\/wp\/v2\/categories?post=133643"},{"taxonomy":"post_tag","embeddable":true,"href":"https:\/\/www.bil.com.br\/blog\/wp-json\/wp\/v2\/tags?post=133643"}],"curies":[{"name":"wp","href":"https:\/\/api.w.org\/{rel}","templated":true}]}}