{"id":134661,"date":"2025-07-23T17:02:53","date_gmt":"2025-07-23T17:02:53","guid":{"rendered":"https:\/\/www.bil.com.br\/blog\/?p=134661"},"modified":"2025-07-24T13:48:23","modified_gmt":"2025-07-24T13:48:23","slug":"intercambio-cna-bil-malta-2025-experiencia-internacional","status":"publish","type":"post","link":"https:\/\/www.bil.com.br\/blog\/intercambio-cna-bil-malta-2025-experiencia-internacional\/","title":{"rendered":"CNA Malta 2025: uma experi\u00eancia internacional inesquec\u00edvel para todas as idades"},"content":{"rendered":"<span class=\"span-reading-time rt-reading-time\" style=\"display: block;\"><span class=\"rt-label rt-prefix\">Tempo de Leitura: <\/span> <span class=\"rt-time\"> 3<\/span> <span class=\"rt-label rt-postfix\">minutos<\/span><\/span>\n<p class=\"wp-block-paragraph\"><strong>Interc\u00e2mbio de curta dura\u00e7\u00e3o une diversidade, excel\u00eancia acad\u00eamica e viv\u00eancias transformadoras<\/strong><\/p>\n\n\n\n<p class=\"wp-block-paragraph\">A edi\u00e7\u00e3o 2025 do programa <strong>CNA Malta<\/strong>, realizada em parceria com a BIL Interc\u00e2mbios, consolidou-se como um grande sucesso. Com um grupo diverso e engajado, a viagem foi marcada por momentos de aprendizado, conex\u00e3o cultural e descobertas pessoais \u2014 reafirmando a for\u00e7a e o potencial dessa parceria, que h\u00e1 mais de 13 anos promove experi\u00eancias internacionais seguras e transformadoras.<\/p>\n\n\n\n<p class=\"wp-block-paragraph\">Mais do que um interc\u00e2mbio, esta edi\u00e7\u00e3o se destacou pela pluralidade dos participantes: adolescentes em fase escolar, jovens adultos em in\u00edcio de carreira, profissionais em busca de desenvolvimento pessoal, professores e franqueados da rede CNA \u2014 todos reunidos em um mesmo projeto, com diferentes objetivos, mas com a mesma vontade de crescer e viver algo \u00fanico.<\/p>\n\n\n\n<figure class=\"wp-block-embed aligncenter is-type-video is-provider-youtube wp-block-embed-youtube wp-embed-aspect-16-9 wp-has-aspect-ratio\"><div class=\"wp-block-embed__wrapper\">\n<iframe title=\"Depoimento: Rosangela\" width=\"800\" height=\"450\" src=\"https:\/\/www.youtube.com\/embed\/jdYDwgjX3eY?feature=oembed&#038;enablejsapi=1&#038;origin=https:\/\/www.bil.com.br\" frameborder=\"0\" allow=\"accelerometer; autoplay; clipboard-write; encrypted-media; gyroscope; picture-in-picture; web-share\" referrerpolicy=\"strict-origin-when-cross-origin\" allowfullscreen><\/iframe>\n<\/div><figcaption class=\"wp-element-caption\">\u201cFoi uma oportunidade \u00fanica. Pude estudar, vivenciar uma nova cultura e retornar com um repert\u00f3rio ainda maior para aplicar em sala de aula.\u201d<br>\u2014 <em>Rosangela, Franqueada do CNA Luzi\u00e2nia<\/em><\/figcaption><\/figure>\n\n\n\n<hr class=\"wp-block-separator has-alpha-channel-opacity\"\/>\n\n\n\n<h2 class=\"wp-block-heading\"><strong>Malta: o cen\u00e1rio ideal para aprender, crescer e se encantar<\/strong><\/h2>\n\n\n\n<p class=\"wp-block-paragraph\">Localizada no cora\u00e7\u00e3o do Mediterr\u00e2neo, Malta foi escolhida como destino por reunir elementos \u00fanicos: praias deslumbrantes, clima acolhedor, infraestrutura de qualidade, hist\u00f3ria rica e um ambiente seguro para estudantes de todas as idades. Cidades como Valetta, Mdina, Comino e Saint Julian\u2019s encantaram os participantes ao longo do programa.<\/p>\n\n\n\n<p class=\"wp-block-paragraph\">As aulas aconteceram na renomada IELS Malta, escola parceira da BIL, onde os estudantes foram organizados em turmas conforme o n\u00edvel de ingl\u00eas e participaram de atividades comunicativas e imersivas. A pr\u00e1tica do idioma se estendia tamb\u00e9m para os momentos de conviv\u00eancia na resid\u00eancia estudantil, nos passeios e nas intera\u00e7\u00f5es multiculturais do dia a dia.<\/p>\n\n\n\n<figure class=\"wp-block-embed is-type-video is-provider-youtube wp-block-embed-youtube wp-embed-aspect-16-9 wp-has-aspect-ratio\"><div class=\"wp-block-embed__wrapper\">\n<iframe title=\"Depoimento: Fabiana\" width=\"800\" height=\"450\" src=\"https:\/\/www.youtube.com\/embed\/z_OautOmbj4?feature=oembed&#038;enablejsapi=1&#038;origin=https:\/\/www.bil.com.br\" frameborder=\"0\" allow=\"accelerometer; autoplay; clipboard-write; encrypted-media; gyroscope; picture-in-picture; web-share\" referrerpolicy=\"strict-origin-when-cross-origin\" allowfullscreen><\/iframe>\n<\/div><figcaption class=\"wp-element-caption\">\u201cFiquei impressionada com o n\u00edvel de organiza\u00e7\u00e3o, a qualidade do ensino e o cuidado com cada detalhe.\u201d<br>\u2014 <em>Fabiana, CNA Campina Grande do Sul<\/em><\/figcaption><\/figure>\n\n\n\n<hr class=\"wp-block-separator has-alpha-channel-opacity\"\/>\n\n\n\n<h2 class=\"wp-block-heading\"><strong>Muito al\u00e9m das aulas: cultura, divers\u00e3o e conex\u00f5es que ficam para sempre<\/strong><\/h2>\n\n\n\n<p class=\"wp-block-paragraph\">A programa\u00e7\u00e3o cultural foi pensada para proporcionar uma imers\u00e3o completa na vida europeia. O grupo participou do Isle of MTV, maior festival de m\u00fasica de Malta \u2014 com direito a show do DJ brasileiro Alok \u2014 e teve a chance de assistir a uma partida da Champions League, vivenciando o clima apaixonante do futebol europeu.<\/p>\n\n\n\n<p class=\"wp-block-paragraph\">Para enriquecer ainda mais a experi\u00eancia, houve uma extens\u00e3o do programa com destino \u00e0 Sic\u00edlia, na It\u00e1lia. A visita ao Monte Etna e os passeios culturais pelo sul do pa\u00eds deram uma nova dimens\u00e3o ao interc\u00e2mbio, ampliando a bagagem pessoal e cultural de cada participante.<\/p>\n\n\n\n<hr class=\"wp-block-separator has-alpha-channel-opacity\"\/>\n\n\n\n<h2 class=\"wp-block-heading\"><strong>Um programa que acolhe diferentes perfis \u2014 e transforma todos eles<\/strong><\/h2>\n\n\n\n<p class=\"wp-block-paragraph\">Um dos maiores diferenciais do CNA Malta \u00e9 sua capacidade de atender a perfis variados em um \u00fanico programa. Do estudante do ensino m\u00e9dio ao adulto que viajou ao exterior pela primeira vez, todos encontraram espa\u00e7o, acolhimento e desafios proporcionais ao seu momento de vida.<\/p>\n\n\n\n<p class=\"wp-block-paragraph\">A presen\u00e7a de professores e franqueados da rede CNA tamb\u00e9m refor\u00e7a o car\u00e1ter formativo e institucional da experi\u00eancia, promovendo n\u00e3o apenas o crescimento individual, mas tamb\u00e9m o fortalecimento da rede de ensino como um todo.<\/p>\n\n\n\n<hr class=\"wp-block-separator has-alpha-channel-opacity\"\/>\n\n\n\n<h2 class=\"wp-block-heading\"><strong>Temporada 2026: inscri\u00e7\u00f5es abertas para a pr\u00f3xima jornada internacional<\/strong><\/h2>\n\n\n\n<p class=\"wp-block-paragraph\">Diante do sucesso da edi\u00e7\u00e3o 2025, a temporada <strong>CNA Malta 2026<\/strong> j\u00e1 est\u00e1 oficialmente aberta \u2014 e as vagas s\u00e3o limitadas. As inscri\u00e7\u00f5es antecipadas garantem benef\u00edcios como parcelamento facilitado, tempo h\u00e1bil para documenta\u00e7\u00e3o e suporte cont\u00ednuo da equipe BIL.<\/p>\n\n\n\n<p class=\"wp-block-paragraph\">Solicite e-book exclusivo com todos os detalhes do programa: roteiro, atividades, hospedagem, diferenciais e valores.<\/p>\n\n\n\n<p class=\"wp-block-paragraph\">Estamos entusiasmados para seguir fortalecendo esta parceria de sucesso com o CNA e levar essa viv\u00eancia internacional a ainda mais estudantes, professores e franqueados.<\/p>\n\n\n\n<p class=\"wp-block-paragraph\"><strong>CNA Malta: um programa completo, para todas as idades \u2014 e para a vida toda.<\/strong><\/p>\n\n\n\n<hr class=\"wp-block-separator has-alpha-channel-opacity\"\/>\n\n\n\n<h3 class=\"wp-block-heading\"><strong>Confira tamb\u00e9m: <\/strong><br><br>Avalia\u00e7\u00f5es no google dos passageiros<br><\/h3>\n\n\n\n<figure class=\"wp-block-image size-full\"><a href=\"https:\/\/www.bil.com.br\/blog\/wp-content\/uploads\/2025\/07\/image.png\"><img fetchpriority=\"high\" decoding=\"async\" width=\"753\" height=\"595\" src=\"https:\/\/www.bil.com.br\/blog\/wp-content\/uploads\/2025\/07\/image.png\" alt=\"\" class=\"wp-image-134707\" srcset=\"https:\/\/www.bil.com.br\/blog\/wp-content\/uploads\/2025\/07\/image.png 753w, https:\/\/www.bil.com.br\/blog\/wp-content\/uploads\/2025\/07\/image-300x237.png 300w\" sizes=\"(max-width: 753px) 100vw, 753px\" \/><\/a><\/figure>\n\n\n\n<figure class=\"wp-block-image size-full\"><a href=\"https:\/\/www.bil.com.br\/blog\/wp-content\/uploads\/2025\/07\/image-1.png\"><img decoding=\"async\" width=\"736\" height=\"361\" src=\"https:\/\/www.bil.com.br\/blog\/wp-content\/uploads\/2025\/07\/image-1.png\" alt=\"\" class=\"wp-image-134708\" srcset=\"https:\/\/www.bil.com.br\/blog\/wp-content\/uploads\/2025\/07\/image-1.png 736w, https:\/\/www.bil.com.br\/blog\/wp-content\/uploads\/2025\/07\/image-1-300x147.png 300w\" sizes=\"(max-width: 736px) 100vw, 736px\" \/><\/a><\/figure>\n\n\n\n<figure class=\"wp-block-image size-full\"><a href=\"https:\/\/www.bil.com.br\/blog\/wp-content\/uploads\/2025\/07\/image-2.png\"><img decoding=\"async\" width=\"752\" height=\"186\" src=\"https:\/\/www.bil.com.br\/blog\/wp-content\/uploads\/2025\/07\/image-2.png\" alt=\"\" class=\"wp-image-134709\" srcset=\"https:\/\/www.bil.com.br\/blog\/wp-content\/uploads\/2025\/07\/image-2.png 752w, https:\/\/www.bil.com.br\/blog\/wp-content\/uploads\/2025\/07\/image-2-300x74.png 300w\" sizes=\"(max-width: 752px) 100vw, 752px\" \/><\/a><\/figure>\n\n\n\n<figure class=\"wp-block-image size-full\"><a href=\"https:\/\/www.bil.com.br\/blog\/wp-content\/uploads\/2025\/07\/image-3.png\"><img loading=\"lazy\" decoding=\"async\" width=\"763\" height=\"480\" src=\"https:\/\/www.bil.com.br\/blog\/wp-content\/uploads\/2025\/07\/image-3.png\" alt=\"\" class=\"wp-image-134710\" srcset=\"https:\/\/www.bil.com.br\/blog\/wp-content\/uploads\/2025\/07\/image-3.png 763w, https:\/\/www.bil.com.br\/blog\/wp-content\/uploads\/2025\/07\/image-3-300x189.png 300w\" sizes=\"(max-width: 763px) 100vw, 763px\" \/><\/a><\/figure>\n\n\n\n<h3 class=\"wp-block-heading\"><br>Mais v\u00eddeos de depoimentos:<\/h3>\n\n\n\n<figure class=\"wp-block-embed is-type-video is-provider-youtube wp-block-embed-youtube wp-embed-aspect-16-9 wp-has-aspect-ratio\"><div class=\"wp-block-embed__wrapper\">\n<iframe title=\"Depoimento Eduardo\" width=\"800\" height=\"450\" src=\"https:\/\/www.youtube.com\/embed\/ap-9tH3dNBE?feature=oembed&#038;enablejsapi=1&#038;origin=https:\/\/www.bil.com.br\" frameborder=\"0\" allow=\"accelerometer; autoplay; clipboard-write; encrypted-media; gyroscope; picture-in-picture; web-share\" referrerpolicy=\"strict-origin-when-cross-origin\" allowfullscreen><\/iframe>\n<\/div><\/figure>\n\n\n\n<figure class=\"wp-block-embed is-type-video is-provider-youtube wp-block-embed-youtube wp-embed-aspect-16-9 wp-has-aspect-ratio\"><div class=\"wp-block-embed__wrapper\">\n<iframe title=\"Depoimento Laura Rocha de Medeiros  - CNA S\u00e3o Paulo S\u00e3o\u00a0Mateus\" width=\"800\" height=\"450\" src=\"https:\/\/www.youtube.com\/embed\/StgSYTanQiM?feature=oembed&#038;enablejsapi=1&#038;origin=https:\/\/www.bil.com.br\" frameborder=\"0\" allow=\"accelerometer; autoplay; clipboard-write; encrypted-media; gyroscope; picture-in-picture; web-share\" referrerpolicy=\"strict-origin-when-cross-origin\" allowfullscreen><\/iframe>\n<\/div><\/figure>\n\n\n\n<figure class=\"wp-block-embed is-type-video is-provider-youtube wp-block-embed-youtube wp-embed-aspect-16-9 wp-has-aspect-ratio\"><div class=\"wp-block-embed__wrapper\">\n<iframe title=\"Depoimento C\u00edcero Alexandre Quadros  - CNA Mogi\u00a0Gua\u00e7u\" width=\"800\" height=\"450\" src=\"https:\/\/www.youtube.com\/embed\/48yJjSu9jAY?feature=oembed&#038;enablejsapi=1&#038;origin=https:\/\/www.bil.com.br\" frameborder=\"0\" allow=\"accelerometer; autoplay; clipboard-write; encrypted-media; gyroscope; picture-in-picture; web-share\" referrerpolicy=\"strict-origin-when-cross-origin\" allowfullscreen><\/iframe>\n<\/div><\/figure>\n\n\n\n<p class=\"wp-block-paragraph\"><strong>Veja tamb\u00e9m:<\/strong> <a href=\"https:\/\/www.bil.com.br\/blog\/importancia-da-preparacao-antecipada\/\">A Import\u00e2ncia da Prepara\u00e7\u00e3o Antecipada para o Interc\u00e2mbio<\/a><\/p>\n\n\n\n<p class=\"wp-block-paragraph\"><em>Deixe o seu coment\u00e1rio e compartilhe este conte\u00fado nas suas redes sociais! <\/em><a href=\"https:\/\/www.instagram.com\/bilintercambios\/\" target=\"_blank\" rel=\"noopener\"><em>Siga a BIL Interc\u00e2mbios no Instagram<\/em><\/a><em>!<\/em><\/p>\n\n\n\n<p class=\"wp-block-paragraph\"><\/p>\n","protected":false},"excerpt":{"rendered":"<p><span class=\"span-reading-time rt-reading-time\" style=\"display: block;\"><span class=\"rt-label rt-prefix\">Tempo de Leitura: <\/span> <span class=\"rt-time\"> 3<\/span> <span class=\"rt-label rt-postfix\">minutos<\/span><\/span>Interc\u00e2mbio de curta dura\u00e7\u00e3o une diversidade, excel\u00eancia acad\u00eamica e viv\u00eancias transformadoras A edi\u00e7\u00e3o 2025 do programa CNA Malta, realizada em parceria com a BIL Interc\u00e2mbios, consolidou-se como um grande sucesso. Com um grupo diverso e engajado, a viagem foi marcada por momentos de aprendizado, conex\u00e3o cultural e descobertas pessoais \u2014 reafirmando a for\u00e7a e o [&hellip;]<\/p>\n","protected":false},"author":1,"featured_media":134715,"comment_status":"open","ping_status":"open","sticky":false,"template":"","format":"standard","meta":{"om_disable_all_campaigns":false,"_monsterinsights_skip_tracking":false,"_monsterinsights_sitenote_active":false,"_monsterinsights_sitenote_note":"","_monsterinsights_sitenote_category":0,"_uf_show_specific_survey":0,"_uf_disable_surveys":false,"footnotes":""},"categories":[8],"tags":[621,98,876,877,30,878,301],"class_list":["post-134661","post","type-post","status-publish","format-standard","has-post-thumbnail","hentry","category-professor-parceiro","tag-bil","tag-bil-intercambios","tag-cna","tag-cna-em-malta","tag-estudar-no-exterior","tag-estude-em-malta","tag-intercambio-em-malta"],"_links":{"self":[{"href":"https:\/\/www.bil.com.br\/blog\/wp-json\/wp\/v2\/posts\/134661","targetHints":{"allow":["GET"]}}],"collection":[{"href":"https:\/\/www.bil.com.br\/blog\/wp-json\/wp\/v2\/posts"}],"about":[{"href":"https:\/\/www.bil.com.br\/blog\/wp-json\/wp\/v2\/types\/post"}],"author":[{"embeddable":true,"href":"https:\/\/www.bil.com.br\/blog\/wp-json\/wp\/v2\/users\/1"}],"replies":[{"embeddable":true,"href":"https:\/\/www.bil.com.br\/blog\/wp-json\/wp\/v2\/comments?post=134661"}],"version-history":[{"count":3,"href":"https:\/\/www.bil.com.br\/blog\/wp-json\/wp\/v2\/posts\/134661\/revisions"}],"predecessor-version":[{"id":134712,"href":"https:\/\/www.bil.com.br\/blog\/wp-json\/wp\/v2\/posts\/134661\/revisions\/134712"}],"wp:featuredmedia":[{"embeddable":true,"href":"https:\/\/www.bil.com.br\/blog\/wp-json\/wp\/v2\/media\/134715"}],"wp:attachment":[{"href":"https:\/\/www.bil.com.br\/blog\/wp-json\/wp\/v2\/media?parent=134661"}],"wp:term":[{"taxonomy":"category","embeddable":true,"href":"https:\/\/www.bil.com.br\/blog\/wp-json\/wp\/v2\/categories?post=134661"},{"taxonomy":"post_tag","embeddable":true,"href":"https:\/\/www.bil.com.br\/blog\/wp-json\/wp\/v2\/tags?post=134661"}],"curies":[{"name":"wp","href":"https:\/\/api.w.org\/{rel}","templated":true}]}}