{"id":134849,"date":"2025-11-04T17:13:41","date_gmt":"2025-11-04T17:13:41","guid":{"rendered":"https:\/\/www.bil.com.br\/blog\/?p=134849"},"modified":"2025-11-04T17:29:23","modified_gmt":"2025-11-04T17:29:23","slug":"high-school-eua-depoimento-pais","status":"publish","type":"post","link":"https:\/\/www.bil.com.br\/blog\/high-school-eua-depoimento-pais\/","title":{"rendered":"Medo, Coragem e Transforma\u00e7\u00e3o: A Nossa Experi\u00eancia com o High School nos Estados Unidos"},"content":{"rendered":"<span class=\"span-reading-time rt-reading-time\" style=\"display: block;\"><span class=\"rt-label rt-prefix\">Tempo de Leitura: <\/span> <span class=\"rt-time\"> 4<\/span> <span class=\"rt-label rt-postfix\">minutos<\/span><\/span>\n<h2 class=\"wp-block-heading\">Um relato sincero de como o interc\u00e2mbio transformou nossos dois filhos \u2014 e a n\u00f3s, como pais.<\/h2>\n\n\n\n<p class=\"wp-block-paragraph\">A pandemia trouxe in\u00fameros desafios, mas tamb\u00e9m nos fez refletir profundamente sobre o que realmente importa \u2014 e sobre como quer\u00edamos preparar nossos filhos para o mundo. Foi nesse per\u00edodo que percebemos que, mais do que proteger, precis\u00e1vamos criar nossos filhos para serem independentes, aut\u00f4nomos e confiantes.<\/p>\n\n\n\n<p class=\"wp-block-paragraph\">Nossa filha, desde muito pequena, falava sobre o sonho de fazer um interc\u00e2mbio nos Estados Unidos. Durante a pandemia, perguntei a ela:<br><strong>\u201cVoc\u00ea quer mesmo ir?\u201d<\/strong><br>Com apenas 14 anos, ela respondeu com uma firmeza que n\u00e3o deixou d\u00favidas: <strong>sim<\/strong>.<\/p>\n\n\n\n<p class=\"wp-block-paragraph\">Comecei ent\u00e3o a buscar informa\u00e7\u00f5es sobre o programa de High School nos Estados Unidos e nos indicaram a <strong>BIL Interc\u00e2mbios<\/strong>. Mesmo com todos os medos naturais de pais \u2014 <em>Ser\u00e1 que ela ficar\u00e1 segura? E se a adapta\u00e7\u00e3o for dif\u00edcil? Como ser\u00e1 a fam\u00edlia anfitri\u00e3?<\/em> \u2014 decidimos seguir em frente.<\/p>\n\n\n\n<hr class=\"wp-block-separator has-alpha-channel-opacity\"\/>\n\n\n\n<h3 class=\"wp-block-heading\"><strong>A experi\u00eancia da nossa filha<\/strong><\/h3>\n\n\n\n<p class=\"wp-block-paragraph\">N\u00e3o escolhemos o Estado. Deixamos que o destino nos surpreendesse \u2014 e surpreendeu.<br>Ela foi acolhida por um casal jovem e dedicado, na cidade de <strong>Cody, Wyoming<\/strong>.<br>A primeira rea\u00e7\u00e3o foi de estranhamento:<br><strong>\u201cComo ser\u00e1 viver em uma cidade t\u00e3o pequena? E em um s\u00edtio afastado da cidade?\u201d<\/strong><\/p>\n\n\n\n<p class=\"wp-block-paragraph\">Mas hoje podemos dizer: <strong>foi o melhor cen\u00e1rio poss\u00edvel<\/strong>.<\/p>\n\n\n\n<p class=\"wp-block-paragraph\">A escola era simplesmente maravilhosa \u2014 estrutura que, sinceramente, raramente vemos nem em escolas particulares do nosso pa\u00eds. Ela fez amigos, viveu experi\u00eancias \u00fanicas e amadureceu de uma forma linda e natural.<\/p>\n\n\n\n<hr class=\"wp-block-separator has-alpha-channel-opacity\"\/>\n\n\n\n<h3 class=\"wp-block-heading\"><strong>Quando chegou a vez do nosso menino\u2026<\/strong><\/h3>\n\n\n\n<p class=\"wp-block-paragraph\">Mais tarde, chegou o momento de fazer a mesma pergunta ao nosso filho:<br><strong>\u201cVoc\u00ea quer fazer interc\u00e2mbio?\u201d<\/strong><br>A resposta foi curta e direta: <strong>\u201cN\u00e3o.\u201d<\/strong><\/p>\n\n\n\n<p class=\"wp-block-paragraph\">Respeitamos (ou quase &#x1f92d;), mas lembramos a ele o quanto a experi\u00eancia tinha sido transformadora para a irm\u00e3.<br>Marcamos uma reuni\u00e3o com a equipe da BIL \u2014 e foi ali que tudo mudou.<\/p>\n\n\n\n<p class=\"wp-block-paragraph\">Quando a Ana, da BIL, perguntou quanto tempo ele gostaria de ficar, ele respondeu sem hesitar:<br><strong>\u201cUm ano.\u201d<\/strong><br>Rimos juntos. Ele dizia n\u00e3o querer ir\u2026 mas escolheu ficar um ano!<\/p>\n\n\n\n<p class=\"wp-block-paragraph\">No aeroporto, ainda tentou nos convencer a desistir:<br><strong>\u201cVoc\u00eas v\u00e3o sair presos daqui, porque eu n\u00e3o quero ir!\u201d<\/strong><br>Sab\u00edamos que era o medo do desconhecido falando \u2014 medo da l\u00edngua, da dist\u00e2ncia, do novo.<\/p>\n\n\n\n<hr class=\"wp-block-separator has-alpha-channel-opacity\"\/>\n\n\n\n<h3 class=\"wp-block-heading\"><strong>Uma nova vida, um novo mundo<\/strong><\/h3>\n\n\n\n<p class=\"wp-block-paragraph\">E bastaram <strong>dois dias<\/strong> para tudo mudar.<br>Ele foi para uma pequena comunidade na <strong>Virginia<\/strong>, no condado de Rappahannock, na cidade de <strong>Huntly<\/strong>, com cerca de apenas 250 habitantes. Estudou em uma escola particular rural, pequena, mas de ensino muito forte, fundada por ingleses.<\/p>\n\n\n\n<p class=\"wp-block-paragraph\">Usava uniforme social \u2014 at\u00e9 gravata em dias especiais!<br>Morou em uma casa da pr\u00f3pria escola, com <strong>sete intercambi\u00e1rios de outras nacionalidades<\/strong> e uma professora.<\/p>\n\n\n\n<p class=\"wp-block-paragraph\">Com poucas horas de conviv\u00eancia, ele j\u00e1 nos mandava mensagens feliz, adaptado \u2014 mesmo sem dominar completamente o idioma. Aprendeu r\u00e1pido, fez amigos e viveu uma experi\u00eancia que transformou sua forma de ver o mundo.<\/p>\n\n\n\n<div class=\"wp-block-columns is-layout-flex wp-container-core-columns-is-layout-7387b849 wp-block-columns-is-layout-flex\">\n<div class=\"wp-block-column is-layout-flow wp-block-column-is-layout-flow\" style=\"flex-basis:50%\">\n<figure class=\"wp-block-gallery has-nested-images columns-default is-cropped wp-block-gallery-1 is-layout-flex wp-block-gallery-is-layout-flex\">\n<figure class=\"wp-block-image size-large\"><a href=\"https:\/\/www.bil.com.br\/blog\/wp-content\/uploads\/2025\/11\/arthur-1.jpeg\"><img fetchpriority=\"high\" decoding=\"async\" width=\"915\" height=\"978\" data-id=\"134854\" src=\"https:\/\/www.bil.com.br\/blog\/wp-content\/uploads\/2025\/11\/arthur-1.jpeg\" alt=\"\" class=\"wp-image-134854\" srcset=\"https:\/\/www.bil.com.br\/blog\/wp-content\/uploads\/2025\/11\/arthur-1.jpeg 915w, https:\/\/www.bil.com.br\/blog\/wp-content\/uploads\/2025\/11\/arthur-1-281x300.jpeg 281w, https:\/\/www.bil.com.br\/blog\/wp-content\/uploads\/2025\/11\/arthur-1-768x821.jpeg 768w\" sizes=\"(max-width: 915px) 100vw, 915px\" \/><\/a><\/figure>\n<\/figure>\n<\/div>\n\n\n\n<div class=\"wp-block-column is-layout-flow wp-block-column-is-layout-flow\" style=\"flex-basis:50%\">\n<figure class=\"wp-block-gallery has-nested-images columns-default is-cropped wp-block-gallery-2 is-layout-flex wp-block-gallery-is-layout-flex\">\n<figure class=\"wp-block-image size-large\"><a href=\"https:\/\/www.bil.com.br\/blog\/wp-content\/uploads\/2025\/11\/arthur2-1.jpeg\"><img decoding=\"async\" width=\"1024\" height=\"819\" data-id=\"134855\" src=\"https:\/\/www.bil.com.br\/blog\/wp-content\/uploads\/2025\/11\/arthur2-1-1024x819.jpeg\" alt=\"\" class=\"wp-image-134855\" srcset=\"https:\/\/www.bil.com.br\/blog\/wp-content\/uploads\/2025\/11\/arthur2-1-1024x819.jpeg 1024w, https:\/\/www.bil.com.br\/blog\/wp-content\/uploads\/2025\/11\/arthur2-1-300x240.jpeg 300w, https:\/\/www.bil.com.br\/blog\/wp-content\/uploads\/2025\/11\/arthur2-1-768x614.jpeg 768w, https:\/\/www.bil.com.br\/blog\/wp-content\/uploads\/2025\/11\/arthur2-1-1536x1228.jpeg 1536w, https:\/\/www.bil.com.br\/blog\/wp-content\/uploads\/2025\/11\/arthur2-1.jpeg 1600w\" sizes=\"(max-width: 1024px) 100vw, 1024px\" \/><\/a><\/figure>\n<\/figure>\n<\/div>\n<\/div>\n\n\n\n<hr class=\"wp-block-separator has-alpha-channel-opacity\"\/>\n\n\n\n<h3 class=\"wp-block-heading\"><strong>O reencontro mais emocionante das nossas vidas<\/strong><\/h3>\n\n\n\n<p class=\"wp-block-paragraph\">Tivemos a oportunidade de viajar para busc\u00e1-los.<br>Sentimos de perto a emo\u00e7\u00e3o do reencontro, conhecemos as fam\u00edlias, professores, amigos e as escolas.<br>Fomos recebidos com carinho genu\u00edno.<\/p>\n\n\n\n<p class=\"wp-block-paragraph\">A fam\u00edlia da nossa filha nos acolheu como parte deles.<br>Na escola de nosso filho, sentimos o mesmo \u2014 um ambiente de amor, respeito e educa\u00e7\u00e3o verdadeira.<br>At\u00e9 participamos da <strong>formatura<\/strong> dele \u2014 um momento que jamais esqueceremos.<\/p>\n\n\n\n<hr class=\"wp-block-separator has-alpha-channel-opacity\"\/>\n\n\n\n<h3 class=\"wp-block-heading\"><strong>O impacto depois do interc\u00e2mbio<\/strong><\/h3>\n\n\n\n<p class=\"wp-block-paragraph\">Hoje, nossa filha est\u00e1 independente, morando sozinha em S\u00e3o Paulo e cursando Arquitetura. J\u00e1 planeja um novo interc\u00e2mbio \u2014 agora universit\u00e1rio \u2014 para a Europa.<\/p>\n\n\n\n<p class=\"wp-block-paragraph\">Nosso filho est\u00e1 concluindo o segundo ano do ensino m\u00e9dio. Continua em contato com os amigos dos Estados Unidos, se veste como um verdadeiro ingl\u00eas e diz que o interc\u00e2mbio foi <strong>\u201ca melhor coisa da vida dele\u201d<\/strong>.<\/p>\n\n\n\n<p class=\"wp-block-paragraph\">Tivemos, inclusive, o prazer de receber a host family de nossa filha em nossa casa.<br>A troca cultural se tornou v\u00ednculo para a vida toda.<\/p>\n\n\n\n<hr class=\"wp-block-separator has-alpha-channel-opacity\"\/>\n\n\n\n<h3 class=\"wp-block-heading\"><strong>O que aprendemos como pais<\/strong><\/h3>\n\n\n\n<p class=\"wp-block-paragraph\">Aprendemos que, \u00e0s vezes, \u00e9 preciso deixar nossos medos de lado para permitir que nossos filhos vivam experi\u00eancias que os far\u00e3o crescer.<\/p>\n\n\n\n<p class=\"wp-block-paragraph\">Os nossos medos foram acolhidos e acalmados, sempre, pela <strong>Bia, da BIL<\/strong>, que nos acompanhou com carinho e aten\u00e7\u00e3o em cada etapa.<\/p>\n\n\n\n<p class=\"wp-block-paragraph\">Hoje, recomendamos de cora\u00e7\u00e3o a BIL Interc\u00e2mbios.<br>Se tiv\u00e9ssemos um terceiro filho, sem d\u00favida, ele tamb\u00e9m faria interc\u00e2mbio \u2014 e novamente com a BIL. &lt;br&gt;<\/p>\n\n\n\n<p class=\"wp-block-paragraph\"><strong>Artur Pires e Katia Christina Pires<\/strong><\/p>\n\n\n\n<figure class=\"wp-block-gallery has-nested-images columns-default is-cropped wp-block-gallery-3 is-layout-flex wp-block-gallery-is-layout-flex\">\n<figure class=\"wp-block-image size-large\"><a href=\"https:\/\/www.bil.com.br\/blog\/wp-content\/uploads\/2025\/11\/katia-family-1.jpeg\"><img decoding=\"async\" width=\"1024\" height=\"768\" data-id=\"134857\" src=\"https:\/\/www.bil.com.br\/blog\/wp-content\/uploads\/2025\/11\/katia-family-1-1024x768.jpeg\" alt=\"\" class=\"wp-image-134857\" srcset=\"https:\/\/www.bil.com.br\/blog\/wp-content\/uploads\/2025\/11\/katia-family-1-1024x768.jpeg 1024w, https:\/\/www.bil.com.br\/blog\/wp-content\/uploads\/2025\/11\/katia-family-1-300x225.jpeg 300w, https:\/\/www.bil.com.br\/blog\/wp-content\/uploads\/2025\/11\/katia-family-1-768x576.jpeg 768w, https:\/\/www.bil.com.br\/blog\/wp-content\/uploads\/2025\/11\/katia-family-1-1536x1152.jpeg 1536w, https:\/\/www.bil.com.br\/blog\/wp-content\/uploads\/2025\/11\/katia-family-1.jpeg 1600w\" sizes=\"(max-width: 1024px) 100vw, 1024px\" \/><\/a><\/figure>\n<\/figure>\n\n\n\n<p class=\"wp-block-paragraph\"><strong>Veja tamb\u00e9m:<\/strong> <a href=\"https:\/\/www.bil.com.br\/blog\/faq-10-perguntas-sobre-intercambio-que-voce-sempre-quis-saber\/\">FAQ \u2013 10 perguntas sobre interc\u00e2mbio que voc\u00ea sempre quis saber<\/a><\/p>\n\n\n\n<p class=\"wp-block-paragraph\"><em>Ent\u00e3o, gostou das dicas sobre como escolher a sua escola ao estudar no exterior? Deixe o seu coment\u00e1rio e compartilhe este conte\u00fado nas suas redes sociais! <\/em><a href=\"https:\/\/www.instagram.com\/bilintercambios\/\" target=\"_blank\" rel=\"noopener\"><em>Siga a BIL Interc\u00e2mbios no Instagram<\/em><\/a><em>!<\/em><\/p>\n","protected":false},"excerpt":{"rendered":"<p><span class=\"span-reading-time rt-reading-time\" style=\"display: block;\"><span class=\"rt-label rt-prefix\">Tempo de Leitura: <\/span> <span class=\"rt-time\"> 4<\/span> <span class=\"rt-label rt-postfix\">minutos<\/span><\/span>Um relato sincero de como o interc\u00e2mbio transformou nossos dois filhos \u2014 e a n\u00f3s, como pais. A pandemia trouxe in\u00fameros desafios, mas tamb\u00e9m nos fez refletir profundamente sobre o que realmente importa \u2014 e sobre como quer\u00edamos preparar nossos filhos para o mundo. Foi nesse per\u00edodo que percebemos que, mais do que proteger, precis\u00e1vamos [&hellip;]<\/p>\n","protected":false},"author":1,"featured_media":134850,"comment_status":"open","ping_status":"open","sticky":false,"template":"","format":"standard","meta":{"om_disable_all_campaigns":false,"_monsterinsights_skip_tracking":false,"_monsterinsights_sitenote_active":false,"_monsterinsights_sitenote_note":"","_monsterinsights_sitenote_category":0,"_uf_show_specific_survey":0,"_uf_disable_surveys":false,"footnotes":""},"categories":[7],"tags":[51,57,929,704],"class_list":["post-134849","post","type-post","status-publish","format-standard","has-post-thumbnail","hentry","category-high-school","tag-ensino-medio-no-exterior","tag-high-school","tag-high-school-eua","tag-intercambio-high-school"],"_links":{"self":[{"href":"https:\/\/www.bil.com.br\/blog\/wp-json\/wp\/v2\/posts\/134849","targetHints":{"allow":["GET"]}}],"collection":[{"href":"https:\/\/www.bil.com.br\/blog\/wp-json\/wp\/v2\/posts"}],"about":[{"href":"https:\/\/www.bil.com.br\/blog\/wp-json\/wp\/v2\/types\/post"}],"author":[{"embeddable":true,"href":"https:\/\/www.bil.com.br\/blog\/wp-json\/wp\/v2\/users\/1"}],"replies":[{"embeddable":true,"href":"https:\/\/www.bil.com.br\/blog\/wp-json\/wp\/v2\/comments?post=134849"}],"version-history":[{"count":2,"href":"https:\/\/www.bil.com.br\/blog\/wp-json\/wp\/v2\/posts\/134849\/revisions"}],"predecessor-version":[{"id":134860,"href":"https:\/\/www.bil.com.br\/blog\/wp-json\/wp\/v2\/posts\/134849\/revisions\/134860"}],"wp:featuredmedia":[{"embeddable":true,"href":"https:\/\/www.bil.com.br\/blog\/wp-json\/wp\/v2\/media\/134850"}],"wp:attachment":[{"href":"https:\/\/www.bil.com.br\/blog\/wp-json\/wp\/v2\/media?parent=134849"}],"wp:term":[{"taxonomy":"category","embeddable":true,"href":"https:\/\/www.bil.com.br\/blog\/wp-json\/wp\/v2\/categories?post=134849"},{"taxonomy":"post_tag","embeddable":true,"href":"https:\/\/www.bil.com.br\/blog\/wp-json\/wp\/v2\/tags?post=134849"}],"curies":[{"name":"wp","href":"https:\/\/api.w.org\/{rel}","templated":true}]}}