{"id":135102,"date":"2026-03-24T17:53:41","date_gmt":"2026-03-24T17:53:41","guid":{"rendered":"https:\/\/www.bil.com.br\/blog\/?p=135102"},"modified":"2026-03-24T12:29:00","modified_gmt":"2026-03-24T12:29:00","slug":"qual-a-idade-ideal-para-fazer-intercambio","status":"publish","type":"post","link":"https:\/\/www.bil.com.br\/blog\/qual-a-idade-ideal-para-fazer-intercambio\/","title":{"rendered":"Qual a idade ideal para fazer interc\u00e2mbio?"},"content":{"rendered":"<span class=\"span-reading-time rt-reading-time\" style=\"display: block;\"><span class=\"rt-label rt-prefix\">Tempo de Leitura: <\/span> <span class=\"rt-time\"> 3<\/span> <span class=\"rt-label rt-postfix\">minutos<\/span><\/span>\n<p class=\"wp-block-paragraph\">Essa \u00e9 uma das d\u00favidas mais comuns entre pais: <strong>existe uma idade certa para mandar um filho para interc\u00e2mbio?<\/strong><\/p>\n\n\n\n<p class=\"wp-block-paragraph\">A resposta \u00e9: n\u00e3o existe uma \u00fanica idade ideal, mas existem <strong>idades mais indicadas para cada tipo de experi\u00eancia<\/strong>.<\/p>\n\n\n\n<p class=\"wp-block-paragraph\">Na pr\u00e1tica, o melhor momento n\u00e3o depende s\u00f3 da idade, mas de tr\u00eas fatores principais: maturidade do estudante, objetivo da viagem e n\u00edvel de suporte necess\u00e1rio.<\/p>\n\n\n\n<p class=\"wp-block-paragraph\">Por isso, ao inv\u00e9s de perguntar \u201cqual \u00e9 a idade ideal?\u201d, o mais correto \u00e9 entender: <strong>qual \u00e9 o interc\u00e2mbio ideal para a sua fase de vida?<\/strong><\/p>\n\n\n\n<hr class=\"wp-block-separator has-alpha-channel-opacity\"\/>\n\n\n\n<h2 class=\"wp-block-heading\">12 a 14 anos: o momento de come\u00e7ar com seguran\u00e7a<\/h2>\n\n\n\n<p class=\"wp-block-paragraph\">Essa \u00e9, para muitas fam\u00edlias, a primeira oportunidade de interc\u00e2mbio.<\/p>\n\n\n\n<p class=\"wp-block-paragraph\">Mas aqui existe um ponto importante: <strong>n\u00e3o \u00e9 momento de independ\u00eancia, \u00e9 momento de estrutura<\/strong>.<\/p>\n\n\n\n<p class=\"wp-block-paragraph\">Adolescentes nessa faixa et\u00e1ria ainda est\u00e3o desenvolvendo autonomia, ent\u00e3o o ideal s\u00e3o programas com:<\/p>\n\n\n\n<p class=\"wp-block-paragraph\">\u2022 acompanhamento integral<br>\u2022 rotina organizada<br>\u2022 atividades supervisionadas<br>\u2022 suporte constante<\/p>\n\n\n\n<p class=\"wp-block-paragraph\">Por isso, o interc\u00e2mbio mais indicado \u00e9 o <strong>F\u00e9rias Teen <\/strong>e os <strong>Summer Camps<\/strong>. S\u00e3o programas destinados \u00e0 adolescentes, com monitoria constante nas escolas e suporte integral.<\/p>\n\n\n\n<p class=\"wp-block-paragraph\">Vamos seguir a linha:<br>Um estudante de 13 anos que nunca viajou sozinho pode se sentir inseguro no in\u00edcio. No programa em grupo, ele embarca com outros adolescentes, tem um l\u00edder acompanhando e uma programa\u00e7\u00e3o definida, isso reduz a ansiedade e facilita a adapta\u00e7\u00e3o.<\/p>\n\n\n\n<p class=\"wp-block-paragraph\">Resultado comum: volta mais confiante, mais comunicativo e com primeira experi\u00eancia internacional positiva.<\/p>\n\n\n\n<hr class=\"wp-block-separator has-alpha-channel-opacity\"\/>\n\n\n\n<h2 class=\"wp-block-heading\">15 a 17 anos: mais autonomia, mais possibilidades<\/h2>\n\n\n\n<p class=\"wp-block-paragraph\">Aqui come\u00e7a uma virada importante.<\/p>\n\n\n\n<p class=\"wp-block-paragraph\">Nessa idade, muitos adolescentes j\u00e1 t\u00eam maturidade para experi\u00eancias mais completas e \u00e9 onde os pais mais erram ao tratar todos os filhos da mesma forma.<\/p>\n\n\n\n<p class=\"wp-block-paragraph\">Existem tr\u00eas caminhos principais:<\/p>\n\n\n\n<h3 class=\"wp-block-heading\">1. F\u00e9rias Teen (ainda faz sentido?)<\/h3>\n\n\n\n<p class=\"wp-block-paragraph\">Sim! Especialmente para quem ainda n\u00e3o viajou ou prefere mais seguran\u00e7a.<\/p>\n\n\n\n<h3 class=\"wp-block-heading\">2. Summer\/Winter Camps (primeira independ\u00eancia)<\/h3>\n\n\n\n<p class=\"wp-block-paragraph\">Aqui o aluno j\u00e1 viaja sozinho, sem grupo BIL, e fica sob responsabilidade da escola internacional.<\/p>\n\n\n\n<p class=\"wp-block-paragraph\">Exemplo:<br>Um adolescente de 16 anos, mais independente, prefere n\u00e3o estar preso a grupo. No Summer Camp, ele conhece estudantes do mundo todo, ganha autonomia ao decidir o que quer fazer e desenvolve mais o ingl\u00eas na pr\u00e1tica.<\/p>\n\n\n\n<h3 class=\"wp-block-heading\">3. High School (experi\u00eancia mais profunda)<\/h3>\n\n\n\n<p class=\"wp-block-paragraph\">Para quem busca algo mais s\u00e9rio e transformador. Uma experi\u00eancia de estudar e morar 1 semestre ou 1 ano no exterior vai ser transformadora para o adolescente. Ele vai criar maturidade, autonomia e flu\u00eancia no idioma. <\/p>\n\n\n\n<p class=\"wp-block-paragraph\">Muitos pais acham que \u00e9 \u201ccedo demais\u201d, mas na pr\u00e1tica, essa \u00e9 uma das idades <strong>mais estrat\u00e9gicas<\/strong> para esse tipo de programa.<\/p>\n\n\n\n<p class=\"wp-block-paragraph\">Entenda tudo sobre esse programa: <a href=\"https:\/\/bil.com.br\/informativos\/high_school_geral.pdf\" target=\"_blank\" rel=\"noopener\"><strong>https:\/\/bil.com.br\/informativos\/high_school_geral.pdf<\/strong><\/a><\/p>\n\n\n\n<hr class=\"wp-block-separator has-alpha-channel-opacity\"\/>\n\n\n\n<h2 class=\"wp-block-heading\">16+ anos: quando o adolescente j\u00e1 quer liberdade<\/h2>\n\n\n\n<p class=\"wp-block-paragraph\">A partir dos 16 anos, aparece um novo perfil de estudante:<\/p>\n\n\n\n<p class=\"wp-block-paragraph\">&#x1f449; aquele que n\u00e3o quer grupo<br>&#x1f449; n\u00e3o quer roteiro fechado<br>&#x1f449; quer viver como um \u201cquase adulto\u201d<\/p>\n\n\n\n<p class=\"wp-block-paragraph\"><em>Para esse perfil, surgem programas como:<\/em><\/p>\n\n\n\n<p class=\"wp-block-paragraph\">\u2022 interc\u00e2mbio individual<br>\u2022 cursos de idioma<br>\u2022 formatos como London Freedom<\/p>\n\n\n\n<h4 class=\"wp-block-heading\">London Freedom:<\/h4>\n\n\n\n<p class=\"wp-block-paragraph\">Um programa feito para pessoas a partir de 16 anos, aonde voc\u00ea possui a autonomia de escolher o que deseja fazer e n\u00e3o se prende a um roteiro pr\u00e9 estabelecido ou ao grupo. Ele estuda pela manh\u00e3 e organiza o resto do dia sozinho, mas com suporte local caso precise.<\/p>\n\n\n\n<p class=\"wp-block-paragraph\">\u00c9 um programa de 2 semanas em Londres e conta com a Assist\u00eancia BIL, diferente do guia BIL do F\u00e9rias Teen. No London Freedom, voc\u00ea tem mais liberdade, por\u00e9m sempre contando com o apoio da Assist\u00eancia. Seguran\u00e7a e liberdade no mesmo programa!<\/p>\n\n\n\n<p class=\"wp-block-paragraph\">Confira o ebook informativo do programa: <a href=\"https:\/\/bil.com.br\/informativos\/london-freedom.pdf\" target=\"_blank\" rel=\"noopener\"><strong>https:\/\/bil.com.br\/informativos\/london-freedom.pdf<\/strong><\/a><\/p>\n\n\n\n<hr class=\"wp-block-separator has-alpha-channel-opacity\"\/>\n\n\n\n<h2 class=\"wp-block-heading\">O erro mais comum dos pais na hora de decidir<\/h2>\n\n\n\n<p class=\"wp-block-paragraph\">Muitos pais focam apenas na idade e ignoram o fator mais importante:<\/p>\n\n\n\n<p class=\"wp-block-paragraph\">O <strong>perfil do estudante<\/strong><\/p>\n\n\n\n<p class=\"wp-block-paragraph\">Dois adolescentes de 16 anos podem ter experi\u00eancias completamente diferentes:<\/p>\n\n\n\n<p class=\"wp-block-paragraph\">\u2022 um pode estar pronto para High School<br>\u2022 outro ainda precisa de grupo e acompanhamento<\/p>\n\n\n\n<p class=\"wp-block-paragraph\">Por isso, a pergunta certa n\u00e3o \u00e9:<\/p>\n\n\n\n<p class=\"wp-block-paragraph\">&#x274c; \u201cmeu filho tem idade?\u201d<br>&#x2714;&#xfe0f; <em>\u201cmeu filho est\u00e1 pronto para qual tipo de interc\u00e2mbio?\u201d<\/em><\/p>\n\n\n\n<hr class=\"wp-block-separator has-alpha-channel-opacity\"\/>\n\n\n\n<h2 class=\"wp-block-heading\">A import\u00e2ncia de escolher a ag\u00eancia certa<\/h2>\n\n\n\n<p class=\"wp-block-paragraph\">Independentemente da idade, uma coisa n\u00e3o muda:<br>o sucesso do interc\u00e2mbio depende muito de quem organiza.<\/p>\n\n\n\n<p class=\"wp-block-paragraph\">A BIL Interc\u00e2mbios, com mais de 40 anos de experi\u00eancia, acompanha fam\u00edlias em todas as etapas:<\/p>\n\n\n\n<p class=\"wp-block-paragraph\">\u2022 escolha do programa ideal<br>\u2022 prepara\u00e7\u00e3o do estudante<br>\u2022 suporte durante a viagem<br>\u2022 acompanhamento no retorno<\/p>\n\n\n\n<p class=\"wp-block-paragraph\">Isso reduz inseguran\u00e7a dos pais e aumenta muito as chances de uma experi\u00eancia positiva.<\/p>\n\n\n\n<hr class=\"wp-block-separator has-alpha-channel-opacity\"\/>\n\n\n\n<h2 class=\"wp-block-heading\">Conclus\u00e3o: a idade ideal depende do tipo de experi\u00eancia<\/h2>\n\n\n\n<p class=\"wp-block-paragraph\">N\u00e3o existe uma idade perfeita para fazer interc\u00e2mbio, existe a experi\u00eancia certa para cada fase da vida.<\/p>\n\n\n\n<p class=\"wp-block-paragraph\">\u2022 12 a 14 anos \u2192 come\u00e7ar com seguran\u00e7a<br>\u2022 15 a 17 anos \u2192 explorar novas possibilidades<br>\u2022 16+ \u2192 ganhar autonomia<\/p>\n\n\n\n<p class=\"wp-block-paragraph\">O mais importante \u00e9 alinhar expectativa, perfil e tipo de programa.<\/p>\n\n\n\n<p class=\"wp-block-paragraph\">Com orienta\u00e7\u00e3o adequada, o interc\u00e2mbio deixa de ser uma d\u00favida e se torna uma decis\u00e3o segura.<\/p>\n\n\n\n<p class=\"wp-block-paragraph\">E, na maioria dos casos, tamb\u00e9m se torna uma das experi\u00eancias mais transformadoras da vida do estudante.<\/p>\n\n\n\n<p class=\"wp-block-paragraph\"><\/p>\n\n\n\n<p class=\"wp-block-paragraph\">Quer saber mais informa\u00e7\u00f5es? <a href=\"https:\/\/bit.ly\/blogfalecomabil\" target=\"_blank\" rel=\"noopener\">https:\/\/bit.ly\/blogfalecomabil<\/a><\/p>\n\n\n\n<p class=\"wp-block-paragraph\"><\/p>\n","protected":false},"excerpt":{"rendered":"<p><span class=\"span-reading-time rt-reading-time\" style=\"display: block;\"><span class=\"rt-label rt-prefix\">Tempo de Leitura: <\/span> <span class=\"rt-time\"> 3<\/span> <span class=\"rt-label rt-postfix\">minutos<\/span><\/span>Essa \u00e9 uma das d\u00favidas mais comuns entre pais: existe uma idade certa para mandar um filho para interc\u00e2mbio? A resposta \u00e9: n\u00e3o existe uma \u00fanica idade ideal, mas existem idades mais indicadas para cada tipo de experi\u00eancia. Na pr\u00e1tica, o melhor momento n\u00e3o depende s\u00f3 da idade, mas de tr\u00eas fatores principais: maturidade do [&hellip;]<\/p>\n","protected":false},"author":1,"featured_media":135103,"comment_status":"open","ping_status":"open","sticky":false,"template":"","format":"standard","meta":{"om_disable_all_campaigns":false,"_monsterinsights_skip_tracking":false,"_monsterinsights_sitenote_active":false,"_monsterinsights_sitenote_note":"","_monsterinsights_sitenote_category":0,"_uf_show_specific_survey":0,"_uf_disable_surveys":false,"footnotes":""},"categories":[2],"tags":[185,632,30,446,954],"class_list":["post-135102","post","type-post","status-publish","format-standard","has-post-thumbnail","hentry","category-cursos-de-idiomas","tag-aprender-ingles","tag-como-melhorar-o-ingles","tag-estudar-no-exterior","tag-intercambio-em-grupo","tag-intercambio-individual"],"_links":{"self":[{"href":"https:\/\/www.bil.com.br\/blog\/wp-json\/wp\/v2\/posts\/135102","targetHints":{"allow":["GET"]}}],"collection":[{"href":"https:\/\/www.bil.com.br\/blog\/wp-json\/wp\/v2\/posts"}],"about":[{"href":"https:\/\/www.bil.com.br\/blog\/wp-json\/wp\/v2\/types\/post"}],"author":[{"embeddable":true,"href":"https:\/\/www.bil.com.br\/blog\/wp-json\/wp\/v2\/users\/1"}],"replies":[{"embeddable":true,"href":"https:\/\/www.bil.com.br\/blog\/wp-json\/wp\/v2\/comments?post=135102"}],"version-history":[{"count":3,"href":"https:\/\/www.bil.com.br\/blog\/wp-json\/wp\/v2\/posts\/135102\/revisions"}],"predecessor-version":[{"id":135108,"href":"https:\/\/www.bil.com.br\/blog\/wp-json\/wp\/v2\/posts\/135102\/revisions\/135108"}],"wp:featuredmedia":[{"embeddable":true,"href":"https:\/\/www.bil.com.br\/blog\/wp-json\/wp\/v2\/media\/135103"}],"wp:attachment":[{"href":"https:\/\/www.bil.com.br\/blog\/wp-json\/wp\/v2\/media?parent=135102"}],"wp:term":[{"taxonomy":"category","embeddable":true,"href":"https:\/\/www.bil.com.br\/blog\/wp-json\/wp\/v2\/categories?post=135102"},{"taxonomy":"post_tag","embeddable":true,"href":"https:\/\/www.bil.com.br\/blog\/wp-json\/wp\/v2\/tags?post=135102"}],"curies":[{"name":"wp","href":"https:\/\/api.w.org\/{rel}","templated":true}]}}