{"id":135138,"date":"2026-03-31T14:19:01","date_gmt":"2026-03-31T14:19:01","guid":{"rendered":"https:\/\/www.bil.com.br\/blog\/?p=135138"},"modified":"2026-03-30T15:25:00","modified_gmt":"2026-03-30T15:25:00","slug":"quanto-tempo-de-intercambio-vale-a-pena-para-adolescentes","status":"publish","type":"post","link":"https:\/\/www.bil.com.br\/blog\/quanto-tempo-de-intercambio-vale-a-pena-para-adolescentes\/","title":{"rendered":"Quanto tempo de interc\u00e2mbio vale a pena para adolescentes?"},"content":{"rendered":"<span class=\"span-reading-time rt-reading-time\" style=\"display: block;\"><span class=\"rt-label rt-prefix\">Tempo de Leitura: <\/span> <span class=\"rt-time\"> 5<\/span> <span class=\"rt-label rt-postfix\">minutos<\/span><\/span>\n<p class=\"wp-block-paragraph\">Essa \u00e9 uma das perguntas mais importantes para fam\u00edlias que est\u00e3o planejando um interc\u00e2mbio: afinal, quanto tempo realmente vale a pena para um adolescente estudar no exterior?<\/p>\n\n\n\n<p class=\"wp-block-paragraph\">A resposta n\u00e3o \u00e9 \u00fanica, mas existe um ponto em comum: o tempo ideal depende do objetivo da experi\u00eancia, do perfil do jovem e do momento de vida em que ele se encontra. Para alguns, poucas semanas j\u00e1 geram impacto positivo. Para outros, per\u00edodos mais longos trazem transforma\u00e7\u00f5es mais profundas.<\/p>\n\n\n\n<p class=\"wp-block-paragraph\">De forma geral, o interc\u00e2mbio sempre traz benef\u00edcios \u2014 mesmo em curtos per\u00edodos \u2014, mas quanto maior o tempo de exposi\u00e7\u00e3o ao idioma e \u00e0 cultura, mais consistentes tendem a ser os resultados.<\/p>\n\n\n\n<p class=\"wp-block-paragraph\">Neste artigo, voc\u00ea vai entender quanto tempo de interc\u00e2mbio vale a pena para adolescentes, o que muda em cada dura\u00e7\u00e3o e como escolher a melhor op\u00e7\u00e3o com seguran\u00e7a.<\/p>\n\n\n\n<hr class=\"wp-block-separator has-alpha-channel-opacity\"\/>\n\n\n\n<h2 class=\"wp-block-heading\">Interc\u00e2mbio curto: primeiras experi\u00eancias que j\u00e1 fazem diferen\u00e7a<\/h2>\n\n\n\n<p class=\"wp-block-paragraph\">Os programas de curta dura\u00e7\u00e3o, geralmente entre duas e quatro semanas, s\u00e3o a porta de entrada para muitos adolescentes.<\/p>\n\n\n\n<p class=\"wp-block-paragraph\">Nesse per\u00edodo, o estudante participa de aulas de ingl\u00eas, atividades culturais e passeios, vivendo uma primeira imers\u00e3o internacional de forma estruturada e acompanhada.<\/p>\n\n\n\n<p class=\"wp-block-paragraph\">Embora o tempo seja reduzido, os ganhos j\u00e1 s\u00e3o percept\u00edveis. O adolescente passa a ter contato direto com o idioma, ganha confian\u00e7a para se comunicar e come\u00e7a a desenvolver independ\u00eancia.<\/p>\n\n\n\n<p class=\"wp-block-paragraph\">Al\u00e9m disso, essa experi\u00eancia inicial \u00e9 importante para quebrar inseguran\u00e7as. Muitos jovens que nunca viajaram sozinhos conseguem, nesse formato, se adaptar com mais facilidade por estarem em grupo e com acompanhamento.<\/p>\n\n\n\n<p class=\"wp-block-paragraph\">Outro ponto relevante \u00e9 o impacto emocional positivo. Mesmo em poucas semanas, o adolescente volta com uma vis\u00e3o de mundo mais ampliada e maior motiva\u00e7\u00e3o para aprender ingl\u00eas.<\/p>\n\n\n\n<p class=\"wp-block-paragraph\">Por isso, interc\u00e2mbios curtos s\u00e3o altamente recomendados como primeiro passo.<\/p>\n\n\n\n<hr class=\"wp-block-separator has-alpha-channel-opacity\"\/>\n\n\n\n<h2 class=\"wp-block-heading\">Interc\u00e2mbio de m\u00e9dio prazo: evolu\u00e7\u00e3o mais consistente<\/h2>\n\n\n\n<p class=\"wp-block-paragraph\">Quando o per\u00edodo se estende para um a tr\u00eas meses, os resultados come\u00e7am a ser mais s\u00f3lidos, especialmente no aprendizado do idioma.<\/p>\n\n\n\n<p class=\"wp-block-paragraph\">Nesse tempo, o adolescente j\u00e1 ultrapassa a fase inicial de adapta\u00e7\u00e3o e passa a se sentir mais confort\u00e1vel no ambiente internacional. Isso permite uma participa\u00e7\u00e3o mais ativa nas aulas, nas intera\u00e7\u00f5es sociais e nas atividades do dia a dia.<\/p>\n\n\n\n<p class=\"wp-block-paragraph\">A comunica\u00e7\u00e3o em ingl\u00eas come\u00e7a a fluir com mais naturalidade, e o estudante passa a se arriscar mais, errando menos e aprendendo com mais consist\u00eancia.<\/p>\n\n\n\n<p class=\"wp-block-paragraph\">Al\u00e9m disso, o v\u00ednculo com colegas internacionais se fortalece, o que aumenta ainda mais a exposi\u00e7\u00e3o ao idioma.<\/p>\n\n\n\n<p class=\"wp-block-paragraph\">Outro benef\u00edcio importante \u00e9 o desenvolvimento da autonomia. Com mais tempo fora de casa, o adolescente aprende a lidar com rotina, responsabilidades e tomada de decis\u00f5es de forma mais independente.<\/p>\n\n\n\n<p class=\"wp-block-paragraph\">Esse tipo de programa costuma ser indicado para jovens que j\u00e1 tiveram algum contato pr\u00e9vio com o idioma ou que j\u00e1 passaram por uma experi\u00eancia internacional mais curta.<\/p>\n\n\n\n<h3 class=\"wp-block-heading\"><strong>Agora vem a pergunta:<\/strong> como meu filho pode passar 3 meses estudando fora sem atrapalhar a escola?<\/h3>\n\n\n\n<p class=\"wp-block-paragraph\">N\u00f3s temos duas op\u00e7\u00f5es para essa pergunta.<\/p>\n\n\n\n<p class=\"wp-block-paragraph\">A primeira escolha \u00e9 <strong>o adolescente estudar 2 meses fora, aproveitando as f\u00e9rias de dezembro e janeiro no Brasil<\/strong>, para aprimorar o ingl\u00eas ou o idioma desejado. Dessa forma, n\u00e3o atrapalharia seus estudos na escola e ainda aprimoraria muito mais sua experi\u00eancia acad\u00eamica e cultural, do que somente 2 semanas.<\/p>\n\n\n\n<p class=\"wp-block-paragraph\">A segunda op\u00e7\u00e3o \u00e9 <strong>o adolescente estudar esse 1 trimestre<\/strong> &#8211; 1 termo, como \u00e9 falado no exterior &#8211; <strong>em uma escola no exterior<\/strong>. Na Inglaterra, \u00e9 poss\u00edvel o adolescente estudar 3 meses, realizando 1 termo do ano letivo deles. \u00c9 uma escolha inteligente para quem deseja viver o High School brit\u00e2nico, mas ainda n\u00e3o est\u00e1 preparado para ficar um ano inteiro fora.<\/p>\n\n\n\n<p class=\"wp-block-paragraph\"><strong>Ao voltar para o Brasil, \u00e9 feito a convalida\u00e7\u00e3o de notas<\/strong> referente ao tempo que foi passado fora e voc\u00ea pode voltar a estudar normalmente! Confira como funciona essa autentica\u00e7\u00e3o nessa mat\u00e9ria: <strong><a href=\"https:\/\/www.bil.com.br\/blog\/autenticacao-notas-no-intercambio\/\">https:\/\/www.bil.com.br\/blog\/autenticacao-notas-no-intercambio\/<\/a><\/strong><\/p>\n\n\n\n<hr class=\"wp-block-separator has-alpha-channel-opacity\"\/>\n\n\n\n<h2 class=\"wp-block-heading\">Interc\u00e2mbio longo: imers\u00e3o completa<\/h2>\n\n\n\n<p class=\"wp-block-paragraph\">Os programas de longa dura\u00e7\u00e3o, como o High School, oferecem uma experi\u00eancia muito mais profunda.<\/p>\n\n\n\n<p class=\"wp-block-paragraph\">Nesse formato, o adolescente passa 1 semestre ou 1 ano letivo estudando em uma escola no exterior, vivendo como um estudante local e participando ativamente da rotina acad\u00eamica e social.<\/p>\n\n\n\n<p class=\"wp-block-paragraph\">A diferen\u00e7a aqui \u00e9 significativa. O idioma deixa de ser um desafio e passa a fazer parte da vida do estudante de forma natural. A flu\u00eancia tende a se desenvolver com muito mais consist\u00eancia, especialmente na fala e na compreens\u00e3o.<\/p>\n\n\n\n<p class=\"wp-block-paragraph\">Al\u00e9m disso, o impacto vai al\u00e9m do ingl\u00eas. O jovem desenvolve maturidade, independ\u00eancia, responsabilidade e uma capacidade maior de adapta\u00e7\u00e3o a diferentes contextos.<\/p>\n\n\n\n<p class=\"wp-block-paragraph\">Essa viv\u00eancia tamb\u00e9m fortalece o curr\u00edculo acad\u00eamico e pode abrir portas para oportunidades futuras, como universidades internacionais.<\/p>\n\n\n\n<p class=\"wp-block-paragraph\">No entanto, esse tipo de interc\u00e2mbio exige maior preparo emocional, tanto do adolescente quanto da fam\u00edlia, j\u00e1 que envolve um per\u00edodo mais extenso longe de casa.<\/p>\n\n\n\n<hr class=\"wp-block-separator has-alpha-channel-opacity\"\/>\n\n\n\n<h2 class=\"wp-block-heading\">O que considerar na hora de escolher a dura\u00e7\u00e3o ideal?<\/h2>\n\n\n\n<p class=\"wp-block-paragraph\">Mais do que definir um tempo \u201cperfeito\u201d, o mais importante \u00e9 entender qual dura\u00e7\u00e3o faz sentido para o perfil do adolescente e para os objetivos da fam\u00edlia.<\/p>\n\n\n\n<p class=\"wp-block-paragraph\">Um dos primeiros pontos a avaliar \u00e9 a maturidade do jovem. Adolescentes mais novos ou que nunca viajaram sozinhos tendem a se adaptar melhor em programas mais curtos e estruturados.<\/p>\n\n\n\n<p class=\"wp-block-paragraph\">Outro fator importante \u00e9 o n\u00edvel de ingl\u00eas. Quem est\u00e1 come\u00e7ando pode se beneficiar muito de experi\u00eancias iniciais mais curtas, enquanto estudantes com n\u00edvel intermedi\u00e1rio ou avan\u00e7ado conseguem aproveitar melhor per\u00edodos mais longos.<\/p>\n\n\n\n<p class=\"wp-block-paragraph\">O objetivo da viagem tamb\u00e9m deve ser considerado. Se a inten\u00e7\u00e3o \u00e9 ter uma primeira viv\u00eancia internacional, nossos programas de F\u00e9rias Teen s\u00e3o suficientes. J\u00e1 para quem busca flu\u00eancia ou impacto acad\u00eamico, per\u00edodos mais longos s\u00e3o mais indicados.<\/p>\n\n\n\n<p class=\"wp-block-paragraph\">Al\u00e9m disso, o planejamento financeiro e o momento escolar precisam entrar na conta. Interc\u00e2mbios mais longos exigem maior investimento e organiza\u00e7\u00e3o.<\/p>\n\n\n\n<p class=\"wp-block-paragraph\">Por isso, essa decis\u00e3o deve ser tomada de forma cuidadosa e pensada para cada adolescente.<\/p>\n\n\n\n<hr class=\"wp-block-separator has-alpha-channel-opacity\"\/>\n\n\n\n<h2 class=\"wp-block-heading\">Existe um tempo m\u00ednimo para valer a pena?<\/h2>\n\n\n\n<p class=\"wp-block-paragraph\">Uma d\u00favida comum \u00e9 se existe um tempo m\u00ednimo para que o interc\u00e2mbio realmente fa\u00e7a diferen\u00e7a.<\/p>\n\n\n\n<p class=\"wp-block-paragraph\">A resposta \u00e9 que n\u00e3o existe um tempo \u201cm\u00ednimo obrigat\u00f3rio\u201d. Mesmo experi\u00eancias curtas j\u00e1 trazem ganhos importantes, especialmente em confian\u00e7a, motiva\u00e7\u00e3o e exposi\u00e7\u00e3o ao idioma.<\/p>\n\n\n\n<p class=\"wp-block-paragraph\">No entanto, \u00e9 importante alinhar expectativas. Em duas semanas, por exemplo, dificilmente haver\u00e1 flu\u00eancia. Mas haver\u00e1, sim, evolu\u00e7\u00e3o na forma como o adolescente se relaciona com o ingl\u00eas, ou outra l\u00edngua.<\/p>\n\n\n\n<p class=\"wp-block-paragraph\">Por outro lado, quanto maior o tempo de perman\u00eancia, maiores s\u00e3o as chances de atingir n\u00edveis mais avan\u00e7ados de comunica\u00e7\u00e3o e adapta\u00e7\u00e3o cultural.<\/p>\n\n\n\n<p class=\"wp-block-paragraph\">Ou seja, <strong>todo interc\u00e2mbio vale a pena!<\/strong> O que muda \u00e9 a profundidade dos resultados.<\/p>\n\n\n\n<hr class=\"wp-block-separator has-alpha-channel-opacity\"\/>\n\n\n\n<h2 class=\"wp-block-heading\">A import\u00e2ncia de escolher o programa certo para cada fase<\/h2>\n\n\n\n<p class=\"wp-block-paragraph\">Al\u00e9m do tempo, o tipo de programa escolhido faz toda a diferen\u00e7a na experi\u00eancia.<\/p>\n\n\n\n<p class=\"wp-block-paragraph\">Programas em grupo, com acompanhamento, s\u00e3o ideais para quem est\u00e1 come\u00e7ando, pois oferecem suporte, seguran\u00e7a e uma rotina estruturada.<\/p>\n\n\n\n<p class=\"wp-block-paragraph\">J\u00e1 op\u00e7\u00f5es mais independentes podem ser indicadas para adolescentes mais velhos, que buscam mais autonomia e imers\u00e3o.<\/p>\n\n\n\n<p class=\"wp-block-paragraph\">Outro ponto importante \u00e9 a escolha do destino, da escola e da acomoda\u00e7\u00e3o, que influenciam diretamente na qualidade da experi\u00eancia.<\/p>\n\n\n\n<p class=\"wp-block-paragraph\">Nesse cen\u00e1rio, contar com orienta\u00e7\u00e3o especializada \u00e9 essencial para tomar decis\u00f5es mais seguras e alinhadas com o perfil do estudante.<\/p>\n\n\n\n<p class=\"wp-block-paragraph\"><strong>A BIL Interc\u00e2mbios, com mais de 40 anos de experi\u00eancia<\/strong>, j\u00e1 ajudou milhares de fam\u00edlias a planejarem interc\u00e2mbios personalizados, considerando idade, objetivos e momento de vida de cada adolescente.<\/p>\n\n\n\n<hr class=\"wp-block-separator has-alpha-channel-opacity\"\/>\n\n\n\n<h3 class=\"wp-block-heading\">Conclus\u00e3o: o melhor tempo \u00e9 aquele que faz sentido para o seu filho<\/h3>\n\n\n\n<p class=\"wp-block-paragraph\">O tempo ideal de interc\u00e2mbio para adolescentes n\u00e3o \u00e9 uma regra fixa, mas sim uma escolha que deve levar em conta o perfil do jovem, seus objetivos e o momento que est\u00e1 vivendo.<\/p>\n\n\n\n<p class=\"wp-block-paragraph\">Programas curtos podem ser o primeiro passo para despertar o interesse e desenvolver confian\u00e7a. J\u00e1 per\u00edodos mais longos proporcionam uma evolu\u00e7\u00e3o mais profunda, tanto no idioma quanto no crescimento do adolescente.<\/p>\n\n\n\n<p class=\"wp-block-paragraph\">O mais importante \u00e9 que a experi\u00eancia seja bem planejada, segura e alinhada com as expectativas da fam\u00edlia.<\/p>\n\n\n\n<p class=\"wp-block-paragraph\">Independentemente da dura\u00e7\u00e3o escolhida, o interc\u00e2mbio tende a deixar impactos positivos que acompanham o adolescente por toda a vida.<\/p>\n\n\n\n<p class=\"wp-block-paragraph\"><\/p>\n\n\n\n<p class=\"wp-block-paragraph\">Quer saber mais informa\u00e7\u00f5es? <a href=\"https:\/\/bit.ly\/blogfalecomabil\" target=\"_blank\" rel=\"noopener\">https:\/\/bit.ly\/blogfalecomabil<\/a><\/p>\n\n\n\n<p class=\"wp-block-paragraph\"><\/p>\n","protected":false},"excerpt":{"rendered":"<p><span class=\"span-reading-time rt-reading-time\" style=\"display: block;\"><span class=\"rt-label rt-prefix\">Tempo de Leitura: <\/span> <span class=\"rt-time\"> 5<\/span> <span class=\"rt-label rt-postfix\">minutos<\/span><\/span>Essa \u00e9 uma das perguntas mais importantes para fam\u00edlias que est\u00e3o planejando um interc\u00e2mbio: afinal, quanto tempo realmente vale a pena para um adolescente estudar no exterior? A resposta n\u00e3o \u00e9 \u00fanica, mas existe um ponto em comum: o tempo ideal depende do objetivo da experi\u00eancia, do perfil do jovem e do momento de vida [&hellip;]<\/p>\n","protected":false},"author":1,"featured_media":135139,"comment_status":"open","ping_status":"open","sticky":false,"template":"","format":"standard","meta":{"om_disable_all_campaigns":false,"_monsterinsights_skip_tracking":false,"_monsterinsights_sitenote_active":false,"_monsterinsights_sitenote_note":"","_monsterinsights_sitenote_category":0,"_uf_show_specific_survey":0,"_uf_disable_surveys":false,"footnotes":""},"categories":[2],"tags":[185,30,446,954],"class_list":["post-135138","post","type-post","status-publish","format-standard","has-post-thumbnail","hentry","category-cursos-de-idiomas","tag-aprender-ingles","tag-estudar-no-exterior","tag-intercambio-em-grupo","tag-intercambio-individual"],"_links":{"self":[{"href":"https:\/\/www.bil.com.br\/blog\/wp-json\/wp\/v2\/posts\/135138","targetHints":{"allow":["GET"]}}],"collection":[{"href":"https:\/\/www.bil.com.br\/blog\/wp-json\/wp\/v2\/posts"}],"about":[{"href":"https:\/\/www.bil.com.br\/blog\/wp-json\/wp\/v2\/types\/post"}],"author":[{"embeddable":true,"href":"https:\/\/www.bil.com.br\/blog\/wp-json\/wp\/v2\/users\/1"}],"replies":[{"embeddable":true,"href":"https:\/\/www.bil.com.br\/blog\/wp-json\/wp\/v2\/comments?post=135138"}],"version-history":[{"count":2,"href":"https:\/\/www.bil.com.br\/blog\/wp-json\/wp\/v2\/posts\/135138\/revisions"}],"predecessor-version":[{"id":135141,"href":"https:\/\/www.bil.com.br\/blog\/wp-json\/wp\/v2\/posts\/135138\/revisions\/135141"}],"wp:featuredmedia":[{"embeddable":true,"href":"https:\/\/www.bil.com.br\/blog\/wp-json\/wp\/v2\/media\/135139"}],"wp:attachment":[{"href":"https:\/\/www.bil.com.br\/blog\/wp-json\/wp\/v2\/media?parent=135138"}],"wp:term":[{"taxonomy":"category","embeddable":true,"href":"https:\/\/www.bil.com.br\/blog\/wp-json\/wp\/v2\/categories?post=135138"},{"taxonomy":"post_tag","embeddable":true,"href":"https:\/\/www.bil.com.br\/blog\/wp-json\/wp\/v2\/tags?post=135138"}],"curies":[{"name":"wp","href":"https:\/\/api.w.org\/{rel}","templated":true}]}}