{"id":135160,"date":"2026-04-07T19:43:48","date_gmt":"2026-04-07T19:43:48","guid":{"rendered":"https:\/\/www.bil.com.br\/blog\/?p=135160"},"modified":"2026-04-06T20:42:48","modified_gmt":"2026-04-06T20:42:48","slug":"intercambio-em-grupo-ou-individual-qual-escolher","status":"publish","type":"post","link":"https:\/\/www.bil.com.br\/blog\/intercambio-em-grupo-ou-individual-qual-escolher\/","title":{"rendered":"Interc\u00e2mbio em grupo ou individual: qual escolher?"},"content":{"rendered":"<span class=\"span-reading-time rt-reading-time\" style=\"display: block;\"><span class=\"rt-label rt-prefix\">Tempo de Leitura: <\/span> <span class=\"rt-time\"> 4<\/span> <span class=\"rt-label rt-postfix\">minutos<\/span><\/span>\n<p class=\"wp-block-paragraph\">Na hora de planejar um interc\u00e2mbio, uma das d\u00favidas mais comuns entre pais e estudantes \u00e9:<strong> vale mais a pena viajar em grupo ou sozinho? <\/strong><\/p>\n\n\n\n<p class=\"wp-block-paragraph\">N\u00e3o existe uma resposta universal. Existe, sim, uma escolha mais coerente com o momento do estudante. E entender essa diferen\u00e7a \u00e9 o que evita frustra\u00e7\u00f5es e transforma o interc\u00e2mbio em uma experi\u00eancia realmente positiva.<\/p>\n\n\n\n<p class=\"wp-block-paragraph\">Tanto o interc\u00e2mbio em grupo quanto o individual oferecem benef\u00edcios e nenhum \u00e9, por si s\u00f3, melhor que o outro. O que existe \u00e9 a escolha mais adequada para cada situa\u00e7\u00e3o. <\/p>\n\n\n\n<p class=\"wp-block-paragraph\"><\/p>\n\n\n\n<hr class=\"wp-block-separator has-alpha-channel-opacity\"\/>\n\n\n\n<h2 class=\"wp-block-heading\">O que \u00e9 um interc\u00e2mbio em grupo e como ele funciona?<\/h2>\n\n\n\n<p class=\"wp-block-paragraph\">Um dos pontos mais subestimados nessa decis\u00e3o \u00e9 o processo de adapta\u00e7\u00e3o.<\/p>\n\n\n\n<p class=\"wp-block-paragraph\">Nos primeiros dias no exterior, tudo \u00e9 novo: idioma, rotina, alimenta\u00e7\u00e3o, clima, din\u00e2mica social. Esse choque inicial, mesmo quando esperado, exige um esfor\u00e7o emocional significativo.<\/p>\n\n\n\n<p class=\"wp-block-paragraph\">No interc\u00e2mbio em grupo, <em>esse impacto \u00e9 dilu\u00eddo<\/em>. O estudante compartilha a experi\u00eancia com outros brasileiros que est\u00e3o passando pelas mesmas inseguran\u00e7as. Existe identifica\u00e7\u00e3o imediata, apoio emocional e uma sensa\u00e7\u00e3o de pertencimento desde o in\u00edcio.<\/p>\n\n\n\n<p class=\"wp-block-paragraph\">Isso reduz a ansiedade e acelera a adapta\u00e7\u00e3o pr\u00e1tica (rotina, deslocamento, funcionamento da escola), mas pode retardar a adapta\u00e7\u00e3o cultural mais profunda. O estudante se sente confort\u00e1vel mais r\u00e1pido, mas nem sempre se desafia na mesma intensidade.<\/p>\n\n\n\n<p class=\"wp-block-paragraph\">Ainda assim, para um <strong>primeiro interc\u00e2mbio, o formato em grupo costuma ser uma escolha extremamente acertada.<\/strong><\/p>\n\n\n\n<hr class=\"wp-block-separator has-alpha-channel-opacity\"\/>\n\n\n\n<h2 class=\"wp-block-heading\">Como funciona o interc\u00e2mbio individual?<\/h2>\n\n\n\n<p class=\"wp-block-paragraph\">O interc\u00e2mbio individual oferece uma experi\u00eancia mais independente e imersiva.<\/p>\n\n\n\n<p class=\"wp-block-paragraph\">Nesse formato, o estudante viaja sozinho (com todo o suporte necess\u00e1rio) e passa a conviver diretamente com pessoas de diferentes nacionalidades, seja na escola, na acomoda\u00e7\u00e3o ou nas atividades do dia a dia.<\/p>\n\n\n\n<p class=\"wp-block-paragraph\">Essa viv\u00eancia estimula o desenvolvimento de autonomia, responsabilidade e adapta\u00e7\u00e3o. O estudante aprende a lidar com situa\u00e7\u00f5es novas, tomar decis\u00f5es e se comunicar de forma mais ativa.<\/p>\n\n\n\n<p class=\"wp-block-paragraph\">A imers\u00e3o no idioma tamb\u00e9m tende a ser mais intensa. <strong>Sem a presen\u00e7a constante de outros brasileiros, o uso do idioma se torna natural e necess\u00e1rio.<\/strong><\/p>\n\n\n\n<p class=\"wp-block-paragraph\">No entanto, esse modelo exige um pouco mais de maturidade emocional. Nos primeiros dias, \u00e9 comum sentir um certo desconforto ou inseguran\u00e7a, especialmente para quem nunca teve experi\u00eancias semelhantes.<\/p>\n\n\n\n<p class=\"wp-block-paragraph\">Por isso, o interc\u00e2mbio individual costuma ser mais indicado para estudantes que j\u00e1 demonstram maior independ\u00eancia ou que j\u00e1 tiveram algum contato pr\u00e9vio com viagens ou ambientes novos.<\/p>\n\n\n\n<p class=\"wp-block-paragraph\">Nessa mat\u00e9ria, anotamos todas as dicas do que <em>n\u00e3o se deve fazer<\/em>: <strong><a href=\"https:\/\/www.bil.com.br\/blog\/intercambio-individual-saiba-o-que-nao-fazer-durante-a-viagem\/\">https:\/\/www.bil.com.br\/blog\/intercambio-individual-saiba-o-que-nao-fazer-durante-a-viagem\/<\/a><\/strong><\/p>\n\n\n\n<hr class=\"wp-block-separator has-alpha-channel-opacity\"\/>\n\n\n\n<h2 class=\"wp-block-heading\">Qual \u00e9 a melhor op\u00e7\u00e3o para o primeiro interc\u00e2mbio?<\/h2>\n\n\n\n<p class=\"wp-block-paragraph\">Essa \u00e9, provavelmente, a pergunta mais importante e a resposta depende muito do perfil do estudante.<\/p>\n\n\n\n<p class=\"wp-block-paragraph\">Para adolescentes mais novos, especialmente entre 11 e 14 anos, o interc\u00e2mbio em grupo costuma ser a melhor escolha inicial. Ele oferece suporte, acompanhamento e uma adapta\u00e7\u00e3o mais gradual, sem abrir m\u00e3o da experi\u00eancia internacional.<\/p>\n\n\n\n<p class=\"wp-block-paragraph\">J\u00e1 para estudantes mais velhos ou com maior n\u00edvel de autonomia, o interc\u00e2mbio individual pode proporcionar um crescimento ainda mais acelerado, tanto no idioma quanto no desenvolvimento pessoal.<\/p>\n\n\n\n<p class=\"wp-block-paragraph\">Mas \u00e9 importante destacar: <strong>n\u00e3o existe uma regra r\u00edgida.<\/strong><\/p>\n\n\n\n<p class=\"wp-block-paragraph\">H\u00e1 estudantes jovens extremamente independentes, assim como h\u00e1 adolescentes mais velhos que se sentem mais confort\u00e1veis come\u00e7ando em grupo. O mais importante \u00e9 respeitar o momento de cada um.<\/p>\n\n\n\n<hr class=\"wp-block-separator has-alpha-channel-opacity\"\/>\n\n\n\n<h2 class=\"wp-block-heading\">Seguran\u00e7a e suporte: o que realmente importa<\/h2>\n\n\n\n<p class=\"wp-block-paragraph\">Independentemente do formato escolhido, existe um fator que deve estar sempre no centro da decis\u00e3o: a estrutura de suporte.<\/p>\n\n\n\n<p class=\"wp-block-paragraph\">Pais naturalmente se preocupam com a seguran\u00e7a dos filhos e com raz\u00e3o. Por isso, \u00e9 fundamental e nosso programa oferece:<\/p>\n\n\n\n<ul class=\"wp-block-list\">\n<li>Acompanhamento durante toda a experi\u00eancia<\/li>\n\n\n\n<li>Escolas preparadas para receber estudantes internacionais<\/li>\n\n\n\n<li>Acomoda\u00e7\u00f5es seguras e confi\u00e1veis<\/li>\n\n\n\n<li>Nosso departamento de BIL Family Support<\/li>\n\n\n\n<li>Comunica\u00e7\u00e3o clara com a fam\u00edlia no Brasil<\/li>\n<\/ul>\n\n\n\n<p class=\"wp-block-paragraph\">No interc\u00e2mbio em grupo, esse suporte \u00e9 mais vis\u00edvel, com a presen\u00e7a do nosso guia BIL acompanhando os estudantes.<\/p>\n\n\n\n<p class=\"wp-block-paragraph\">J\u00e1 no interc\u00e2mbio individual, o suporte acontece por meio da escola, da acomoda\u00e7\u00e3o e da equipe local, que est\u00e1 preparada para orientar o estudante sempre que necess\u00e1rio.<\/p>\n\n\n\n<p class=\"wp-block-paragraph\">Em ambos os casos, quando o programa \u00e9 bem estruturado, a experi\u00eancia \u00e9 segura.<\/p>\n\n\n\n<p class=\"wp-block-paragraph\">A<strong> BIL Interc\u00e2mbios,<\/strong> <strong>entende que cada fam\u00edlia tem uma necessidade diferente. <\/strong>Por isso, o processo de orienta\u00e7\u00e3o \u00e9 personalizado, garantindo que o estudante embarque no formato mais adequado para o seu perfil, sempre com suporte completo antes, durante e depois do interc\u00e2mbio.<\/p>\n\n\n\n<hr class=\"wp-block-separator has-alpha-channel-opacity\"\/>\n\n\n\n<h2 class=\"wp-block-heading\">Desenvolvimento pessoal: caminhos diferentes, resultados valiosos<\/h2>\n\n\n\n<p class=\"wp-block-paragraph\">Tanto o interc\u00e2mbio em grupo quanto o individual proporcionam crescimento, mas de formas diferentes.<\/p>\n\n\n\n<p class=\"wp-block-paragraph\">No grupo, o estudante desenvolve habilidades sociais, aprende a conviver em equipe, ganha confian\u00e7a gradualmente e vive uma experi\u00eancia coletiva marcante.<\/p>\n\n\n\n<p class=\"wp-block-paragraph\">No individual, o crescimento tende a ser mais acelerado e intenso. O estudante desenvolve autonomia, independ\u00eancia e capacidade de adapta\u00e7\u00e3o em um n\u00edvel mais profundo.<\/p>\n\n\n\n<p class=\"wp-block-paragraph\"><strong>Nenhum dos dois caminhos \u00e9 melhor, eles apenas seguem ritmos diferentes.<\/strong><\/p>\n\n\n\n<p class=\"wp-block-paragraph\">O importante \u00e9 escolher aquele que respeita o tempo do estudante e permite que ele aproveite ao m\u00e1ximo a experi\u00eancia, sem gerar ansiedade excessiva ou press\u00e3o desnecess\u00e1ria.<\/p>\n\n\n\n<hr class=\"wp-block-separator has-alpha-channel-opacity\"\/>\n\n\n\n<h2 class=\"wp-block-heading\">Conclus\u00e3o: a escolha certa \u00e9 a mais adequada para o seu filho<\/h2>\n\n\n\n<p class=\"wp-block-paragraph\">Decidir entre interc\u00e2mbio em grupo ou individual n\u00e3o precisa ser um dilema complicado.<\/p>\n\n\n\n<p class=\"wp-block-paragraph\">Quando existe clareza sobre o perfil do estudante, seus objetivos e seu momento de vida, a escolha se torna muito mais natural.<\/p>\n\n\n\n<p class=\"wp-block-paragraph\">Para os pais, o mais importante \u00e9 entender que ambos os formatos s\u00e3o seguros e enriquecedores, desde que bem planejados e acompanhados por profissionais experientes.<\/p>\n\n\n\n<p class=\"wp-block-paragraph\">O interc\u00e2mbio n\u00e3o \u00e9 apenas sobre estudar fora. \u00c9 sobre crescimento, amadurecimento e descoberta.<\/p>\n\n\n\n<p class=\"wp-block-paragraph\">E isso pode acontecer tanto em grupo quanto de forma individual.<\/p>\n\n\n\n<p class=\"wp-block-paragraph\">Com orienta\u00e7\u00e3o adequada e suporte ao longo de todo o processo, essa decis\u00e3o deixa de ser motivo de preocupa\u00e7\u00e3o e passa a ser <strong>o in\u00edcio de uma das experi\u00eancias mais transformadoras na vida de um jovem.<\/strong><\/p>\n\n\n\n<p class=\"wp-block-paragraph\"><\/p>\n\n\n\n<p class=\"wp-block-paragraph\">Quer saber mais informa\u00e7\u00f5es? <a href=\"https:\/\/bit.ly\/blogfalecomabil\" target=\"_blank\" rel=\"noopener\">https:\/\/bit.ly\/blogfalecomabil<\/a><\/p>\n\n\n\n<p class=\"wp-block-paragraph\"><\/p>\n","protected":false},"excerpt":{"rendered":"<p><span class=\"span-reading-time rt-reading-time\" style=\"display: block;\"><span class=\"rt-label rt-prefix\">Tempo de Leitura: <\/span> <span class=\"rt-time\"> 4<\/span> <span class=\"rt-label rt-postfix\">minutos<\/span><\/span>Na hora de planejar um interc\u00e2mbio, uma das d\u00favidas mais comuns entre pais e estudantes \u00e9: vale mais a pena viajar em grupo ou sozinho? N\u00e3o existe uma resposta universal. Existe, sim, uma escolha mais coerente com o momento do estudante. E entender essa diferen\u00e7a \u00e9 o que evita frustra\u00e7\u00f5es e transforma o interc\u00e2mbio em [&hellip;]<\/p>\n","protected":false},"author":1,"featured_media":135161,"comment_status":"open","ping_status":"open","sticky":false,"template":"","format":"standard","meta":{"om_disable_all_campaigns":false,"_monsterinsights_skip_tracking":false,"_monsterinsights_sitenote_active":false,"_monsterinsights_sitenote_note":"","_monsterinsights_sitenote_category":0,"_uf_show_specific_survey":0,"_uf_disable_surveys":false,"footnotes":""},"categories":[2,5],"tags":[185,30,446,954],"class_list":["post-135160","post","type-post","status-publish","format-standard","has-post-thumbnail","hentry","category-cursos-de-idiomas","category-ferias-teen","tag-aprender-ingles","tag-estudar-no-exterior","tag-intercambio-em-grupo","tag-intercambio-individual"],"_links":{"self":[{"href":"https:\/\/www.bil.com.br\/blog\/wp-json\/wp\/v2\/posts\/135160","targetHints":{"allow":["GET"]}}],"collection":[{"href":"https:\/\/www.bil.com.br\/blog\/wp-json\/wp\/v2\/posts"}],"about":[{"href":"https:\/\/www.bil.com.br\/blog\/wp-json\/wp\/v2\/types\/post"}],"author":[{"embeddable":true,"href":"https:\/\/www.bil.com.br\/blog\/wp-json\/wp\/v2\/users\/1"}],"replies":[{"embeddable":true,"href":"https:\/\/www.bil.com.br\/blog\/wp-json\/wp\/v2\/comments?post=135160"}],"version-history":[{"count":2,"href":"https:\/\/www.bil.com.br\/blog\/wp-json\/wp\/v2\/posts\/135160\/revisions"}],"predecessor-version":[{"id":135163,"href":"https:\/\/www.bil.com.br\/blog\/wp-json\/wp\/v2\/posts\/135160\/revisions\/135163"}],"wp:featuredmedia":[{"embeddable":true,"href":"https:\/\/www.bil.com.br\/blog\/wp-json\/wp\/v2\/media\/135161"}],"wp:attachment":[{"href":"https:\/\/www.bil.com.br\/blog\/wp-json\/wp\/v2\/media?parent=135160"}],"wp:term":[{"taxonomy":"category","embeddable":true,"href":"https:\/\/www.bil.com.br\/blog\/wp-json\/wp\/v2\/categories?post=135160"},{"taxonomy":"post_tag","embeddable":true,"href":"https:\/\/www.bil.com.br\/blog\/wp-json\/wp\/v2\/tags?post=135160"}],"curies":[{"name":"wp","href":"https:\/\/api.w.org\/{rel}","templated":true}]}}