{"id":135168,"date":"2026-04-09T13:43:09","date_gmt":"2026-04-09T13:43:09","guid":{"rendered":"https:\/\/www.bil.com.br\/blog\/?p=135168"},"modified":"2026-04-08T20:34:13","modified_gmt":"2026-04-08T20:34:13","slug":"o-que-e-o-programa-ferias-teen","status":"publish","type":"post","link":"https:\/\/www.bil.com.br\/blog\/o-que-e-o-programa-ferias-teen\/","title":{"rendered":"O que \u00e9 o programa F\u00e9rias Teen?"},"content":{"rendered":"<span class=\"span-reading-time rt-reading-time\" style=\"display: block;\"><span class=\"rt-label rt-prefix\">Tempo de Leitura: <\/span> <span class=\"rt-time\"> 4<\/span> <span class=\"rt-label rt-postfix\">minutos<\/span><\/span>\n<p class=\"wp-block-paragraph\">O programa F\u00e9rias Teen \u00e9 uma das formas mais acess\u00edveis, seguras e completas de introduzir adolescentes ao universo do interc\u00e2mbio. Pensado especialmente para jovens que ainda est\u00e3o no ensino fundamental ou m\u00e9dio, ele combina estudo de idioma com atividades culturais, lazer e conviv\u00eancia internacional, tudo isso em um per\u00edodo mais curto, durante as f\u00e9rias escolares.<\/p>\n\n\n\n<p class=\"wp-block-paragraph\">Na pr\u00e1tica, <strong>o F\u00e9rias Teen funciona como uma primeira experi\u00eancia no exterior<\/strong>: estruturada, acompanhada e adaptada \u00e0 idade dos participantes. Para muitos estudantes, \u00e9 o primeiro contato com outro pa\u00eds, outra cultura e uma rotina diferente da que est\u00e3o acostumados e, justamente por isso, \u00e9 tamb\u00e9m uma das experi\u00eancias mais transformadoras.<\/p>\n\n\n\n<p class=\"wp-block-paragraph\">Mas o que realmente define esse tipo de programa?<em> E por que ele \u00e9 t\u00e3o indicado para quem est\u00e1 come\u00e7ando?<\/em> \u00c9 isso que vamos explorar ao longo deste artigo.<\/p>\n\n\n\n<hr class=\"wp-block-separator has-alpha-channel-opacity\"\/>\n\n\n\n<h2 class=\"wp-block-heading\">Como funciona o F\u00e9rias Teen na pr\u00e1tica?<\/h2>\n\n\n\n<p class=\"wp-block-paragraph\">O F\u00e9rias Teen \u00e9 um programa de curta dura\u00e7\u00e3o, geralmente entre duas e quatro semanas, realizado em destinos internacionais preparados para receber estudantes jovens.<\/p>\n\n\n\n<p class=\"wp-block-paragraph\">Durante esse per\u00edodo, o estudante vive uma rotina equilibrada entre aprendizado e experi\u00eancia cultural. Durante a semana, o dia \u00e9 dividido em dois momentos principais:<\/p>\n\n\n\n<p class=\"wp-block-paragraph\"><strong>Per\u00edodo de aulas<\/strong><br>Os alunos frequentam escolas de idioma voltadas para estrangeiros, com turmas organizadas por n\u00edvel de ingl\u00eas (ou outro idioma). As aulas s\u00e3o din\u00e2micas, com foco em comunica\u00e7\u00e3o, intera\u00e7\u00e3o e uso pr\u00e1tico da l\u00edngua.<\/p>\n\n\n\n<p class=\"wp-block-paragraph\">O objetivo aqui n\u00e3o \u00e9 apenas aprender gram\u00e1tica, mas desenvolver confian\u00e7a para se comunicar.<\/p>\n\n\n\n<p class=\"wp-block-paragraph\"><strong>Per\u00edodo de atividades e passeios<\/strong><br>No restante do dia, os estudantes participam de atividades culturais, esportivas e tur\u00edsticas. Isso pode incluir visitas a pontos tur\u00edsticos, parques, museus, compras, eventos locais e at\u00e9 experi\u00eancias t\u00edpicas da cultura do pa\u00eds.<\/p>\n\n\n\n<p class=\"wp-block-paragraph\">Essa combina\u00e7\u00e3o \u00e9 o que torna o F\u00e9rias Teen t\u00e3o eficaz: o aprendizado n\u00e3o fica restrito \u00e0 sala de aula, <strong>ele acontece o tempo todo<\/strong>, de forma natural.<\/p>\n\n\n\n<hr class=\"wp-block-separator has-alpha-channel-opacity\"\/>\n\n\n\n<h2 class=\"wp-block-heading\">Para quem o programa \u00e9 indicado?<\/h2>\n\n\n\n<p class=\"wp-block-paragraph\">O F\u00e9rias Teen \u00e9 ideal para adolescentes que est\u00e3o dando os primeiros passos no interc\u00e2mbio.<\/p>\n\n\n\n<figure class=\"wp-block-embed alignleft is-type-video is-provider-youtube wp-block-embed-youtube wp-embed-aspect-16-9 wp-has-aspect-ratio\"><div class=\"wp-block-embed__wrapper\">\n<iframe title=\"J\u00falia Gomes - Ferias Teen Toronto - BIL Interc\u00e2mbios\" width=\"800\" height=\"450\" src=\"https:\/\/www.youtube.com\/embed\/a5mtMtl0Dzw?feature=oembed&#038;enablejsapi=1&#038;origin=https:\/\/www.bil.com.br\" frameborder=\"0\" allow=\"accelerometer; autoplay; clipboard-write; encrypted-media; gyroscope; picture-in-picture; web-share\" referrerpolicy=\"strict-origin-when-cross-origin\" allowfullscreen><\/iframe>\n<\/div><\/figure>\n\n\n\n<p class=\"wp-block-paragraph\">Geralmente, ele atende estudantes entre 12 e 17 anos, mas mais do que a idade, o que importa \u00e9 o momento do jovem.<\/p>\n\n\n\n<p class=\"wp-block-paragraph\">Esse tipo de programa \u00e9 especialmente indicado para:<\/p>\n\n\n\n<ul class=\"wp-block-list\">\n<li>Quem nunca viajou sozinho<\/li>\n\n\n\n<li>Quem ainda est\u00e1 desenvolvendo autonomia<\/li>\n\n\n\n<li>Quem sente inseguran\u00e7a com o idioma<\/li>\n\n\n\n<li>Pais que querem uma experi\u00eancia mais controlada e acompanhada<\/li>\n<\/ul>\n\n\n\n<p class=\"wp-block-paragraph\">Por ser uma experi\u00eancia mais curta, o estudante consegue vivenciar o interc\u00e2mbio sem o compromisso de uma longa perman\u00eancia.<strong> Isso reduz a ansiedade inicial e permite que ele teste como se sente fora do pa\u00eds.<\/strong><\/p>\n\n\n\n<p class=\"wp-block-paragraph\">Al\u00e9m disso, o F\u00e9rias Teen muitas vezes funciona como um \u201cprimeiro passo\u201d para programas mais longos no futuro, como High School ou cursos de maior dura\u00e7\u00e3o.<\/p>\n\n\n\n<hr class=\"wp-block-separator has-alpha-channel-opacity\"\/>\n\n\n\n<h2 class=\"wp-block-heading\">A import\u00e2ncia do acompanhamento e da seguran\u00e7a<\/h2>\n\n\n\n<p class=\"wp-block-paragraph\">Um dos grandes diferenciais do F\u00e9rias Teen \u00e9 o n\u00edvel de suporte oferecido.<\/p>\n\n\n\n<p class=\"wp-block-paragraph\">Na maioria dos casos, os estudantes viajam em grupo e contam com o acompanhamento de um l\u00edder desde o embarque no Brasil at\u00e9 o retorno. Esse profissional \u00e9 respons\u00e1vel por orientar, apoiar e garantir que tudo aconte\u00e7a conforme o planejado.<\/p>\n\n\n\n<p class=\"wp-block-paragraph\">Al\u00e9m disso, toda a estrutura do programa \u00e9 pensada para adolescentes:<\/p>\n\n\n\n<ul class=\"wp-block-list\">\n<li>Escolas preparadas para receber jovens<\/li>\n\n\n\n<li>Atividades supervisionadas<\/li>\n\n\n\n<li>Rotina organizada<\/li>\n\n\n\n<li>Acomoda\u00e7\u00f5es seguras (geralmente casa de fam\u00edlia ou resid\u00eancia estudantil)<\/li>\n<\/ul>\n\n\n\n<p class=\"wp-block-paragraph\">Esse conjunto cria um ambiente protegido, no qual o estudante pode explorar, aprender e se desenvolver com seguran\u00e7a.<\/p>\n\n\n\n<p class=\"wp-block-paragraph\">Para os pais, isso traz tranquilidade. Saber que o filho est\u00e1 sendo acompanhado, inserido em uma rotina estruturada e com suporte constante faz toda a diferen\u00e7a na tomada de decis\u00e3o.<\/p>\n\n\n\n<p class=\"wp-block-paragraph\">Entenda como o guia BIL realiza a diferen\u00e7a na viagem: <strong><a href=\"https:\/\/www.bil.com.br\/blog\/papel-do-group-leader-intercambio\/\">https:\/\/www.bil.com.br\/blog\/papel-do-group-leader-intercambio\/<\/a><\/strong><\/p>\n\n\n\n<hr class=\"wp-block-separator has-alpha-channel-opacity\"\/>\n\n\n\n<h2 class=\"wp-block-heading\">F\u00e9rias Teen \u00e9 s\u00f3 em grupo com guia?<\/h2>\n\n\n\n<p class=\"wp-block-paragraph\">Essa \u00e9 uma d\u00favida muito comum e a resposta \u00e9 <strong>n\u00e3o<\/strong>.<\/p>\n\n\n\n<p class=\"wp-block-paragraph\">Embora muitas pessoas associem o F\u00e9rias Teen apenas ao formato em grupo com acompanhamento desde o Brasil, existem tamb\u00e9m op\u00e7\u00f5es mais independentes dentro desse mesmo programa.<\/p>\n\n\n\n<p class=\"wp-block-paragraph\">Nessas vers\u00f5es, o estudante viaja sozinho, sem sair do Brasil com um grupo de brasileiros e sem a presen\u00e7a de um l\u00edder acompanhando o embarque. No entanto, isso n\u00e3o significa falta de suporte, muito pelo contr\u00e1rio.<\/p>\n\n\n\n<p class=\"wp-block-paragraph\">Ao chegar no destino, o estudante:<\/p>\n\n\n\n<ul class=\"wp-block-list\">\n<li>\u00c9 recepcionado no aeroporto<\/li>\n\n\n\n<li>Conta com suporte local organizado<\/li>\n\n\n\n<li>Estuda em escolas preparadas para receber adolescentes<\/li>\n\n\n\n<li>Tem monitoria e acompanhamento durante o programa<\/li>\n\n\n\n<li>Participa das atividades oferecidas pela escola<\/li>\n<\/ul>\n\n\n\n<p class=\"wp-block-paragraph\">A principal diferen\u00e7a est\u00e1 no n\u00edvel de autonomia.<\/p>\n\n\n\n<p class=\"wp-block-paragraph\">Nesse formato, o estudante tamb\u00e9m tem mais liberdade para escolher o que deseja fazer no per\u00edodo p\u00f3s-aula, podendo participar das atividades organizadas ou explorar outras op\u00e7\u00f5es, sempre dentro de um ambiente seguro.<\/p>\n\n\n\n<p class=\"wp-block-paragraph\">Ou seja, <strong>o F\u00e9rias Teen pode ser tanto uma experi\u00eancia mais guiada quanto uma experi\u00eancia com maior independ\u00eancia<\/strong> e a escolha depende do perfil do estudante.<\/p>\n\n\n\n<hr class=\"wp-block-separator has-alpha-channel-opacity\"\/>\n\n\n\n<h2 class=\"wp-block-heading\">Muito al\u00e9m do idioma: o desenvolvimento pessoal<\/h2>\n\n\n\n<p class=\"wp-block-paragraph\">Embora o aprendizado do idioma seja um dos objetivos do programa, o impacto do F\u00e9rias Teen vai muito al\u00e9m disso.<\/p>\n\n\n\n<p class=\"wp-block-paragraph\">Em poucas semanas, o estudante passa por uma s\u00e9rie de experi\u00eancias que estimulam o crescimento pessoal:<\/p>\n\n\n\n<p class=\"wp-block-paragraph\"><strong>Autonomia<\/strong><br>Mesmo com acompanhamento, o jovem come\u00e7a a tomar pequenas decis\u00f5es, se organizar e lidar com situa\u00e7\u00f5es do dia a dia.<\/p>\n\n\n\n<p class=\"wp-block-paragraph\"><strong>Confian\u00e7a<\/strong><br>Ao perceber que consegue se comunicar, se locomover e interagir em outro pa\u00eds, o estudante ganha seguran\u00e7a em si mesmo.<\/p>\n\n\n\n<p class=\"wp-block-paragraph\"><strong>Maturidade<\/strong><br>Estar fora da zona de conforto acelera o processo de amadurecimento, de forma natural e saud\u00e1vel.<\/p>\n\n\n\n<p class=\"wp-block-paragraph\"><strong>Vis\u00e3o de mundo<\/strong><br>O contato com outras culturas amplia perspectivas e ajuda o jovem a enxergar o mundo de forma mais aberta e curiosa.<\/p>\n\n\n\n<p class=\"wp-block-paragraph\">Muitos pais relatam que o filho \u201cvolta diferente\u201d, mais independente, mais comunicativo e mais seguro. E isso acontece porque <strong>o interc\u00e2mbio, mesmo curto, provoca mudan\u00e7as reais.<\/strong><\/p>\n\n\n\n<hr class=\"wp-block-separator has-alpha-channel-opacity\"\/>\n\n\n\n<h2 class=\"wp-block-heading\">O F\u00e9rias Teen como porta de entrada para o futuro<\/h2>\n\n\n\n<p class=\"wp-block-paragraph\">Um dos maiores benef\u00edcios desse tipo de programa \u00e9 seu papel como experi\u00eancia inicial.<\/p>\n\n\n\n<p class=\"wp-block-paragraph\">Para muitos jovens, o F\u00e9rias Teen \u00e9 o primeiro contato com a ideia de estudar fora. E, a partir dessa viv\u00eancia, surgem novos planos:<\/p>\n\n\n\n<ul class=\"wp-block-list\">\n<li>Fazer um interc\u00e2mbio mais longo<\/li>\n\n\n\n<li>Cursar o ensino m\u00e9dio no exterior<\/li>\n\n\n\n<li>Considerar uma gradua\u00e7\u00e3o internacional<\/li>\n\n\n\n<li>Buscar experi\u00eancias acad\u00eamicas e profissionais fora do Brasil<\/li>\n<\/ul>\n\n\n\n<p class=\"wp-block-paragraph\">Ou seja, o programa n\u00e3o \u00e9 apenas uma viagem de f\u00e9rias, ele pode ser <strong>o in\u00edcio de uma trajet\u00f3ria internacional.<\/strong><\/p>\n\n\n\n<p class=\"wp-block-paragraph\">Al\u00e9m disso, ele ajuda tanto o estudante quanto os pais a entenderem melhor como funciona o interc\u00e2mbio na pr\u00e1tica, reduzindo d\u00favidas e inseguran\u00e7as para decis\u00f5es futuras.<\/p>\n\n\n\n<p class=\"wp-block-paragraph\">Leia nosso ebook informativo e conhe\u00e7a todos os destinos: <strong><a href=\"https:\/\/bil.com.br\/informativos\/ferias_teen_geral.pdf\" target=\"_blank\" rel=\"noopener\">https:\/\/bil.com.br\/informativos\/ferias_teen_geral.pdf<\/a><\/strong><\/p>\n\n\n\n<hr class=\"wp-block-separator has-alpha-channel-opacity\"\/>\n\n\n\n<h2 class=\"wp-block-heading\">Conclus\u00e3o: uma experi\u00eancia segura para come\u00e7ar<\/h2>\n\n\n\n<p class=\"wp-block-paragraph\">O programa F\u00e9rias Teen \u00e9, acima de tudo, uma forma segura e estruturada de dar o primeiro passo no interc\u00e2mbio.<\/p>\n\n\n\n<p class=\"wp-block-paragraph\">Ele oferece o equil\u00edbrio ideal entre aprendizado, divers\u00e3o e desenvolvimento pessoal, respeitando o tempo e o perfil do adolescente.<\/p>\n\n\n\n<p class=\"wp-block-paragraph\">Para os pais, \u00e9 uma oportunidade de proporcionar uma experi\u00eancia internacional com acompanhamento, organiza\u00e7\u00e3o e suporte, sem a press\u00e3o de um programa de longa dura\u00e7\u00e3o.<\/p>\n\n\n\n<p class=\"wp-block-paragraph\">Com mais de 40 anos de experi\u00eancia, a <strong>BIL Interc\u00e2mbios entende que cada estudante tem um momento certo para come\u00e7ar<\/strong>. Por isso, o F\u00e9rias Teen \u00e9 planejado para ser mais do que uma viagem: <em>\u00e9 uma introdu\u00e7\u00e3o cuidadosa ao mundo<\/em>, feita com responsabilidade, seguran\u00e7a e prop\u00f3sito.<\/p>\n\n\n\n<p class=\"wp-block-paragraph\">E quando esse primeiro passo \u00e9 bem dado, ele abre portas para muitas outras experi\u00eancias no futuro.<\/p>\n\n\n\n<p class=\"wp-block-paragraph\">Quer saber mais informa\u00e7\u00f5es? <a href=\"https:\/\/bit.ly\/blogfalecomabil\" target=\"_blank\" rel=\"noopener\">https:\/\/bit.ly\/blogfalecomabil<\/a><\/p>\n\n\n\n<p class=\"wp-block-paragraph\"><\/p>\n","protected":false},"excerpt":{"rendered":"<p><span class=\"span-reading-time rt-reading-time\" style=\"display: block;\"><span class=\"rt-label rt-prefix\">Tempo de Leitura: <\/span> <span class=\"rt-time\"> 4<\/span> <span class=\"rt-label rt-postfix\">minutos<\/span><\/span>O programa F\u00e9rias Teen \u00e9 uma das formas mais acess\u00edveis, seguras e completas de introduzir adolescentes ao universo do interc\u00e2mbio. Pensado especialmente para jovens que ainda est\u00e3o no ensino fundamental ou m\u00e9dio, ele combina estudo de idioma com atividades culturais, lazer e conviv\u00eancia internacional, tudo isso em um per\u00edodo mais curto, durante as f\u00e9rias escolares. [&hellip;]<\/p>\n","protected":false},"author":1,"featured_media":135169,"comment_status":"open","ping_status":"open","sticky":false,"template":"","format":"standard","meta":{"om_disable_all_campaigns":false,"_monsterinsights_skip_tracking":false,"_monsterinsights_sitenote_active":false,"_monsterinsights_sitenote_note":"","_monsterinsights_sitenote_category":0,"_uf_show_specific_survey":0,"_uf_disable_surveys":false,"footnotes":""},"categories":[2,5],"tags":[185,30,446,954],"class_list":["post-135168","post","type-post","status-publish","format-standard","has-post-thumbnail","hentry","category-cursos-de-idiomas","category-ferias-teen","tag-aprender-ingles","tag-estudar-no-exterior","tag-intercambio-em-grupo","tag-intercambio-individual"],"_links":{"self":[{"href":"https:\/\/www.bil.com.br\/blog\/wp-json\/wp\/v2\/posts\/135168","targetHints":{"allow":["GET"]}}],"collection":[{"href":"https:\/\/www.bil.com.br\/blog\/wp-json\/wp\/v2\/posts"}],"about":[{"href":"https:\/\/www.bil.com.br\/blog\/wp-json\/wp\/v2\/types\/post"}],"author":[{"embeddable":true,"href":"https:\/\/www.bil.com.br\/blog\/wp-json\/wp\/v2\/users\/1"}],"replies":[{"embeddable":true,"href":"https:\/\/www.bil.com.br\/blog\/wp-json\/wp\/v2\/comments?post=135168"}],"version-history":[{"count":2,"href":"https:\/\/www.bil.com.br\/blog\/wp-json\/wp\/v2\/posts\/135168\/revisions"}],"predecessor-version":[{"id":135172,"href":"https:\/\/www.bil.com.br\/blog\/wp-json\/wp\/v2\/posts\/135168\/revisions\/135172"}],"wp:featuredmedia":[{"embeddable":true,"href":"https:\/\/www.bil.com.br\/blog\/wp-json\/wp\/v2\/media\/135169"}],"wp:attachment":[{"href":"https:\/\/www.bil.com.br\/blog\/wp-json\/wp\/v2\/media?parent=135168"}],"wp:term":[{"taxonomy":"category","embeddable":true,"href":"https:\/\/www.bil.com.br\/blog\/wp-json\/wp\/v2\/categories?post=135168"},{"taxonomy":"post_tag","embeddable":true,"href":"https:\/\/www.bil.com.br\/blog\/wp-json\/wp\/v2\/tags?post=135168"}],"curies":[{"name":"wp","href":"https:\/\/api.w.org\/{rel}","templated":true}]}}