{"id":135174,"date":"2026-04-10T15:23:01","date_gmt":"2026-04-10T15:23:01","guid":{"rendered":"https:\/\/www.bil.com.br\/blog\/?p=135174"},"modified":"2026-04-10T10:28:00","modified_gmt":"2026-04-10T10:28:00","slug":"intercambio-de-ferias-para-adolescentes-vale-a-pena","status":"publish","type":"post","link":"https:\/\/www.bil.com.br\/blog\/intercambio-de-ferias-para-adolescentes-vale-a-pena\/","title":{"rendered":"Interc\u00e2mbio de f\u00e9rias para adolescentes vale a pena?"},"content":{"rendered":"<span class=\"span-reading-time rt-reading-time\" style=\"display: block;\"><span class=\"rt-label rt-prefix\">Tempo de Leitura: <\/span> <span class=\"rt-time\"> 4<\/span> <span class=\"rt-label rt-postfix\">minutos<\/span><\/span>\n<p class=\"wp-block-paragraph\">Sim, o interc\u00e2mbio de f\u00e9rias para adolescentes vale muito a pena, desde que seja bem planejado e alinhado ao perfil do estudante. Longe de ser apenas uma viagem internacional, esse tipo de interc\u00e2mbio combina aprendizado, desenvolvimento pessoal e viv\u00eancia cultural em um formato mais curto e estruturado, ideal para quem est\u00e1 come\u00e7ando.<\/p>\n\n\n\n<p class=\"wp-block-paragraph\">Para muitos jovens, \u00e9 o primeiro contato com o exterior sem a presen\u00e7a da fam\u00edlia. Para os pais, \u00e9 uma decis\u00e3o que envolve d\u00favidas, expectativas e, principalmente, a busca por seguran\u00e7a. Por isso, <strong>entender o real valor dessa experi\u00eancia e o que ela pode proporcionar \u00e9 essencial antes de tomar qualquer decis\u00e3o.<\/strong><\/p>\n\n\n\n<hr class=\"wp-block-separator has-alpha-channel-opacity\"\/>\n\n\n\n<h2 class=\"wp-block-heading\">O que um interc\u00e2mbio de f\u00e9rias realmente oferece?<\/h2>\n\n\n\n<p class=\"wp-block-paragraph\">O interc\u00e2mbio vai muito al\u00e9m de aulas de idioma.<\/p>\n\n\n\n<p class=\"wp-block-paragraph\">Ele \u00e9 estruturado para que o estudante vivencie o idioma na pr\u00e1tica, dentro e fora da sala de aula. Durante algumas semanas, o adolescente passa a viver uma rotina internacional, com aulas pela manh\u00e3 e atividades culturais, esportivas e sociais no restante do dia. Ou seja, <strong>o aluno precisa usar o idioma o tempo todo.<\/strong><\/p>\n\n\n\n<p class=\"wp-block-paragraph\">Essa combina\u00e7\u00e3o cria um ambiente de aprendizado cont\u00ednuo. O idioma deixa de ser apenas conte\u00fado e passa a ser a \u00fanica ferramenta de comunica\u00e7\u00e3o, seja em sala, em passeios ou nas intera\u00e7\u00f5es do dia a dia.<\/p>\n\n\n\n<p class=\"wp-block-paragraph\">Al\u00e9m disso, o estudante entra em contato com outras culturas, costumes e formas de pensar. Isso amplia a vis\u00e3o de mundo e estimula habilidades que dificilmente seriam desenvolvidas apenas no ambiente escolar tradicional.<\/p>\n\n\n\n<hr class=\"wp-block-separator has-alpha-channel-opacity\"\/>\n\n\n\n<h2 class=\"wp-block-heading\">Interc\u00e2mbio de f\u00e9rias em grupo de adolescentes<\/h2>\n\n\n\n<p class=\"wp-block-paragraph\">O formato em grupo \u00e9 um dos mais procurados para adolescentes, especialmente para quem est\u00e1 fazendo o primeiro interc\u00e2mbio.<\/p>\n\n\n\n<p class=\"wp-block-paragraph\">Nesse modelo, o estudante sai do Brasil junto com outros alunos brasileiros, acompanhado por um l\u00edder da BIL Interc\u00e2mbios desde o embarque at\u00e9 o retorno.<\/p>\n\n\n\n<p class=\"wp-block-paragraph\">A experi\u00eancia \u00e9 totalmente estruturada:<\/p>\n\n\n\n<ul class=\"wp-block-list\">\n<li>Acomoda\u00e7\u00e3o em resid\u00eancia estudantil<\/li>\n\n\n\n<li>Guia BIL <\/li>\n\n\n\n<li>Passeios j\u00e1 inclu\u00eddos no programa<\/li>\n\n\n\n<li>Roteiro fixo e previamente definido<\/li>\n\n\n\n<li>Todas as atividades realizadas em grupo, com supervis\u00e3o<\/li>\n<\/ul>\n\n\n\n<p class=\"wp-block-paragraph\">Esse formato traz um alto n\u00edvel de organiza\u00e7\u00e3o e previsibilidade. O estudante n\u00e3o precisa se preocupar com decis\u00f5es log\u00edsticas ou planejamento, tudo j\u00e1 est\u00e1 estruturado.<\/p>\n\n\n\n<p class=\"wp-block-paragraph\">Para os pais, isso representa seguran\u00e7a e tranquilidade. Para o estudante, facilita a adapta\u00e7\u00e3o, j\u00e1 que ele compartilha a experi\u00eancia com outros jovens que est\u00e3o vivendo o mesmo momento.<\/p>\n\n\n\n<p class=\"wp-block-paragraph\">Conhe\u00e7a o grupo de F\u00e9rias Teen da BIL e todos os destinos dispon\u00edveis no modelo em grupo:<strong><a href=\" https:\/\/bil.com.br\/informativos\/ferias_teen_geral.pdf\"> https:\/\/bil.com.br\/informativos\/ferias_teen_geral.pdf<\/a><\/strong><\/p>\n\n\n\n<hr class=\"wp-block-separator has-alpha-channel-opacity\"\/>\n\n\n\n<h2 class=\"wp-block-heading\">Interc\u00e2mbio de f\u00e9rias individual<\/h2>\n\n\n\n<p class=\"wp-block-paragraph\">J\u00e1 o interc\u00e2mbio de f\u00e9rias no formato individual oferece uma experi\u00eancia mais flex\u00edvel e personalizada, sem abrir m\u00e3o da seguran\u00e7a.<\/p>\n\n\n\n<p class=\"wp-block-paragraph\">Nesse modelo, o estudante n\u00e3o viaja com um grupo desde o Brasil, mas ao chegar no destino conta com toda a estrutura necess\u00e1ria:<\/p>\n\n\n\n<ul class=\"wp-block-list\">\n<li>Recep\u00e7\u00e3o no aeroporto<\/li>\n\n\n\n<li>Suporte local e  monitoria<\/li>\n\n\n\n<li>Escola preparada para receber adolescentes<\/li>\n\n\n\n<li>Atividades organizadas pela pr\u00f3pria escola<\/li>\n<\/ul>\n\n\n\n<p class=\"wp-block-paragraph\"><em>Uma das grandes diferen\u00e7as est\u00e1 na acomoda\u00e7\u00e3o: <\/em>aqui, existe a possibilidade de ficar em casa de fam\u00edlia, o que aumenta ainda mais a imers\u00e3o cultural.<\/p>\n\n\n\n<p class=\"wp-block-paragraph\">Al\u00e9m disso, o estudante tem mais liberdade para montar sua rotina. Ele pode participar das atividades oferecidas pela escola, mas tamb\u00e9m tem espa\u00e7o para escolher o que deseja fazer no per\u00edodo p\u00f3s-aula.<\/p>\n\n\n\n<p class=\"wp-block-paragraph\">Isso torna a experi\u00eancia mais independente, estimulando a tomada de decis\u00e3o e o senso de responsabilidade.<\/p>\n\n\n\n<hr class=\"wp-block-separator has-alpha-channel-opacity\"\/>\n\n\n\n<h2 class=\"wp-block-heading\">Grupo ou individual: qual \u00e9 a principal diferen\u00e7a na pr\u00e1tica?<\/h2>\n\n\n\n<p class=\"wp-block-paragraph\">A diferen\u00e7a entre os dois formatos n\u00e3o est\u00e1 na seguran\u00e7a, mas no n\u00edvel de autonomia e no estilo da experi\u00eancia.<\/p>\n\n\n\n<p class=\"wp-block-paragraph\"><strong>No interc\u00e2mbio em grupo:<\/strong><\/p>\n\n\n\n<ul class=\"wp-block-list\">\n<li>A experi\u00eancia \u00e9 mais guiada<\/li>\n\n\n\n<li>Existe acompanhamento constante<\/li>\n\n\n\n<li>O roteiro \u00e9 fechado<\/li>\n\n\n\n<li>As decis\u00f5es s\u00e3o coletivas<\/li>\n\n\n\n<li>A adapta\u00e7\u00e3o tende a ser mais leve emocionalmente<\/li>\n<\/ul>\n\n\n\n<p class=\"wp-block-paragraph\"><strong>No interc\u00e2mbio individual:<\/strong><\/p>\n\n\n\n<ul class=\"wp-block-list\">\n<li>A experi\u00eancia \u00e9 mais flex\u00edvel<\/li>\n\n\n\n<li>Existe suporte, mas com menos interven\u00e7\u00e3o direta<\/li>\n\n\n\n<li>O estudante tem mais liberdade de escolha<\/li>\n\n\n\n<li>A imers\u00e3o tende a ser mais intensa<\/li>\n\n\n\n<li>O desenvolvimento de autonomia \u00e9 maior<\/li>\n<\/ul>\n\n\n\n<p class=\"wp-block-paragraph\">Nenhum formato \u00e9 melhor que o outro.<strong> Eles atendem a momentos diferentes<\/strong>.<\/p>\n\n\n\n<p class=\"wp-block-paragraph\">Para estudantes mais novos ou que est\u00e3o indo pela primeira vez, o grupo costuma ser mais confort\u00e1vel.<\/p>\n\n\n\n<p class=\"wp-block-paragraph\">J\u00e1 para aqueles com mais independ\u00eancia ou que buscam uma experi\u00eancia mais imersiva, o individual pode ser mais interessante.<\/p>\n\n\n\n<p class=\"wp-block-paragraph\">Nessa mat\u00e9ria, \u00e9 poss\u00edvel entender melhor a diferen\u00e7a entre eles: <strong><a href=\"https:\/\/www.bil.com.br\/blog\/intercambio-em-grupo-ou-individual-qual-escolher\/\">https:\/\/www.bil.com.br\/blog\/intercambio-em-grupo-ou-individual-qual-escolher\/<\/a><\/strong><\/p>\n\n\n\n<hr class=\"wp-block-separator has-alpha-channel-opacity\"\/>\n\n\n\n<h2 class=\"wp-block-heading\">\u00c9 pouco tempo ou j\u00e1 faz diferen\u00e7a?<\/h2>\n\n\n\n<p class=\"wp-block-paragraph\">Uma das d\u00favidas mais comuns \u00e9: algumas semanas realmente fazem diferen\u00e7a?<\/p>\n\n\n\n<p class=\"wp-block-paragraph\">A resposta \u00e9 sim! E n\u00e3o apenas no idioma.<\/p>\n\n\n\n<p class=\"wp-block-paragraph\">Embora um interc\u00e2mbio de f\u00e9rias n\u00e3o tenha o mesmo impacto acad\u00eamico de um programa longo para os adolescentes, ele gera ganhos importantes em um curto per\u00edodo. O estudante vivencia uma imers\u00e3o que dificilmente acontece no Brasil, mesmo estudando ingl\u00eas por anos.<\/p>\n\n\n\n<p class=\"wp-block-paragraph\">Mais do que evolu\u00e7\u00e3o t\u00e9cnica, o principal ganho est\u00e1 na confian\u00e7a.<\/p>\n\n\n\n<p class=\"wp-block-paragraph\">Ao perceber que consegue se comunicar, entender e se adaptar, o jovem quebra uma barreira importante. Aquela inseguran\u00e7a de falar outro idioma diminui, e isso muda completamente a forma como ele se relaciona com o aprendizado dali em diante.<\/p>\n\n\n\n<hr class=\"wp-block-separator has-alpha-channel-opacity\"\/>\n\n\n\n<h2 class=\"wp-block-heading\">Seguran\u00e7a: o que realmente garante tranquilidade<\/h2>\n\n\n\n<p class=\"wp-block-paragraph\">A seguran\u00e7a \u00e9 uma das maiores preocupa\u00e7\u00f5es dos pais e com raz\u00e3o.<\/p>\n\n\n\n<p class=\"wp-block-paragraph\">Mas \u00e9 importante entender que ela n\u00e3o depende apenas do formato escolhido, e sim da estrutura do programa.<\/p>\n\n\n\n<p class=\"wp-block-paragraph\">Tanto no modelo em grupo quanto no individual, o estudante conta com:<\/p>\n\n\n\n<ul class=\"wp-block-list\">\n<li>Escolas preparadas<\/li>\n\n\n\n<li>Acomoda\u00e7\u00f5es seguras<\/li>\n\n\n\n<li>Atividades organizadas<\/li>\n\n\n\n<li>Suporte local<\/li>\n\n\n\n<li>Planejamento estruturado<\/li>\n<\/ul>\n\n\n\n<p class=\"wp-block-paragraph\">No grupo, esse suporte \u00e9 mais vis\u00edvel, com a presen\u00e7a constante do l\u00edder.<\/p>\n\n\n\n<p class=\"wp-block-paragraph\">No individual, ele acontece de forma mais distribu\u00edda, por meio da escola e da equipe local.<\/p>\n\n\n\n<p class=\"wp-block-paragraph\">Quando o programa \u00e9 bem organizado, ambos os formatos s\u00e3o seguros.<\/p>\n\n\n\n<hr class=\"wp-block-separator has-alpha-channel-opacity\"\/>\n\n\n\n<h2 class=\"wp-block-heading\">Conclus\u00e3o: vale a pena e a escolha faz diferen\u00e7a<\/h2>\n\n\n\n<p class=\"wp-block-paragraph\">O interc\u00e2mbio de f\u00e9rias para adolescentes vale a pena, sim e vai ser uma das experi\u00eancias mais marcantes na vida de um jovem.<\/p>\n\n\n\n<p class=\"wp-block-paragraph\">Mais do que aprender um idioma, o estudante desenvolve autonomia, confian\u00e7a e uma vis\u00e3o de mundo muito mais ampla.<\/p>\n\n\n\n<p class=\"wp-block-paragraph\">A escolha entre grupo e individual n\u00e3o deve ser feita com base no que \u00e9 \u201cmelhor\u201d, mas no que faz mais sentido para o perfil do estudante naquele momento.<\/p>\n\n\n\n<p class=\"wp-block-paragraph\"><strong>Com mais de 40 anos de experi\u00eancia, a<\/strong> <strong>BIL Interc\u00e2mbios <\/strong>orienta fam\u00edlias justamente nesse processo, ajudando a encontrar o formato ideal com seguran\u00e7a, clareza e planejamento.<\/p>\n\n\n\n<p class=\"wp-block-paragraph\">Porque, no fim, o mais importante n\u00e3o \u00e9 apenas viajar, \u00e9 garantir que essa experi\u00eancia seja positiva, segura e transformadora do come\u00e7o ao fim.<\/p>\n\n\n\n<p class=\"wp-block-paragraph\">Quer saber mais informa\u00e7\u00f5es? <a href=\"https:\/\/bit.ly\/blogfalecomabil\" target=\"_blank\" rel=\"noopener\">https:\/\/bit.ly\/blogfalecomabil<\/a><\/p>\n\n\n\n<p class=\"wp-block-paragraph\"><\/p>\n","protected":false},"excerpt":{"rendered":"<p><span class=\"span-reading-time rt-reading-time\" style=\"display: block;\"><span class=\"rt-label rt-prefix\">Tempo de Leitura: <\/span> <span class=\"rt-time\"> 4<\/span> <span class=\"rt-label rt-postfix\">minutos<\/span><\/span>Sim, o interc\u00e2mbio de f\u00e9rias para adolescentes vale muito a pena, desde que seja bem planejado e alinhado ao perfil do estudante. Longe de ser apenas uma viagem internacional, esse tipo de interc\u00e2mbio combina aprendizado, desenvolvimento pessoal e viv\u00eancia cultural em um formato mais curto e estruturado, ideal para quem est\u00e1 come\u00e7ando. Para muitos jovens, [&hellip;]<\/p>\n","protected":false},"author":1,"featured_media":135175,"comment_status":"open","ping_status":"open","sticky":false,"template":"","format":"standard","meta":{"om_disable_all_campaigns":false,"_monsterinsights_skip_tracking":false,"_monsterinsights_sitenote_active":false,"_monsterinsights_sitenote_note":"","_monsterinsights_sitenote_category":0,"_uf_show_specific_survey":0,"_uf_disable_surveys":false,"footnotes":""},"categories":[5],"tags":[185,30,446],"class_list":["post-135174","post","type-post","status-publish","format-standard","has-post-thumbnail","hentry","category-ferias-teen","tag-aprender-ingles","tag-estudar-no-exterior","tag-intercambio-em-grupo"],"_links":{"self":[{"href":"https:\/\/www.bil.com.br\/blog\/wp-json\/wp\/v2\/posts\/135174","targetHints":{"allow":["GET"]}}],"collection":[{"href":"https:\/\/www.bil.com.br\/blog\/wp-json\/wp\/v2\/posts"}],"about":[{"href":"https:\/\/www.bil.com.br\/blog\/wp-json\/wp\/v2\/types\/post"}],"author":[{"embeddable":true,"href":"https:\/\/www.bil.com.br\/blog\/wp-json\/wp\/v2\/users\/1"}],"replies":[{"embeddable":true,"href":"https:\/\/www.bil.com.br\/blog\/wp-json\/wp\/v2\/comments?post=135174"}],"version-history":[{"count":2,"href":"https:\/\/www.bil.com.br\/blog\/wp-json\/wp\/v2\/posts\/135174\/revisions"}],"predecessor-version":[{"id":135178,"href":"https:\/\/www.bil.com.br\/blog\/wp-json\/wp\/v2\/posts\/135174\/revisions\/135178"}],"wp:featuredmedia":[{"embeddable":true,"href":"https:\/\/www.bil.com.br\/blog\/wp-json\/wp\/v2\/media\/135175"}],"wp:attachment":[{"href":"https:\/\/www.bil.com.br\/blog\/wp-json\/wp\/v2\/media?parent=135174"}],"wp:term":[{"taxonomy":"category","embeddable":true,"href":"https:\/\/www.bil.com.br\/blog\/wp-json\/wp\/v2\/categories?post=135174"},{"taxonomy":"post_tag","embeddable":true,"href":"https:\/\/www.bil.com.br\/blog\/wp-json\/wp\/v2\/tags?post=135174"}],"curies":[{"name":"wp","href":"https:\/\/api.w.org\/{rel}","templated":true}]}}