{"id":135307,"date":"2026-05-20T14:24:34","date_gmt":"2026-05-20T14:24:34","guid":{"rendered":"https:\/\/www.bil.com.br\/blog\/?p=135307"},"modified":"2026-05-19T19:45:31","modified_gmt":"2026-05-19T19:45:31","slug":"o-aluno-viaja-sozinho-no-intercambio","status":"publish","type":"post","link":"https:\/\/www.bil.com.br\/blog\/o-aluno-viaja-sozinho-no-intercambio\/","title":{"rendered":"O aluno viaja sozinho no interc\u00e2mbio?"},"content":{"rendered":"<span class=\"span-reading-time rt-reading-time\" style=\"display: block;\"><span class=\"rt-label rt-prefix\">Tempo de Leitura: <\/span> <span class=\"rt-time\"> 3<\/span> <span class=\"rt-label rt-postfix\">minutos<\/span><\/span>\n<p class=\"wp-block-paragraph\">Querer saber se o aluno viaja sozinho \u00e9 uma das d\u00favidas mais comuns entre fam\u00edlias que come\u00e7am a pesquisar interc\u00e2mbio:<\/p>\n\n\n\n<p class=\"wp-block-paragraph\">\u201cMeu filho vai sozinho no avi\u00e3o?\u201d<br>\u201cVai ter algu\u00e9m acompanhando?\u201d<br>\u201cE quando ele chegar no destino?\u201d<\/p>\n\n\n\n<p class=\"wp-block-paragraph\">Portanto, a resposta depende do tipo de interc\u00e2mbio escolhido.<\/p>\n\n\n\n<p class=\"wp-block-paragraph\">Hoje existem programas com acompanhamento completo desde o Brasil e tamb\u00e9m op\u00e7\u00f5es mais independentes, voltadas para adolescentes mais maduros.<\/p>\n\n\n\n<p class=\"wp-block-paragraph\">Mas uma coisa \u00e9 importante deixar clara:<br>mesmo quando o estudante embarca sem um grupo, <strong>ele n\u00e3o fica desamparado no exterior.<\/strong><\/p>\n\n\n\n<p class=\"wp-block-paragraph\">O interc\u00e2mbio possui uma estrutura inteira de suporte funcionando antes, durante e depois da viagem.<\/p>\n\n\n\n<p class=\"wp-block-paragraph\">Ent\u00e3o, entender como isso funciona costuma trazer muito mais tranquilidade para estudantes e fam\u00edlias.<\/p>\n\n\n\n<hr class=\"wp-block-separator has-alpha-channel-opacity\"\/>\n\n\n\n<h2 class=\"wp-block-heading\">Nos interc\u00e2mbios em grupo, os alunos viajam acompanhados<\/h2>\n\n\n\n<p class=\"wp-block-paragraph\">No interc\u00e2mbio em grupo, o nosso F\u00e9rias Teen, possui acompanhamento desde o embarque no Brasil com o guia BIL.<\/p>\n\n\n\n<p class=\"wp-block-paragraph\">Isso significa que os estudantes:<\/p>\n\n\n\n<ul class=\"wp-block-list\">\n<li>fazem check-in juntos;<\/li>\n\n\n\n<li>passam pela imigra\u00e7\u00e3o acompanhados;<\/li>\n\n\n\n<li>embarcam em grupo;<\/li>\n\n\n\n<li>possuem l\u00edderes respons\u00e1veis durante a viagem.<\/li>\n<\/ul>\n\n\n\n<p class=\"wp-block-paragraph\">Al\u00e9m disso, durante toda a experi\u00eancia, existe:<\/p>\n\n\n\n<ul class=\"wp-block-list\">\n<li>organiza\u00e7\u00e3o da rotina;<\/li>\n\n\n\n<li>deslocamentos;<\/li>\n\n\n\n<li>atividades;<\/li>\n\n\n\n<li>passeios;<\/li>\n\n\n\n<li>emerg\u00eancias;<\/li>\n\n\n\n<li>adapta\u00e7\u00e3o no destino.<\/li>\n<\/ul>\n\n\n\n<p class=\"wp-block-paragraph\">Esse formato costuma ser muito procurado por adolescentes em primeira experi\u00eancia internacional, principalmente porque oferece uma<strong> estrutura mais organizada e supervisionada.<\/strong><\/p>\n\n\n\n<p class=\"wp-block-paragraph\">Outro ponto importante \u00e9 que os estudantes dificilmente se sentem sozinhos nesse modelo, j\u00e1 que criam conex\u00f5es rapidamente com o pr\u00f3prio grupo.<\/p>\n\n\n\n<hr class=\"wp-block-separator has-alpha-channel-opacity\"\/>\n\n\n\n<h2 class=\"wp-block-heading\">Cursos individuais: autonomia com suporte<\/h2>\n\n\n\n<p class=\"wp-block-paragraph\">Os cursos individuais costumam ser indicados para estudantes a partir de 16 anos justamente porque oferecem mais liberdade.<\/p>\n\n\n\n<p class=\"wp-block-paragraph\">Nesse formato, o aluno:<\/p>\n\n\n\n<ul class=\"wp-block-list\">\n<li>frequenta aulas internacionais;<\/li>\n\n\n\n<li>convive com estudantes do mundo inteiro;<\/li>\n\n\n\n<li>monta parte da pr\u00f3pria rotina;<\/li>\n\n\n\n<li>possui mais autonomia para conhecer a cidade.<\/li>\n<\/ul>\n\n\n\n<p class=\"wp-block-paragraph\">Ao mesmo tempo, as escolas internacionais possuem equipes preparadas para acompanhar estudantes menores de idade.<\/p>\n\n\n\n<p class=\"wp-block-paragraph\">Al\u00e9m disso, existe monitoria e orienta\u00e7\u00e3o constante sobre:<\/p>\n\n\n\n<ul class=\"wp-block-list\">\n<li>seguran\u00e7a;<\/li>\n\n\n\n<li>transporte;<\/li>\n\n\n\n<li>rotina;<\/li>\n\n\n\n<li>conviv\u00eancia;<\/li>\n\n\n\n<li>regras da acomoda\u00e7\u00e3o.<\/li>\n<\/ul>\n\n\n\n<p class=\"wp-block-paragraph\">As pr\u00f3prias escolas refor\u00e7am recomenda\u00e7\u00f5es importantes, como:<\/p>\n\n\n\n<ul class=\"wp-block-list\">\n<li>evitar sair sozinho;<\/li>\n\n\n\n<li>priorizar passeios em grupo;<\/li>\n\n\n\n<li>compartilhar programa\u00e7\u00e3o;<\/li>\n\n\n\n<li>respeitar hor\u00e1rios da acomoda\u00e7\u00e3o.<\/li>\n<\/ul>\n\n\n\n<p class=\"wp-block-paragraph\">Por isso, esse equil\u00edbrio entre independ\u00eancia e suporte \u00e9 justamente o que faz os cursos individuais crescerem tanto entre adolescentes mais maduros.<\/p>\n\n\n\n<hr class=\"wp-block-separator has-alpha-channel-opacity\"\/>\n\n\n\n<h2 class=\"wp-block-heading\">London Freedom: liberdade com assist\u00eancia da BIL<\/h2>\n\n\n\n<p class=\"wp-block-paragraph\">O London Freedom foi criado exatamente para estudantes que querem viver Londres de forma mais independente, mas sem abrir m\u00e3o de seguran\u00e7a e suporte.<\/p>\n\n\n\n<p class=\"wp-block-paragraph\">Diferente dos programas tradicionais em grupo, o roteiro n\u00e3o \u00e9 totalmente fixo.<\/p>\n\n\n\n<p class=\"wp-block-paragraph\">O estudante pode:<\/p>\n\n\n\n<ul class=\"wp-block-list\">\n<li>organizar a pr\u00f3pria programa\u00e7\u00e3o;<\/li>\n\n\n\n<li>explorar a cidade;<\/li>\n\n\n\n<li>escolher passeios;<\/li>\n\n\n\n<li>viver uma experi\u00eancia mais livre.<\/li>\n<\/ul>\n\n\n\n<p class=\"wp-block-paragraph\">Mas ainda conta com assist\u00eancia da BIL no destino.<\/p>\n\n\n\n<p class=\"wp-block-paragraph\">Al\u00e9m disso, sempre que quiser, tamb\u00e9m pode participar de atividades e passeios sugeridos pela equipe local, vivendo experi\u00eancias guiadas com outros estudantes.<\/p>\n\n\n\n<p class=\"wp-block-paragraph\">\u00c9 um modelo que entrega:<\/p>\n\n\n\n<ul class=\"wp-block-list\">\n<li>mais maturidade;<\/li>\n\n\n\n<li>mais autonomia;<\/li>\n\n\n\n<li>mais viv\u00eancia cultural;<\/li>\n\n\n\n<li>mais liberdade com seguran\u00e7a.<\/li>\n<\/ul>\n\n\n\n<hr class=\"wp-block-separator has-alpha-channel-opacity\"\/>\n\n\n\n<h2 class=\"wp-block-heading\">O suporte come\u00e7a antes mesmo do embarque<\/h2>\n\n\n\n<p class=\"wp-block-paragraph\">Existe um detalhe que muita gente n\u00e3o percebe:<br>o acompanhamento do interc\u00e2mbio come\u00e7a muito antes do aeroporto.<\/p>\n\n\n\n<p class=\"wp-block-paragraph\">A prepara\u00e7\u00e3o pr\u00e9-embarque \u00e9 uma das partes mais importantes da experi\u00eancia.<\/p>\n\n\n\n<p class=\"wp-block-paragraph\">\u00c9 nela que estudantes e fam\u00edlias recebem orienta\u00e7\u00f5es sobre:<\/p>\n\n\n\n<ul class=\"wp-block-list\">\n<li>documenta\u00e7\u00e3o;<\/li>\n\n\n\n<li>imigra\u00e7\u00e3o;<\/li>\n\n\n\n<li>adapta\u00e7\u00e3o cultural;<\/li>\n\n\n\n<li>rotina internacional;<\/li>\n\n\n\n<li>seguran\u00e7a;<\/li>\n\n\n\n<li>expectativas reais do programa.<\/li>\n<\/ul>\n\n\n\n<p class=\"wp-block-paragraph\">Portanto, esse preparo reduz ansiedade e ajuda o estudante a embarcar muito mais seguro emocionalmente.<\/p>\n\n\n\n<p class=\"wp-block-paragraph\">Na BIL, esse processo tamb\u00e9m inclui alinhamento com as fam\u00edlias e prepara\u00e7\u00e3o emocional para a experi\u00eancia internacional.<\/p>\n\n\n\n<hr class=\"wp-block-separator has-alpha-channel-opacity\"\/>\n\n\n\n<h2 class=\"wp-block-heading\">Viajar sozinho n\u00e3o significa estar s\u00f3<\/h2>\n\n\n\n<p class=\"wp-block-paragraph\">Esse talvez seja o ponto mais importante de todos.<\/p>\n\n\n\n<p class=\"wp-block-paragraph\">Muitos estudantes embarcam sem os pais ou sem um grupo fechado, mas continuam cercados por suporte durante toda a jornada.<\/p>\n\n\n\n<p class=\"wp-block-paragraph\">No interc\u00e2mbio, o aluno normalmente passa a contar com:<\/p>\n\n\n\n<ul class=\"wp-block-list\">\n<li>escola;<\/li>\n\n\n\n<li>coordenadores locais;<\/li>\n\n\n\n<li>host family ou resid\u00eancia;<\/li>\n\n\n\n<li>equipe internacional;<\/li>\n\n\n\n<li>suporte da ag\u00eancia;<\/li>\n\n\n\n<li>novos amigos do mundo inteiro.<\/li>\n<\/ul>\n\n\n\n<p class=\"wp-block-paragraph\">E \u00e9 justamente essa combina\u00e7\u00e3o entre independ\u00eancia e apoio que faz o interc\u00e2mbio gerar tanto amadurecimento.<\/p>\n\n\n\n<p class=\"wp-block-paragraph\">Porque o estudante come\u00e7a a aprender:<\/p>\n\n\n\n<ul class=\"wp-block-list\">\n<li>responsabilidade;<\/li>\n\n\n\n<li>autonomia;<\/li>\n\n\n\n<li>organiza\u00e7\u00e3o;<\/li>\n\n\n\n<li>tomada de decis\u00e3o;<\/li>\n\n\n\n<li>adapta\u00e7\u00e3o cultural.<\/li>\n<\/ul>\n\n\n\n<p class=\"wp-block-paragraph\">Tudo isso dentro de uma experi\u00eancia estruturada.<\/p>\n\n\n\n<p class=\"wp-block-paragraph\">Descubra aqui qual modelo vai encaixar melhor no seu perfil ou no perfil do seu filho: <strong><a href=\"https:\/\/www.bil.com.br\/blog\/intercambio-em-grupo-ou-individual-qual-escolher\/\">https:\/\/www.bil.com.br\/blog\/intercambio-em-grupo-ou-individual-qual-escolher\/<\/a><\/strong><\/p>\n\n\n\n<hr class=\"wp-block-separator has-alpha-channel-opacity\"\/>\n\n\n\n<h2 class=\"wp-block-heading\">O interc\u00e2mbio transforma porque desenvolve autonomia<\/h2>\n\n\n\n<p class=\"wp-block-paragraph\">Em muitos casos, o primeiro voo internacional sozinho acaba sendo um divisor de \u00e1guas na vida do estudante.<\/p>\n\n\n\n<p class=\"wp-block-paragraph\">\u00c9 quando ele percebe que consegue:<\/p>\n\n\n\n<ul class=\"wp-block-list\">\n<li>se comunicar;<\/li>\n\n\n\n<li>resolver situa\u00e7\u00f5es;<\/li>\n\n\n\n<li>conhecer pessoas novas;<\/li>\n\n\n\n<li>lidar com desafios;<\/li>\n\n\n\n<li>viver experi\u00eancias fora da zona de conforto.<\/li>\n<\/ul>\n\n\n\n<p class=\"wp-block-paragraph\">Ent\u00e3o, esse crescimento costuma ser muito vis\u00edvel no retorno.<\/p>\n\n\n\n<p class=\"wp-block-paragraph\">Muitos estudantes voltam:<\/p>\n\n\n\n<ul class=\"wp-block-list\">\n<li>mais maduros;<\/li>\n\n\n\n<li>mais confiantes;<\/li>\n\n\n\n<li>mais independentes;<\/li>\n\n\n\n<li>mais preparados para o futuro acad\u00eamico e profissional.<\/li>\n<\/ul>\n\n\n\n<p class=\"wp-block-paragraph\">Porque o interc\u00e2mbio vai muito al\u00e9m do idioma. Ele acelera desenvolvimento pessoal de uma forma muito dif\u00edcil de reproduzir no dia a dia.<\/p>\n\n\n\n<hr class=\"wp-block-separator has-alpha-channel-opacity\"\/>\n\n\n\n<h2 class=\"wp-block-heading\">Seguran\u00e7a e independ\u00eancia caminham juntas<\/h2>\n\n\n\n<p class=\"wp-block-paragraph\">Ao longo de mais de 40 anos, <strong>a BIL Interc\u00e2mbios acompanhou milhares de estudantes embarcando para experi\u00eancias internacionais.<\/strong><\/p>\n\n\n\n<p class=\"wp-block-paragraph\">E uma das coisas mais importantes nesse processo \u00e9 justamente encontrar o equil\u00edbrio certo entre:<\/p>\n\n\n\n<ul class=\"wp-block-list\">\n<li>liberdade;<\/li>\n\n\n\n<li>acompanhamento;<\/li>\n\n\n\n<li>autonomia;<\/li>\n\n\n\n<li>suporte;<\/li>\n\n\n\n<li>seguran\u00e7a.<\/li>\n<\/ul>\n\n\n\n<p class=\"wp-block-paragraph\">Alguns estudantes se sentem melhor em programas totalmente acompanhados.<\/p>\n\n\n\n<p class=\"wp-block-paragraph\">Enquanto outros j\u00e1 est\u00e3o prontos para experi\u00eancias mais independentes.<\/p>\n\n\n\n<p class=\"wp-block-paragraph\">O importante \u00e9 escolher um formato alinhado ao perfil do aluno e ao momento da fam\u00edlia.<\/p>\n\n\n\n<p class=\"wp-block-paragraph\">Porque no interc\u00e2mbio, viajar sozinho nunca significa viver tudo sozinho.<\/p>\n\n\n\n<p class=\"wp-block-paragraph\"><\/p>\n\n\n\n<p class=\"wp-block-paragraph\"><\/p>\n\n\n\n<p class=\"wp-block-paragraph\">Quer saber mais informa\u00e7\u00f5es?&nbsp;<a href=\"https:\/\/bit.ly\/blogfalecomabil\" target=\"_blank\" rel=\"noopener\">https:\/\/bit.ly\/blogfalecomabil<\/a><\/p>\n\n\n\n<p class=\"wp-block-paragraph\"><\/p>\n","protected":false},"excerpt":{"rendered":"<p><span class=\"span-reading-time rt-reading-time\" style=\"display: block;\"><span class=\"rt-label rt-prefix\">Tempo de Leitura: <\/span> <span class=\"rt-time\"> 3<\/span> <span class=\"rt-label rt-postfix\">minutos<\/span><\/span>Querer saber se o aluno viaja sozinho \u00e9 uma das d\u00favidas mais comuns entre fam\u00edlias que come\u00e7am a pesquisar interc\u00e2mbio: \u201cMeu filho vai sozinho no avi\u00e3o?\u201d\u201cVai ter algu\u00e9m acompanhando?\u201d\u201cE quando ele chegar no destino?\u201d Portanto, a resposta depende do tipo de interc\u00e2mbio escolhido. Hoje existem programas com acompanhamento completo desde o Brasil e tamb\u00e9m op\u00e7\u00f5es [&hellip;]<\/p>\n","protected":false},"author":1,"featured_media":130027,"comment_status":"closed","ping_status":"open","sticky":false,"template":"","format":"standard","meta":{"om_disable_all_campaigns":false,"_monsterinsights_skip_tracking":false,"_monsterinsights_sitenote_active":false,"_monsterinsights_sitenote_note":"","_monsterinsights_sitenote_category":0,"_uf_show_specific_survey":0,"_uf_disable_surveys":false,"footnotes":""},"categories":[2,5],"tags":[98,76,940,30,18,33,77],"class_list":["post-135307","post","type-post","status-publish","format-standard","has-post-thumbnail","hentry","category-cursos-de-idiomas","category-ferias-teen","tag-bil-intercambios","tag-cursos-no-exterior","tag-custo-do-intercambio","tag-estudar-no-exterior","tag-intercambio","tag-intercambio-barato","tag-planejamento"],"_links":{"self":[{"href":"https:\/\/www.bil.com.br\/blog\/wp-json\/wp\/v2\/posts\/135307","targetHints":{"allow":["GET"]}}],"collection":[{"href":"https:\/\/www.bil.com.br\/blog\/wp-json\/wp\/v2\/posts"}],"about":[{"href":"https:\/\/www.bil.com.br\/blog\/wp-json\/wp\/v2\/types\/post"}],"author":[{"embeddable":true,"href":"https:\/\/www.bil.com.br\/blog\/wp-json\/wp\/v2\/users\/1"}],"replies":[{"embeddable":true,"href":"https:\/\/www.bil.com.br\/blog\/wp-json\/wp\/v2\/comments?post=135307"}],"version-history":[{"count":2,"href":"https:\/\/www.bil.com.br\/blog\/wp-json\/wp\/v2\/posts\/135307\/revisions"}],"predecessor-version":[{"id":135333,"href":"https:\/\/www.bil.com.br\/blog\/wp-json\/wp\/v2\/posts\/135307\/revisions\/135333"}],"wp:featuredmedia":[{"embeddable":true,"href":"https:\/\/www.bil.com.br\/blog\/wp-json\/wp\/v2\/media\/130027"}],"wp:attachment":[{"href":"https:\/\/www.bil.com.br\/blog\/wp-json\/wp\/v2\/media?parent=135307"}],"wp:term":[{"taxonomy":"category","embeddable":true,"href":"https:\/\/www.bil.com.br\/blog\/wp-json\/wp\/v2\/categories?post=135307"},{"taxonomy":"post_tag","embeddable":true,"href":"https:\/\/www.bil.com.br\/blog\/wp-json\/wp\/v2\/tags?post=135307"}],"curies":[{"name":"wp","href":"https:\/\/api.w.org\/{rel}","templated":true}]}}