{"id":135354,"date":"2026-05-26T18:30:13","date_gmt":"2026-05-26T18:30:13","guid":{"rendered":"https:\/\/www.bil.com.br\/blog\/?p=135354"},"modified":"2026-06-02T13:44:06","modified_gmt":"2026-06-02T13:44:06","slug":"e-se-meu-filho-sentir-saudade-no-intercambio","status":"publish","type":"post","link":"https:\/\/www.bil.com.br\/blog\/e-se-meu-filho-sentir-saudade-no-intercambio\/","title":{"rendered":"E se meu filho sentir saudade no interc\u00e2mbio?"},"content":{"rendered":"<span class=\"span-reading-time rt-reading-time\" style=\"display: block;\"><span class=\"rt-label rt-prefix\">Tempo de Leitura: <\/span> <span class=\"rt-time\"> 4<\/span> <span class=\"rt-label rt-postfix\">minutos<\/span><\/span>\n<p class=\"wp-block-paragraph\">Essa \u00e9, sem d\u00favida, uma das maiores preocupa\u00e7\u00f5es dos pais antes do embarque, se o filho vai sentir saudade no interc\u00e2mbio.<\/p>\n\n\n\n<p class=\"wp-block-paragraph\">\u201cE se ele sentir saudade?\u201d<br>\u201cE se quiser voltar?\u201d<br>\u201cE se n\u00e3o conseguir se adaptar?\u201d<\/p>\n\n\n\n<p class=\"wp-block-paragraph\">A verdade \u00e9 que a saudade faz parte de qualquer grande mudan\u00e7a. Logo, no interc\u00e2mbio n\u00e3o seria diferente.<\/p>\n\n\n\n<p class=\"wp-block-paragraph\">O estudante est\u00e1 vivendo algo completamente novo:<br>um novo pa\u00eds, um novo idioma, novos costumes, novas pessoas, uma rotina diferente e, muitas vezes, a primeira experi\u00eancia longe da fam\u00edlia.<\/p>\n\n\n\n<p class=\"wp-block-paragraph\"><strong>Seu filho sentir saudade n\u00e3o significa que o interc\u00e2mbio deu errado.<\/strong><br>Na maioria das vezes, significa justamente o contr\u00e1rio:<br><strong>que aquela experi\u00eancia est\u00e1 sendo real, intensa e transformadora.<\/strong><\/p>\n\n\n\n<p class=\"wp-block-paragraph\">E existe uma coisa muito importante que pais e alunos precisam entender:<br>a saudade passa.<br>O amadurecimento fica.<\/p>\n\n\n\n<hr class=\"wp-block-separator has-alpha-channel-opacity\"\/>\n\n\n\n<h2 class=\"wp-block-heading\">A saudade no interc\u00e2mbio \u00e9 normal e comum<\/h2>\n\n\n\n<p class=\"wp-block-paragraph\">Muitos pais imaginam que apenas alunos t\u00edmidos ou inseguros sentem saudade.<\/p>\n\n\n\n<p class=\"wp-block-paragraph\">Mas isso n\u00e3o \u00e9 verdade.<\/p>\n\n\n\n<p class=\"wp-block-paragraph\">At\u00e9 os estudantes mais independentes podem sentir falta:<\/p>\n\n\n\n<ul class=\"wp-block-list\">\n<li>da fam\u00edlia;<\/li>\n\n\n\n<li>dos amigos;<\/li>\n\n\n\n<li>da comida brasileira;<\/li>\n\n\n\n<li>da rotina;<\/li>\n\n\n\n<li>do pr\u00f3prio quarto;<\/li>\n\n\n\n<li>do conforto emocional de casa.<\/li>\n<\/ul>\n\n\n\n<p class=\"wp-block-paragraph\">E normalmente isso aparece principalmente nos primeiros dias ou primeiras semanas.<\/p>\n\n\n\n<p class=\"wp-block-paragraph\">Existe at\u00e9 um padr\u00e3o muito comum no interc\u00e2mbio:<br>nos primeiros dias tudo parece empolgante.<br>Depois, quando a adrenalina baixa, o estudante come\u00e7a a perceber que realmente est\u00e1 longe de casa.<\/p>\n\n\n\n<p class=\"wp-block-paragraph\">\u00c9 a\u00ed que a saudade costuma bater mais forte.<\/p>\n\n\n\n<p class=\"wp-block-paragraph\">Mas tamb\u00e9m \u00e9 justamente nesse momento que come\u00e7a uma das partes mais importantes da experi\u00eancia: o desenvolvimento emocional.<\/p>\n\n\n\n<p class=\"wp-block-paragraph\">Veja nosso informativo da BIL de como lidar com a saudade no interc\u00e2mbio: <a href=\"https:\/\/bil.com.br\/conteudo\/sentimento-de-falta-no-intercambio\/sentimento.pdf\" target=\"_blank\" rel=\"noopener\"><strong>https:\/\/bil.com.br\/conteudo\/sentimento-de-falta-no-intercambio\/sentimento.pdf<\/strong><\/a><\/p>\n\n\n\n<hr class=\"wp-block-separator has-alpha-channel-opacity\"\/>\n\n\n\n<h2 class=\"wp-block-heading\">O aluno n\u00e3o fica sozinho emocionalmente<\/h2>\n\n\n\n<p class=\"wp-block-paragraph\">Essa \u00e9 uma das maiores diferen\u00e7as entre viajar sozinho e fazer um interc\u00e2mbio estruturado.<\/p>\n\n\n\n<p class=\"wp-block-paragraph\">No interc\u00e2mbio, existe suporte.<\/p>\n\n\n\n<p class=\"wp-block-paragraph\">Nos programas teen, por exemplo, os alunos contam com:<\/p>\n\n\n\n<ul class=\"wp-block-list\">\n<li>guias;<\/li>\n\n\n\n<li>monitores;<\/li>\n\n\n\n<li>l\u00edderes de grupo;<\/li>\n\n\n\n<li>escolas preparadas para receber adolescentes internacionais.<\/li>\n<\/ul>\n\n\n\n<p class=\"wp-block-paragraph\">No High School, al\u00e9m da escola, existe o apoio dos host parents, coordenadores locais e da pr\u00f3pria equipe da BIL.<\/p>\n\n\n\n<p class=\"wp-block-paragraph\">J\u00e1 em cursos individuais, mesmo com mais independ\u00eancia, o estudante continua tendo suporte da escola e acompanhamento sempre que necess\u00e1rio.<\/p>\n\n\n\n<p class=\"wp-block-paragraph\">Ao longo de mais de 40 anos, a BIL Interc\u00e2mbios acompanhou milhares de estudantes em experi\u00eancias internacionais e existe algo que se repete muito:<br>o aluno chega inseguro\u2026 e volta muito mais forte emocionalmente.<\/p>\n\n\n\n<p class=\"wp-block-paragraph\">Porque ele descobre que consegue.<\/p>\n\n\n\n<hr class=\"wp-block-separator has-alpha-channel-opacity\"\/>\n\n\n\n<h2 class=\"wp-block-heading\">O maior erro dos pais \u00e9 tentar \u201cresgatar\u201d o estudante r\u00e1pido demais<\/h2>\n\n\n\n<p class=\"wp-block-paragraph\">Esse \u00e9 um ponto extremamente importante.<\/p>\n\n\n\n<p class=\"wp-block-paragraph\">Quando o filho manda mensagem dizendo:<\/p>\n\n\n\n<ul class=\"wp-block-list\">\n<li>\u201cquero voltar\u201d;<\/li>\n\n\n\n<li>\u201cn\u00e3o estou conseguindo\u201d;<\/li>\n\n\n\n<li>\u201cestou com saudade\u201d;<\/li>\n<\/ul>\n\n\n\n<p class=\"wp-block-paragraph\">o impulso natural dos pais \u00e9 querer resolver aquilo imediatamente.<\/p>\n\n\n\n<p class=\"wp-block-paragraph\">Mas muitas vezes, a emo\u00e7\u00e3o daquele momento passa r\u00e1pido.<\/p>\n\n\n\n<p class=\"wp-block-paragraph\">O estudante teve um dia dif\u00edcil.<br>N\u00e3o conseguiu se comunicar direito.<br>Sentiu falta da rotina.<br>Se comparou com outras pessoas.<\/p>\n\n\n\n<p class=\"wp-block-paragraph\">Isso \u00e9 normal em qualquer processo de adapta\u00e7\u00e3o.<\/p>\n\n\n\n<p class=\"wp-block-paragraph\">E o mais importante:<br>na maioria das vezes, poucos dias depois, aquele mesmo aluno j\u00e1 est\u00e1:<\/p>\n\n\n\n<ul class=\"wp-block-list\">\n<li>fazendo amigos;<\/li>\n\n\n\n<li>saindo;<\/li>\n\n\n\n<li>se sentindo mais confort\u00e1vel;<\/li>\n\n\n\n<li>falando mais ingl\u00eas;<\/li>\n\n\n\n<li>aproveitando a experi\u00eancia.<\/li>\n<\/ul>\n\n\n\n<p class=\"wp-block-paragraph\">Por isso, o apoio emocional da fam\u00edlia faz MUITA diferen\u00e7a. Em vez de refor\u00e7ar medo ou inseguran\u00e7a, o ideal \u00e9 refor\u00e7ar confian\u00e7a.<\/p>\n\n\n\n<p class=\"wp-block-paragraph\">Porque o aluno precisa sentir que os pais acreditam nele.<\/p>\n\n\n\n<hr class=\"wp-block-separator has-alpha-channel-opacity\"\/>\n\n\n\n<h2 class=\"wp-block-heading\">A saudade diminui quando o estudante come\u00e7a a criar conex\u00e3o<\/h2>\n\n\n\n<p class=\"wp-block-paragraph\">Existe um momento muito importante no interc\u00e2mbio:<br>quando o pa\u00eds deixa de parecer \u201cestranho\u201d e come\u00e7a a virar rotina.<\/p>\n\n\n\n<p class=\"wp-block-paragraph\">E isso acontece atrav\u00e9s das conex\u00f5es.<\/p>\n\n\n\n<p class=\"wp-block-paragraph\">Quando o estudante:<\/p>\n\n\n\n<ul class=\"wp-block-list\">\n<li>cria amizades;<\/li>\n\n\n\n<li>come\u00e7a a entender melhor o idioma;<\/li>\n\n\n\n<li>pega confian\u00e7a para sair;<\/li>\n\n\n\n<li>cria uma rotina;<\/li>\n\n\n\n<li>se sente pertencente ao ambiente;<\/li>\n<\/ul>\n\n\n\n<p class=\"wp-block-paragraph\">a saudade deixa de ser o centro da experi\u00eancia.<\/p>\n\n\n\n<p class=\"wp-block-paragraph\">Ela continua existindo, claro.<br>Mas perde for\u00e7a.<\/p>\n\n\n\n<p class=\"wp-block-paragraph\">E algo muito interessante come\u00e7a a acontecer:<br>o estudante passa a se sentir dividido entre dois mundos.<\/p>\n\n\n\n<p class=\"wp-block-paragraph\">Ele sente saudade do Brasil\u2026<br>mas tamb\u00e9m come\u00e7a a criar carinho pela nova vida que est\u00e1 vivendo.<\/p>\n\n\n\n<p class=\"wp-block-paragraph\">\u00c9 a\u00ed que o interc\u00e2mbio come\u00e7a a transformar de verdade.<\/p>\n\n\n\n<hr class=\"wp-block-separator has-alpha-channel-opacity\"\/>\n\n\n\n<h2 class=\"wp-block-heading\">A adapta\u00e7\u00e3o emocional tamb\u00e9m faz parte do aprendizado<\/h2>\n\n\n\n<p class=\"wp-block-paragraph\">Muita gente pensa que interc\u00e2mbio \u00e9 s\u00f3 aprender ingl\u00eas.<\/p>\n\n\n\n<p class=\"wp-block-paragraph\">Mas a verdade \u00e9 que existe um crescimento muito maior acontecendo ali.<\/p>\n\n\n\n<p class=\"wp-block-paragraph\">O estudante aprende:<\/p>\n\n\n\n<ul class=\"wp-block-list\">\n<li>independ\u00eancia;<\/li>\n\n\n\n<li>autonomia;<\/li>\n\n\n\n<li>intelig\u00eancia emocional;<\/li>\n\n\n\n<li>adapta\u00e7\u00e3o;<\/li>\n\n\n\n<li>comunica\u00e7\u00e3o;<\/li>\n\n\n\n<li>responsabilidade;<\/li>\n\n\n\n<li>maturidade.<\/li>\n<\/ul>\n\n\n\n<p class=\"wp-block-paragraph\">E isso impacta diretamente a vida pessoal, acad\u00eamica e profissional no futuro.<\/p>\n\n\n\n<p class=\"wp-block-paragraph\">Porque depois que um adolescente aprende a atravessar o mundo, se adaptar em outro idioma e construir rela\u00e7\u00f5es fora da pr\u00f3pria zona de conforto, ele volta diferente.<\/p>\n\n\n\n<p class=\"wp-block-paragraph\">Mais seguro, maduro e preparado para o mundo.<\/p>\n\n\n\n<p class=\"wp-block-paragraph\">E muitas vezes, a saudade faz parte exatamente desse processo de crescimento.<\/p>\n\n\n\n<hr class=\"wp-block-separator has-alpha-channel-opacity\"\/>\n\n\n\n<h2 class=\"wp-block-heading\">O contato excessivo com o Brasil pode dificultar a adapta\u00e7\u00e3o<\/h2>\n\n\n\n<p class=\"wp-block-paragraph\">Esse \u00e9 outro ponto que muitas fam\u00edlias n\u00e3o imaginam.<\/p>\n\n\n\n<p class=\"wp-block-paragraph\">Hoje, com celular e internet o tempo inteiro, alguns alunos acabam vivendo \u201cmetade no Brasil e metade no interc\u00e2mbio\u201d.<\/p>\n\n\n\n<p class=\"wp-block-paragraph\">Falam com os pais o dia inteiro.<br>Acompanham tudo que acontece em casa.<br>Continuam emocionalmente presos \u00e0 rotina brasileira.<\/p>\n\n\n\n<p class=\"wp-block-paragraph\">E isso pode atrasar bastante a adapta\u00e7\u00e3o.<\/p>\n\n\n\n<p class=\"wp-block-paragraph\">Porque o estudante precisa se permitir viver o pa\u00eds novo.<\/p>\n\n\n\n<p class=\"wp-block-paragraph\">Claro que o contato com a fam\u00edlia \u00e9 importante.<br>Mas equil\u00edbrio faz diferen\u00e7a.<\/p>\n\n\n\n<p class=\"wp-block-paragraph\">Quando o aluno come\u00e7a realmente a mergulhar na experi\u00eancia:<\/p>\n\n\n\n<ul class=\"wp-block-list\">\n<li>o idioma evolui mais r\u00e1pido;<\/li>\n\n\n\n<li>a adapta\u00e7\u00e3o melhora;<\/li>\n\n\n\n<li>as amizades acontecem com mais facilidade;<\/li>\n\n\n\n<li>a confian\u00e7a cresce muito.<\/li>\n<\/ul>\n\n\n\n<hr class=\"wp-block-separator has-alpha-channel-opacity\"\/>\n\n\n\n<h3 class=\"wp-block-heading\">No fim, a saudade vira parte das melhores mem\u00f3rias<\/h3>\n\n\n\n<p class=\"wp-block-paragraph\">Existe uma frase muito comum entre intercambistas:<br>\u201cos dias mais dif\u00edceis foram os que mais me fizeram crescer.\u201d<\/p>\n\n\n\n<p class=\"wp-block-paragraph\">E isso acontece porque o interc\u00e2mbio mexe profundamente com o emocional.<\/p>\n\n\n\n<p class=\"wp-block-paragraph\">O estudante aprende a lidar com:<\/p>\n\n\n\n<ul class=\"wp-block-list\">\n<li>inseguran\u00e7a;<\/li>\n\n\n\n<li>desafios;<\/li>\n\n\n\n<li>diferen\u00e7as culturais;<\/li>\n\n\n\n<li>dist\u00e2ncia;<\/li>\n\n\n\n<li>responsabilidade.<\/li>\n<\/ul>\n\n\n\n<p class=\"wp-block-paragraph\">Mas tamb\u00e9m descobre coisas incr\u00edveis sobre si mesmo.<\/p>\n\n\n\n<p class=\"wp-block-paragraph\">Descobre que consegue se virar, construir amizades no outro lado do mundo e enfrentar situa\u00e7\u00f5es novas.<\/p>\n\n\n\n<p class=\"wp-block-paragraph\">E quando volta para casa, quase sempre volta diferente.<\/p>\n\n\n\n<p class=\"wp-block-paragraph\">Na BIL Interc\u00e2mbios, cada experi\u00eancia internacional \u00e9 acompanhada de perto justamente porque entendemos que o interc\u00e2mbio vai muito al\u00e9m da viagem.<\/p>\n\n\n\n<p class=\"wp-block-paragraph\">\u00c9 uma transforma\u00e7\u00e3o emocional, cultural e pessoal.<\/p>\n\n\n\n<p class=\"wp-block-paragraph\">E mesmo quando a saudade aparece, ela normalmente se torna apenas uma pequena parte de uma das experi\u00eancias mais marcantes da vida do estudante.<\/p>\n\n\n\n<p class=\"wp-block-paragraph\"><\/p>\n\n\n\n<p class=\"wp-block-paragraph\">Quer saber mais informa\u00e7\u00f5es?&nbsp;<a href=\"https:\/\/bit.ly\/blogfalecomabil\" target=\"_blank\" rel=\"noopener\">https:\/\/bit.ly\/blogfalecomabil<\/a><\/p>\n\n\n\n<p class=\"wp-block-paragraph\"><\/p>\n","protected":false},"excerpt":{"rendered":"<p><span class=\"span-reading-time rt-reading-time\" style=\"display: block;\"><span class=\"rt-label rt-prefix\">Tempo de Leitura: <\/span> <span class=\"rt-time\"> 4<\/span> <span class=\"rt-label rt-postfix\">minutos<\/span><\/span>Essa \u00e9, sem d\u00favida, uma das maiores preocupa\u00e7\u00f5es dos pais antes do embarque, se o filho vai sentir saudade no interc\u00e2mbio. \u201cE se ele sentir saudade?\u201d\u201cE se quiser voltar?\u201d\u201cE se n\u00e3o conseguir se adaptar?\u201d A verdade \u00e9 que a saudade faz parte de qualquer grande mudan\u00e7a. Logo, no interc\u00e2mbio n\u00e3o seria diferente. O estudante est\u00e1 [&hellip;]<\/p>\n","protected":false},"author":1,"featured_media":134769,"comment_status":"closed","ping_status":"open","sticky":false,"template":"","format":"standard","meta":{"om_disable_all_campaigns":false,"_monsterinsights_skip_tracking":false,"_monsterinsights_sitenote_active":false,"_monsterinsights_sitenote_note":"","_monsterinsights_sitenote_category":0,"_uf_show_specific_survey":0,"_uf_disable_surveys":false,"footnotes":""},"categories":[7,5],"tags":[98,76,940,30,18,77],"class_list":["post-135354","post","type-post","status-publish","format-standard","has-post-thumbnail","hentry","category-high-school","category-ferias-teen","tag-bil-intercambios","tag-cursos-no-exterior","tag-custo-do-intercambio","tag-estudar-no-exterior","tag-intercambio","tag-planejamento"],"_links":{"self":[{"href":"https:\/\/www.bil.com.br\/blog\/wp-json\/wp\/v2\/posts\/135354","targetHints":{"allow":["GET"]}}],"collection":[{"href":"https:\/\/www.bil.com.br\/blog\/wp-json\/wp\/v2\/posts"}],"about":[{"href":"https:\/\/www.bil.com.br\/blog\/wp-json\/wp\/v2\/types\/post"}],"author":[{"embeddable":true,"href":"https:\/\/www.bil.com.br\/blog\/wp-json\/wp\/v2\/users\/1"}],"replies":[{"embeddable":true,"href":"https:\/\/www.bil.com.br\/blog\/wp-json\/wp\/v2\/comments?post=135354"}],"version-history":[{"count":2,"href":"https:\/\/www.bil.com.br\/blog\/wp-json\/wp\/v2\/posts\/135354\/revisions"}],"predecessor-version":[{"id":135378,"href":"https:\/\/www.bil.com.br\/blog\/wp-json\/wp\/v2\/posts\/135354\/revisions\/135378"}],"wp:featuredmedia":[{"embeddable":true,"href":"https:\/\/www.bil.com.br\/blog\/wp-json\/wp\/v2\/media\/134769"}],"wp:attachment":[{"href":"https:\/\/www.bil.com.br\/blog\/wp-json\/wp\/v2\/media?parent=135354"}],"wp:term":[{"taxonomy":"category","embeddable":true,"href":"https:\/\/www.bil.com.br\/blog\/wp-json\/wp\/v2\/categories?post=135354"},{"taxonomy":"post_tag","embeddable":true,"href":"https:\/\/www.bil.com.br\/blog\/wp-json\/wp\/v2\/tags?post=135354"}],"curies":[{"name":"wp","href":"https:\/\/api.w.org\/{rel}","templated":true}]}}