{"id":135357,"date":"2026-05-27T13:29:48","date_gmt":"2026-05-27T13:29:48","guid":{"rendered":"https:\/\/www.bil.com.br\/blog\/?p=135357"},"modified":"2026-05-26T15:10:21","modified_gmt":"2026-05-26T15:10:21","slug":"como-os-pais-acompanham-os-filhos-durante-o-intercambio","status":"publish","type":"post","link":"https:\/\/www.bil.com.br\/blog\/como-os-pais-acompanham-os-filhos-durante-o-intercambio\/","title":{"rendered":"Como os pais acompanham os filhos durante o interc\u00e2mbio?"},"content":{"rendered":"<span class=\"span-reading-time rt-reading-time\" style=\"display: block;\"><span class=\"rt-label rt-prefix\">Tempo de Leitura: <\/span> <span class=\"rt-time\"> 4<\/span> <span class=\"rt-label rt-postfix\">minutos<\/span><\/span>\n<p class=\"wp-block-paragraph\">Uma das maiores inseguran\u00e7as das fam\u00edlias antes do interc\u00e2mbio n\u00e3o est\u00e1 relacionada ao avi\u00e3o, ao idioma ou \u00e0 escola, mas como os pais acompanham os filhos durante o interc\u00e2mbio.<\/p>\n\n\n\n<p class=\"wp-block-paragraph\">A pergunta que mais aparece costuma ser muito mais emocional:<br>\u201cComo vou acompanhar meu filho estando em outro pa\u00eds?\u201d<\/p>\n\n\n\n<p class=\"wp-block-paragraph\">E a verdade \u00e9 que<strong> o interc\u00e2mbio atual \u00e9 completamente diferente do que era anos atr\u00e1s.<\/strong><\/p>\n\n\n\n<p class=\"wp-block-paragraph\">Hoje, os pais conseguem acompanhar a experi\u00eancia dos filhos de forma muito mais pr\u00f3xima, segura e organizada,<strong> sem impedir que o estudante viva a independ\u00eancia necess\u00e1ria para amadurecer.<\/strong><\/p>\n\n\n\n<p class=\"wp-block-paragraph\">Existe comunica\u00e7\u00e3o constante, suporte local, acompanhamento da escola, contato com a BIL e uma rede inteira de apoio preparada para ajudar o aluno durante toda a jornada.<\/p>\n\n\n\n<p class=\"wp-block-paragraph\">O estudante viaja para crescer, mas isso n\u00e3o significa que a fam\u00edlia fica distante da experi\u00eancia.<\/p>\n\n\n\n<hr class=\"wp-block-separator has-alpha-channel-opacity\"\/>\n\n\n\n<h2 class=\"wp-block-heading\">O acompanhamento come\u00e7a muito antes do embarque<\/h2>\n\n\n\n<p class=\"wp-block-paragraph\">Um dos maiores erros \u00e9 imaginar que o suporte come\u00e7a apenas quando o aluno chega ao destino.<\/p>\n\n\n\n<p class=\"wp-block-paragraph\">Na realidade, o acompanhamento come\u00e7a ainda no Brasil. Na BIL Interc\u00e2mbios, toda a prepara\u00e7\u00e3o antes da viagem faz parte da experi\u00eancia.<\/p>\n\n\n\n<p class=\"wp-block-paragraph\">As fam\u00edlias recebem orienta\u00e7\u00f5es importantes sobre:<\/p>\n\n\n\n<ul class=\"wp-block-list\">\n<li>documenta\u00e7\u00e3o;<\/li>\n\n\n\n<li>rotina no exterior;<\/li>\n\n\n\n<li>adapta\u00e7\u00e3o cultural;<\/li>\n\n\n\n<li>seguran\u00e7a;<\/li>\n\n\n\n<li>comunica\u00e7\u00e3o;<\/li>\n\n\n\n<li>expectativas reais do programa;<\/li>\n\n\n\n<li>funcionamento da acomoda\u00e7\u00e3o;<\/li>\n\n\n\n<li>suporte local.<\/li>\n<\/ul>\n\n\n\n<p class=\"wp-block-paragraph\">Esse preparo reduz muito a ansiedade tanto dos pais quanto dos estudantes.<\/p>\n\n\n\n<p class=\"wp-block-paragraph\">Porque quando a fam\u00edlia entende como o programa funciona de verdade, o embarque deixa de parecer um \u201csalto no escuro\u201d e passa a transmitir muito mais confian\u00e7a.<\/p>\n\n\n\n<p class=\"wp-block-paragraph\">Ao longo de mais de 40 anos trabalhando com educa\u00e7\u00e3o internacional, a BIL acompanhou milhares de fam\u00edlias nesse processo e sabe que informa\u00e7\u00e3o gera tranquilidade.<\/p>\n\n\n\n<hr class=\"wp-block-separator has-alpha-channel-opacity\"\/>\n\n\n\n<h2 class=\"wp-block-heading\">Nos interc\u00e2mbios de f\u00e9rias em grupo, os alunos contam com supervis\u00e3o constante<\/h2>\n\n\n\n<p class=\"wp-block-paragraph\">Nos programas de f\u00e9rias teen, os estudantes n\u00e3o ficam largados no destino.<\/p>\n\n\n\n<p class=\"wp-block-paragraph\">Existe uma estrutura inteira acompanhando a rotina do grupo.<\/p>\n\n\n\n<p class=\"wp-block-paragraph\">Os alunos contam com:<\/p>\n\n\n\n<ul class=\"wp-block-list\">\n<li>guias da BIL;<\/li>\n\n\n\n<li>monitores locais;<\/li>\n\n\n\n<li>equipe da escola;<\/li>\n\n\n\n<li>suporte da acomoda\u00e7\u00e3o;<\/li>\n\n\n\n<li>organiza\u00e7\u00e3o das atividades e passeios.<\/li>\n<\/ul>\n\n\n\n<p class=\"wp-block-paragraph\">Al\u00e9m disso, existe acompanhamento durante:<\/p>\n\n\n\n<ul class=\"wp-block-list\">\n<li>refei\u00e7\u00f5es;<\/li>\n\n\n\n<li>deslocamentos;<\/li>\n\n\n\n<li>atividades programadas;<\/li>\n\n\n\n<li>passeios inclu\u00eddos no roteiro.<\/li>\n<\/ul>\n\n\n\n<p class=\"wp-block-paragraph\">Isso traz seguran\u00e7a n\u00e3o apenas para os adolescentes, mas tamb\u00e9m para os pais que est\u00e3o acompanhando tudo do Brasil.<\/p>\n\n\n\n<p class=\"wp-block-paragraph\">Outro ponto importante \u00e9 que <strong>os grupos costumam criar uma conex\u00e3o muito forte<\/strong> entre si.<\/p>\n\n\n\n<p class=\"wp-block-paragraph\">O estudante rapidamente passa a fazer parte de uma rotina ativa, din\u00e2mica e cheia de intera\u00e7\u00e3o, o que ajuda muito na adapta\u00e7\u00e3o emocional.<\/p>\n\n\n\n<hr class=\"wp-block-separator has-alpha-channel-opacity\"\/>\n\n\n\n<h2 class=\"wp-block-heading\">A comunica\u00e7\u00e3o com a fam\u00edlia continua acontecendo<\/h2>\n\n\n\n<p class=\"wp-block-paragraph\">Muitos pais ainda imaginam o interc\u00e2mbio como algo distante, sem not\u00edcias ou contato frequente.<\/p>\n\n\n\n<p class=\"wp-block-paragraph\">Mas hoje a realidade \u00e9 completamente diferente.<\/p>\n\n\n\n<p class=\"wp-block-paragraph\">Os estudantes conseguem conversar com a fam\u00edlia:<\/p>\n\n\n\n<ul class=\"wp-block-list\">\n<li>por mensagens;<\/li>\n\n\n\n<li>chamadas de v\u00eddeo;<\/li>\n\n\n\n<li>fotos;<\/li>\n\n\n\n<li>redes sociais;<\/li>\n\n\n\n<li>grupos de acompanhamento.<\/li>\n<\/ul>\n\n\n\n<p class=\"wp-block-paragraph\">Isso gera uma sensa\u00e7\u00e3o muito maior de proximidade.<\/p>\n\n\n\n<p class=\"wp-block-paragraph\">Ao mesmo tempo, tamb\u00e9m existe um equil\u00edbrio importante:<br>o estudante precisa <strong>viver a experi\u00eancia sem depender emocionalmente dos pais<\/strong> o tempo inteiro.<\/p>\n\n\n\n<p class=\"wp-block-paragraph\">Porque a independ\u00eancia faz parte do crescimento.<\/p>\n\n\n\n<p class=\"wp-block-paragraph\">E muitas vezes os pais tamb\u00e9m passam por um processo de adapta\u00e7\u00e3o emocional durante o interc\u00e2mbio dos filhos.<\/p>\n\n\n\n<hr class=\"wp-block-separator has-alpha-channel-opacity\"\/>\n\n\n\n<h2 class=\"wp-block-heading\">No High School, a rede de apoio \u00e9 ainda mais estruturada<\/h2>\n\n\n\n<p class=\"wp-block-paragraph\">Quando falamos de interc\u00e2mbios de longa dura\u00e7\u00e3o, como High School, o suporte costuma ser ainda mais completo.<\/p>\n\n\n\n<p class=\"wp-block-paragraph\">O estudante conta com:<\/p>\n\n\n\n<ul class=\"wp-block-list\">\n<li>host family;<\/li>\n\n\n\n<li>coordenador local;<\/li>\n\n\n\n<li>escola internacional;<\/li>\n\n\n\n<li>suporte da BIL;<\/li>\n\n\n\n<li>acompanhamento acad\u00eamico;<\/li>\n\n\n\n<li>orienta\u00e7\u00e3o emocional e cultural.<\/li>\n<\/ul>\n\n\n\n<p class=\"wp-block-paragraph\">Os pais conseguem acompanhar:<\/p>\n\n\n\n<ul class=\"wp-block-list\">\n<li>desempenho escolar;<\/li>\n\n\n\n<li>adapta\u00e7\u00e3o;<\/li>\n\n\n\n<li>rotina;<\/li>\n\n\n\n<li>participa\u00e7\u00e3o nas atividades;<\/li>\n\n\n\n<li>comunica\u00e7\u00e3o com a host family.<\/li>\n<\/ul>\n\n\n\n<p class=\"wp-block-paragraph\">E uma coisa importante:<br>o objetivo do High School n\u00e3o \u00e9 apenas estudar fora.<\/p>\n\n\n\n<p class=\"wp-block-paragraph\">\u00c9 desenvolver maturidade.<\/p>\n\n\n\n<p class=\"wp-block-paragraph\">Por isso, existe um equil\u00edbrio muito bem constru\u00eddo entre:<\/p>\n\n\n\n<ul class=\"wp-block-list\">\n<li>supervis\u00e3o;<\/li>\n\n\n\n<li>independ\u00eancia;<\/li>\n\n\n\n<li>responsabilidade;<\/li>\n\n\n\n<li>suporte.<\/li>\n<\/ul>\n\n\n\n<p class=\"wp-block-paragraph\">O aluno aprende a construir autonomia sem estar sozinho.<\/p>\n\n\n\n<hr class=\"wp-block-separator has-alpha-channel-opacity\"\/>\n\n\n\n<h2 class=\"wp-block-heading\">E nos cursos individuais? O aluno fica desamparado?<\/h2>\n\n\n\n<p class=\"wp-block-paragraph\">Essa \u00e9 outra d\u00favida muito comum.<\/p>\n\n\n\n<p class=\"wp-block-paragraph\">E a resposta \u00e9 n\u00e3o.<\/p>\n\n\n\n<p class=\"wp-block-paragraph\">Nos cursos individuais, <strong>o estudante embarca sozinho, mas continua contando com uma estrutura preparada <\/strong>para receber alunos internacionais.<\/p>\n\n\n\n<p class=\"wp-block-paragraph\">As escolas possuem:<\/p>\n\n\n\n<ul class=\"wp-block-list\">\n<li>monitoria;<\/li>\n\n\n\n<li>suporte acad\u00eamico;<\/li>\n\n\n\n<li>orienta\u00e7\u00e3o para estudantes;<\/li>\n\n\n\n<li>equipe preparada para ajudar em emerg\u00eancias ou d\u00favidas;<\/li>\n\n\n\n<li>acompanhamento da acomoda\u00e7\u00e3o.<\/li>\n<\/ul>\n\n\n\n<p class=\"wp-block-paragraph\">Al\u00e9m disso, os cursos individuais s\u00e3o indicados para estudantes a partir de 16 anos justamente porque exigem um pouco mais de autonomia.<\/p>\n\n\n\n<p class=\"wp-block-paragraph\">O aluno tem liberdade para conhecer a cidade, montar parte da pr\u00f3pria rotina e viver uma experi\u00eancia mais independente.<\/p>\n\n\n\n<p class=\"wp-block-paragraph\">Mas isso n\u00e3o significa aus\u00eancia de suporte.<\/p>\n\n\n\n<p class=\"wp-block-paragraph\">Muito pelo contr\u00e1rio.<\/p>\n\n\n\n<p class=\"wp-block-paragraph\">As escolas internacionais trabalham diariamente com estudantes do mundo inteiro e possuem experi\u00eancia em acolher adolescentes em adapta\u00e7\u00e3o cultural.<\/p>\n\n\n\n<p class=\"wp-block-paragraph\">Entenda melhor como funciona o embarque do adolescente sozinho: <strong><a href=\"https:\/\/www.bil.com.br\/blog\/meu-filho-e-muito-novo-para-viajar-sozinho\/\">https:\/\/www.bil.com.br\/blog\/meu-filho-e-muito-novo-para-viajar-sozinho\/<\/a><\/strong><\/p>\n\n\n\n<hr class=\"wp-block-separator has-alpha-channel-opacity\"\/>\n\n\n\n<h2 class=\"wp-block-heading\">Os pais tamb\u00e9m amadurecem durante o interc\u00e2mbio<\/h2>\n\n\n\n<p class=\"wp-block-paragraph\">Esse \u00e9 um ponto que poucas pessoas comentam.<\/p>\n\n\n\n<p class=\"wp-block-paragraph\">O interc\u00e2mbio transforma o estudante.<br>Mas tamb\u00e9m transforma a fam\u00edlia.<\/p>\n\n\n\n<p class=\"wp-block-paragraph\">Porque os pais come\u00e7am a enxergar os filhos de outra forma.<\/p>\n\n\n\n<p class=\"wp-block-paragraph\">Durante a experi\u00eancia, muitos percebem:<\/p>\n\n\n\n<ul class=\"wp-block-list\">\n<li>mais responsabilidade;<\/li>\n\n\n\n<li>mais autonomia;<\/li>\n\n\n\n<li>mais maturidade;<\/li>\n\n\n\n<li>mais confian\u00e7a;<\/li>\n\n\n\n<li>mais independ\u00eancia emocional.<\/li>\n<\/ul>\n\n\n\n<p class=\"wp-block-paragraph\">E isso costuma gerar um impacto muito forte.<\/p>\n\n\n\n<p class=\"wp-block-paragraph\">Existe um momento em que <strong>os pais entendem que o filho realmente est\u00e1 crescendo.<\/strong><\/p>\n\n\n\n<p class=\"wp-block-paragraph\">N\u00e3o apenas pela idade.<br>Mas pelas experi\u00eancias que est\u00e1 vivendo.<\/p>\n\n\n\n<p class=\"wp-block-paragraph\">\u00c9 por isso que tantos pais dizem que o interc\u00e2mbio \u201cmuda o aluno por dentro\u201d.<\/p>\n\n\n\n<p class=\"wp-block-paragraph\">Porque a transforma\u00e7\u00e3o vai muito al\u00e9m do ingl\u00eas.<\/p>\n\n\n\n<hr class=\"wp-block-separator has-alpha-channel-opacity\"\/>\n\n\n\n<h2 class=\"wp-block-heading\">Seguran\u00e7a n\u00e3o significa controlar cada minuto<\/h2>\n\n\n\n<p class=\"wp-block-paragraph\">Existe uma diferen\u00e7a importante entre acompanhar e controlar.<\/p>\n\n\n\n<p class=\"wp-block-paragraph\">Muitos pais chegam no interc\u00e2mbio querendo saber:<\/p>\n\n\n\n<ul class=\"wp-block-list\">\n<li>onde o filho est\u00e1 o tempo inteiro;<\/li>\n\n\n\n<li>cada passo do dia;<\/li>\n\n\n\n<li>cada decis\u00e3o tomada.<\/li>\n<\/ul>\n\n\n\n<p class=\"wp-block-paragraph\">Mas parte do crescimento acontece justamente quando o estudante come\u00e7a a desenvolver responsabilidade pr\u00f3pria.<\/p>\n\n\n\n<p class=\"wp-block-paragraph\">O papel do interc\u00e2mbio \u00e9 ensinar:<\/p>\n\n\n\n<ul class=\"wp-block-list\">\n<li>autonomia;<\/li>\n\n\n\n<li>tomada de decis\u00e3o;<\/li>\n\n\n\n<li>adapta\u00e7\u00e3o;<\/li>\n\n\n\n<li>responsabilidade emocional;<\/li>\n\n\n\n<li>independ\u00eancia.<\/li>\n<\/ul>\n\n\n\n<p class=\"wp-block-paragraph\">E isso s\u00f3 acontece quando existe espa\u00e7o para o aluno viver a experi\u00eancia de verdade.<\/p>\n\n\n\n<p class=\"wp-block-paragraph\">Por isso, os melhores programas conseguem equilibrar duas coisas fundamentais:<br>liberdade e seguran\u00e7a.<\/p>\n\n\n\n<p class=\"wp-block-paragraph\">O estudante sente que est\u00e1 conquistando independ\u00eancia.<br>E os pais sabem que existe uma estrutura acompanhando tudo de perto.<\/p>\n\n\n\n<hr class=\"wp-block-separator has-alpha-channel-opacity\"\/>\n\n\n\n<h2 class=\"wp-block-heading\">O interc\u00e2mbio aproxima muito mais do que afasta<\/h2>\n\n\n\n<p class=\"wp-block-paragraph\">Antes da viagem, muitos pais sentem medo da dist\u00e2ncia.<\/p>\n\n\n\n<p class=\"wp-block-paragraph\">Mas depois do interc\u00e2mbio, \u00e9 muito comum ouvir algo curioso:<br><em>\u201cparece que meu filho voltou mais pr\u00f3ximo da gente.\u201d<\/em><\/p>\n\n\n\n<p class=\"wp-block-paragraph\">Porque experi\u00eancias intensas criam amadurecimento emocional.<\/p>\n\n\n\n<p class=\"wp-block-paragraph\">O estudante aprende a valorizar:<\/p>\n\n\n\n<ul class=\"wp-block-list\">\n<li>a fam\u00edlia;<\/li>\n\n\n\n<li>a pr\u00f3pria casa;<\/li>\n\n\n\n<li>as rela\u00e7\u00f5es;<\/li>\n\n\n\n<li>o apoio que recebe.<\/li>\n<\/ul>\n\n\n\n<p class=\"wp-block-paragraph\">E os pais tamb\u00e9m passam a enxergar o filho com mais confian\u00e7a.<\/p>\n\n\n\n<p class=\"wp-block-paragraph\">Na BIL Interc\u00e2mbios, cada programa \u00e9 pensado justamente para unir:<\/p>\n\n\n\n<ul class=\"wp-block-list\">\n<li>seguran\u00e7a;<\/li>\n\n\n\n<li>suporte;<\/li>\n\n\n\n<li>acolhimento;<\/li>\n\n\n\n<li>independ\u00eancia;<\/li>\n\n\n\n<li>crescimento pessoal.<\/li>\n<\/ul>\n\n\n\n<p class=\"wp-block-paragraph\">Porque acompanhar um filho durante o interc\u00e2mbio n\u00e3o significa impedir que ele cres\u00e7a.<\/p>\n\n\n\n<p class=\"wp-block-paragraph\"><strong>Significa estar presente enquanto ele descobre o pr\u00f3prio mundo.<\/strong><\/p>\n\n\n\n<p class=\"wp-block-paragraph\"><\/p>\n\n\n\n<p class=\"wp-block-paragraph\">Quer saber mais informa\u00e7\u00f5es?&nbsp;<a href=\"https:\/\/bit.ly\/blogfalecomabil\" target=\"_blank\" rel=\"noopener\">https:\/\/bit.ly\/blogfalecomabil<\/a><\/p>\n\n\n\n<p class=\"wp-block-paragraph\"><\/p>\n","protected":false},"excerpt":{"rendered":"<p><span class=\"span-reading-time rt-reading-time\" style=\"display: block;\"><span class=\"rt-label rt-prefix\">Tempo de Leitura: <\/span> <span class=\"rt-time\"> 4<\/span> <span class=\"rt-label rt-postfix\">minutos<\/span><\/span>Uma das maiores inseguran\u00e7as das fam\u00edlias antes do interc\u00e2mbio n\u00e3o est\u00e1 relacionada ao avi\u00e3o, ao idioma ou \u00e0 escola, mas como os pais acompanham os filhos durante o interc\u00e2mbio. A pergunta que mais aparece costuma ser muito mais emocional:\u201cComo vou acompanhar meu filho estando em outro pa\u00eds?\u201d E a verdade \u00e9 que o interc\u00e2mbio atual [&hellip;]<\/p>\n","protected":false},"author":1,"featured_media":131272,"comment_status":"closed","ping_status":"open","sticky":false,"template":"","format":"standard","meta":{"om_disable_all_campaigns":false,"_monsterinsights_skip_tracking":false,"_monsterinsights_sitenote_active":false,"_monsterinsights_sitenote_note":"","_monsterinsights_sitenote_category":0,"_uf_show_specific_survey":0,"_uf_disable_surveys":false,"footnotes":""},"categories":[2,5,7],"tags":[98,76,940,30,18,77],"class_list":["post-135357","post","type-post","status-publish","format-standard","has-post-thumbnail","hentry","category-cursos-de-idiomas","category-ferias-teen","category-high-school","tag-bil-intercambios","tag-cursos-no-exterior","tag-custo-do-intercambio","tag-estudar-no-exterior","tag-intercambio","tag-planejamento"],"_links":{"self":[{"href":"https:\/\/www.bil.com.br\/blog\/wp-json\/wp\/v2\/posts\/135357","targetHints":{"allow":["GET"]}}],"collection":[{"href":"https:\/\/www.bil.com.br\/blog\/wp-json\/wp\/v2\/posts"}],"about":[{"href":"https:\/\/www.bil.com.br\/blog\/wp-json\/wp\/v2\/types\/post"}],"author":[{"embeddable":true,"href":"https:\/\/www.bil.com.br\/blog\/wp-json\/wp\/v2\/users\/1"}],"replies":[{"embeddable":true,"href":"https:\/\/www.bil.com.br\/blog\/wp-json\/wp\/v2\/comments?post=135357"}],"version-history":[{"count":2,"href":"https:\/\/www.bil.com.br\/blog\/wp-json\/wp\/v2\/posts\/135357\/revisions"}],"predecessor-version":[{"id":135361,"href":"https:\/\/www.bil.com.br\/blog\/wp-json\/wp\/v2\/posts\/135357\/revisions\/135361"}],"wp:featuredmedia":[{"embeddable":true,"href":"https:\/\/www.bil.com.br\/blog\/wp-json\/wp\/v2\/media\/131272"}],"wp:attachment":[{"href":"https:\/\/www.bil.com.br\/blog\/wp-json\/wp\/v2\/media?parent=135357"}],"wp:term":[{"taxonomy":"category","embeddable":true,"href":"https:\/\/www.bil.com.br\/blog\/wp-json\/wp\/v2\/categories?post=135357"},{"taxonomy":"post_tag","embeddable":true,"href":"https:\/\/www.bil.com.br\/blog\/wp-json\/wp\/v2\/tags?post=135357"}],"curies":[{"name":"wp","href":"https:\/\/api.w.org\/{rel}","templated":true}]}}