{"id":135360,"date":"2026-05-26T19:06:25","date_gmt":"2026-05-26T19:06:25","guid":{"rendered":"https:\/\/www.bil.com.br\/blog\/?p=135360"},"modified":"2026-05-26T19:06:26","modified_gmt":"2026-05-26T19:06:26","slug":"quais-os-beneficios-de-estudar-frances-em-paris","status":"publish","type":"post","link":"https:\/\/www.bil.com.br\/blog\/quais-os-beneficios-de-estudar-frances-em-paris\/","title":{"rendered":"Quais os benef\u00edcios de estudar franc\u00eas em Paris?"},"content":{"rendered":"<span class=\"span-reading-time rt-reading-time\" style=\"display: block;\"><span class=\"rt-label rt-prefix\">Tempo de Leitura: <\/span> <span class=\"rt-time\"> 4<\/span> <span class=\"rt-label rt-postfix\">minutos<\/span><\/span>\n<p class=\"wp-block-paragraph\">Quando as pessoas pensam em interc\u00e2mbio, o ingl\u00eas costuma ser o primeiro idioma que vem \u00e0 mente. Mas existe um movimento que cresce cada vez mais entre estudantes brasileiros: buscar um segundo idioma internacional que realmente fa\u00e7a diferen\u00e7a acad\u00eamica, cultural e profissional. Ent\u00e3o, \u00e9 exatamente a\u00ed que o franc\u00eas ganha destaque.<\/p>\n\n\n\n<p class=\"wp-block-paragraph\">Estudar franc\u00eas em Paris vai muito al\u00e9m de aprender gram\u00e1tica ou aumentar vocabul\u00e1rio. \u00c9 viver diariamente uma das cidades mais influentes do mundo em cultura, moda, arte, gastronomia, neg\u00f3cios e hist\u00f3ria.<\/p>\n\n\n\n<p class=\"wp-block-paragraph\">A experi\u00eancia acaba sendo uma imers\u00e3o completa.<\/p>\n\n\n\n<p class=\"wp-block-paragraph\">Voc\u00ea aprende dentro da sala de aula, no metr\u00f4, nos caf\u00e9s, nos museus, nos mercados, nas ruas e at\u00e9 nos pequenos momentos do cotidiano parisiense.<\/p>\n\n\n\n<p class=\"wp-block-paragraph\">E existe um detalhe importante: <strong>quem fala franc\u00eas naturalmente se destaca.<\/strong><\/p>\n\n\n\n<p class=\"wp-block-paragraph\">Enquanto o ingl\u00eas j\u00e1 \u00e9 esperado no mercado global, o franc\u00eas ainda funciona como um diferencial competitivo muito forte em diversas \u00e1reas profissionais e acad\u00eamicas.<\/p>\n\n\n\n<hr class=\"wp-block-separator has-alpha-channel-opacity\"\/>\n\n\n\n<h1 class=\"wp-block-heading\">Por que estudar franc\u00eas pode abrir tantas portas?<\/h1>\n\n\n\n<p class=\"wp-block-paragraph\">O franc\u00eas est\u00e1 entre os idiomas mais importantes do mundo.<\/p>\n\n\n\n<p class=\"wp-block-paragraph\">Ele \u00e9 falado em dezenas de pa\u00edses e possui enorme relev\u00e2ncia internacional em:<\/p>\n\n\n\n<ul class=\"wp-block-list\">\n<li>neg\u00f3cios;<\/li>\n\n\n\n<li>rela\u00e7\u00f5es internacionais;<\/li>\n\n\n\n<li>turismo;<\/li>\n\n\n\n<li>moda;<\/li>\n\n\n\n<li>gastronomia;<\/li>\n\n\n\n<li>diplomacia;<\/li>\n\n\n\n<li>artes;<\/li>\n\n\n\n<li>universidades internacionais.<\/li>\n<\/ul>\n\n\n\n<p class=\"wp-block-paragraph\">Al\u00e9m disso, muitas empresas valorizam profissionais multil\u00edngues justamente porque dominar um terceiro idioma demonstra:<\/p>\n\n\n\n<ul class=\"wp-block-list\">\n<li>capacidade de adapta\u00e7\u00e3o;<\/li>\n\n\n\n<li>desenvolvimento cultural;<\/li>\n\n\n\n<li>facilidade de comunica\u00e7\u00e3o;<\/li>\n\n\n\n<li>experi\u00eancia internacional;<\/li>\n\n\n\n<li>repert\u00f3rio global.<\/li>\n<\/ul>\n\n\n\n<p class=\"wp-block-paragraph\">Mas, existe um ponto que muitos estudantes percebem depois de come\u00e7ar:<br>o franc\u00eas possui uma sonoridade elegante, forte presen\u00e7a cultural e uma conex\u00e3o enorme com o universo art\u00edstico e intelectual.<\/p>\n\n\n\n<p class=\"wp-block-paragraph\">Por isso que aprender franc\u00eas em Paris n\u00e3o \u00e9 apenas estudar uma l\u00edngua. \u00c9 mergulhar em uma cultura extremamente rica.<\/p>\n\n\n\n<hr class=\"wp-block-separator has-alpha-channel-opacity\"\/>\n\n\n\n<h1 class=\"wp-block-heading\">Paris transforma a experi\u00eancia do idioma<\/h1>\n\n\n\n<p class=\"wp-block-paragraph\">Existe uma diferen\u00e7a enorme entre estudar franc\u00eas no Brasil e viver o idioma na Fran\u00e7a.<\/p>\n\n\n\n<p class=\"wp-block-paragraph\">Em Paris, o estudante passa a ter contato constante com o idioma:<\/p>\n\n\n\n<ul class=\"wp-block-list\">\n<li>nas placas;<\/li>\n\n\n\n<li>nos restaurantes;<\/li>\n\n\n\n<li>nas lojas;<\/li>\n\n\n\n<li>no transporte p\u00fablico;<\/li>\n\n\n\n<li>nas conversas do dia a dia;<\/li>\n\n\n\n<li>nos passeios culturais.<\/li>\n<\/ul>\n\n\n\n<p class=\"wp-block-paragraph\">O c\u00e9rebro come\u00e7a naturalmente a se adaptar.<\/p>\n\n\n\n<p class=\"wp-block-paragraph\">Ent\u00e3o, \u00e9 exatamente essa imers\u00e3o que acelera a flu\u00eancia. Com o tempo, o aluno deixa de traduzir mentalmente e come\u00e7a a pensar em franc\u00eas.<\/p>\n\n\n\n<p class=\"wp-block-paragraph\">Al\u00e9m disso, Paris oferece algo que poucas cidades conseguem unir ao mesmo tempo:<br>hist\u00f3ria, modernidade, arte, vida cultural intensa e uma atmosfera internacional extremamente forte.<\/p>\n\n\n\n<p class=\"wp-block-paragraph\">\u00c9 o tipo de destino onde cada caminhada parece parte da experi\u00eancia.<\/p>\n\n\n\n<hr class=\"wp-block-separator has-alpha-channel-opacity\"\/>\n\n\n\n<h1 class=\"wp-block-heading\">Uma escola no cora\u00e7\u00e3o hist\u00f3rico de Paris<\/h1>\n\n\n\n<p class=\"wp-block-paragraph\">Outro diferencial importante da experi\u00eancia \u00e9 a localiza\u00e7\u00e3o da escola.<\/p>\n\n\n\n<p class=\"wp-block-paragraph\">As aulas acontecem em um pr\u00e9dio hist\u00f3rico, no cora\u00e7\u00e3o de Paris, cercado por alguns dos lugares mais ic\u00f4nicos da cidade.<\/p>\n\n\n\n<p class=\"wp-block-paragraph\">A nossa escola parceira de Paris fica pr\u00f3xima:<\/p>\n\n\n\n<ul class=\"wp-block-list\">\n<li>do Louvre;<\/li>\n\n\n\n<li>da Pra\u00e7a Vend\u00f4me;<\/li>\n\n\n\n<li>da \u00d3pera;<\/li>\n\n\n\n<li>do sofisticado bairro Saint-Honor\u00e9;<\/li>\n\n\n\n<li>do Marais;<\/li>\n\n\n\n<li>de Les Halles;<\/li>\n\n\n\n<li>do Centro Pompidou;<\/li>\n\n\n\n<li>de Notre-Dame.<\/li>\n<\/ul>\n\n\n\n<p class=\"wp-block-paragraph\">Al\u00e9m disso, o acesso ao metr\u00f4 \u00e9 extremamente f\u00e1cil, com esta\u00e7\u00f5es importantes muito pr\u00f3ximas da escola, como:<\/p>\n\n\n\n<ul class=\"wp-block-list\">\n<li>Tuileries;<\/li>\n\n\n\n<li>Concorde;<\/li>\n\n\n\n<li>Op\u00e9ra;<\/li>\n\n\n\n<li>Pyramides.<\/li>\n<\/ul>\n\n\n\n<p class=\"wp-block-paragraph\">Na pr\u00e1tica, o estudante consegue explorar Paris inteira com facilidade, logo isso faz muita diferen\u00e7a no dia a dia do interc\u00e2mbio.<\/p>\n\n\n\n<hr class=\"wp-block-separator has-alpha-channel-opacity\"\/>\n\n\n\n<h1 class=\"wp-block-heading\">Muito al\u00e9m das aulas: viver Paris de verdade<\/h1>\n\n\n\n<p class=\"wp-block-paragraph\">A experi\u00eancia internacional n\u00e3o fica limitada \u00e0 sala de aula.<\/p>\n\n\n\n<p class=\"wp-block-paragraph\">A escola organiza um programa social semanal criado justamente para ajudar os alunos a:<\/p>\n\n\n\n<ul class=\"wp-block-list\">\n<li>conhecer a cidade;<\/li>\n\n\n\n<li>praticar franc\u00eas;<\/li>\n\n\n\n<li>fazer amizades internacionais;<\/li>\n\n\n\n<li>viver a cultura local.<\/li>\n<\/ul>\n\n\n\n<p class=\"wp-block-paragraph\">Visto que o mais interessante \u00e9 que o foco n\u00e3o est\u00e1 apenas nos pontos tur\u00edsticos tradicionais.<\/p>\n\n\n\n<p class=\"wp-block-paragraph\">Por isso, a proposta \u00e9 mostrar a Paris de verdade.<\/p>\n\n\n\n<p class=\"wp-block-paragraph\">Os estudantes acabam descobrindo:<\/p>\n\n\n\n<ul class=\"wp-block-list\">\n<li>caf\u00e9s locais;<\/li>\n\n\n\n<li>bairros hist\u00f3ricos;<\/li>\n\n\n\n<li>pequenas galerias;<\/li>\n\n\n\n<li>mercados;<\/li>\n\n\n\n<li>restaurantes t\u00edpicos;<\/li>\n\n\n\n<li>eventos culturais;<\/li>\n\n\n\n<li>lugares frequentados pelos pr\u00f3prios franceses.<\/li>\n<\/ul>\n\n\n\n<p class=\"wp-block-paragraph\">Isso deixa a experi\u00eancia muito mais aut\u00eantica e imersiva.<\/p>\n\n\n\n<p class=\"wp-block-paragraph\">Al\u00e9m disso, a escola possui professores altamente qualificados, salas modernas com lousas interativas e suporte acad\u00eamico constante para acompanhar o desenvolvimento dos alunos.<\/p>\n\n\n\n<p class=\"wp-block-paragraph\">Outro ponto forte \u00e9 o acolhimento.<\/p>\n\n\n\n<p class=\"wp-block-paragraph\">O suporte ao estudante internacional \u00e9 um dos grandes diferenciais da escola, com acompanhamento acad\u00eamico e pessoal dispon\u00edvel sempre que necess\u00e1rio.<\/p>\n\n\n\n<hr class=\"wp-block-separator has-alpha-channel-opacity\"\/>\n\n\n\n<h1 class=\"wp-block-heading\">Estudar franc\u00eas tamb\u00e9m impacta a vida profissional<\/h1>\n\n\n\n<p class=\"wp-block-paragraph\">Muita gente associa o franc\u00eas apenas ao turismo ou \u00e0 cultura.<\/p>\n\n\n\n<p class=\"wp-block-paragraph\">Mas a realidade \u00e9 muito maior.<\/p>\n\n\n\n<p class=\"wp-block-paragraph\">Hoje, profissionais que dominam mais de um idioma acabam se destacando em:<\/p>\n\n\n\n<ul class=\"wp-block-list\">\n<li>multinacionais;<\/li>\n\n\n\n<li>universidades internacionais;<\/li>\n\n\n\n<li>programas acad\u00eamicos;<\/li>\n\n\n\n<li>processos seletivos;<\/li>\n\n\n\n<li>carreiras globais.<\/li>\n<\/ul>\n\n\n\n<p class=\"wp-block-paragraph\">Al\u00e9m disso, existe uma diferen\u00e7a importante: o franc\u00eas ainda \u00e9 um diferencial menos comum.<\/p>\n\n\n\n<p class=\"wp-block-paragraph\">Portanto, <strong>isso faz com que o idioma tenha um peso muito forte no curr\u00edculo.<\/strong><\/p>\n\n\n\n<p class=\"wp-block-paragraph\">Al\u00e9m disso, viver um interc\u00e2mbio na Fran\u00e7a demonstra:<\/p>\n\n\n\n<ul class=\"wp-block-list\">\n<li>independ\u00eancia;<\/li>\n\n\n\n<li>adapta\u00e7\u00e3o cultural;<\/li>\n\n\n\n<li>maturidade;<\/li>\n\n\n\n<li>experi\u00eancia internacional;<\/li>\n\n\n\n<li>capacidade de comunica\u00e7\u00e3o multicultural.<\/li>\n<\/ul>\n\n\n\n<p class=\"wp-block-paragraph\">Ou seja:<br>n\u00e3o \u00e9 apenas sobre aprender franc\u00eas.<br>\u00c9 sobre construir um perfil internacional muito mais forte.<\/p>\n\n\n\n<hr class=\"wp-block-separator has-alpha-channel-opacity\"\/>\n\n\n\n<h1 class=\"wp-block-heading\">Pacote de interc\u00e2mbio em Paris<\/h1>\n\n\n\n<p class=\"wp-block-paragraph\">Para quem deseja viver essa experi\u00eancia, n\u00f3s separamos um pacote incr\u00edvel de 2 semanas em Paris, para tirar esse sonho do papel.<\/p>\n\n\n\n<p class=\"wp-block-paragraph\">O interc\u00e2mbio inclui:<\/p>\n\n\n\n<ul class=\"wp-block-list\">\n<li>curso de franc\u00eas;<\/li>\n\n\n\n<li>material did\u00e1tico;<\/li>\n\n\n\n<li>acomoda\u00e7\u00e3o em casa de fam\u00edlia;<\/li>\n\n\n\n<li>quarto individual;<\/li>\n\n\n\n<li>caf\u00e9 da manh\u00e3;<\/li>\n\n\n\n<li>taxas.<\/li>\n<\/ul>\n\n\n\n<p class=\"wp-block-paragraph\"><strong>&#x1f4b0; Investimento:<\/strong><br>Entrada de <strong>R$ 1.508<\/strong> + <strong>10x de R$ 760<\/strong> no boleto.<\/p>\n\n\n\n<p class=\"wp-block-paragraph\">A acomoda\u00e7\u00e3o em casa de fam\u00edlia tamb\u00e9m faz muita diferen\u00e7a no desenvolvimento do idioma, j\u00e1 que o estudante continua praticando franc\u00eas mesmo fora da escola e vivencia muito mais da cultura local.<\/p>\n\n\n\n<hr class=\"wp-block-separator has-alpha-channel-opacity\"\/>\n\n\n\n<h1 class=\"wp-block-heading\">Paris continua sendo um dos destinos mais desejados do mundo<\/h1>\n\n\n\n<p class=\"wp-block-paragraph\">Existem cidades que simplesmente marcam as pessoas e claro que Paris faz parte desse grupo.<\/p>\n\n\n\n<p class=\"wp-block-paragraph\">Porque estudar na capital francesa n\u00e3o significa apenas fazer um curso de idiomas.<\/p>\n\n\n\n<p class=\"wp-block-paragraph\">\u00c9 viver:<\/p>\n\n\n\n<ul class=\"wp-block-list\">\n<li>uma das cidades mais ic\u00f4nicas do mundo;<\/li>\n\n\n\n<li>uma cultura extremamente rica;<\/li>\n\n\n\n<li>uma rotina internacional;<\/li>\n\n\n\n<li>uma experi\u00eancia de independ\u00eancia;<\/li>\n\n\n\n<li>uma imers\u00e3o completa no franc\u00eas.<\/li>\n<\/ul>\n\n\n\n<p class=\"wp-block-paragraph\">Na BIL Interc\u00e2mbios, acreditamos que <strong>aprender um novo idioma tamb\u00e9m \u00e9 abrir portas para novas vers\u00f5es de si mesmo.<\/strong><\/p>\n\n\n\n<p class=\"wp-block-paragraph\">E quando essa experi\u00eancia acontece em Paris, ela se torna ainda mais inesquec\u00edvel.<\/p>\n\n\n\n<p class=\"wp-block-paragraph\"><\/p>\n\n\n\n<p class=\"wp-block-paragraph\">Quer saber mais informa\u00e7\u00f5es?&nbsp;<a href=\"https:\/\/bit.ly\/blogfalecomabil\" target=\"_blank\" rel=\"noopener\">https:\/\/bit.ly\/blogfalecomabil<\/a><\/p>\n\n\n\n<p class=\"wp-block-paragraph\"><\/p>\n","protected":false},"excerpt":{"rendered":"<p><span class=\"span-reading-time rt-reading-time\" style=\"display: block;\"><span class=\"rt-label rt-prefix\">Tempo de Leitura: <\/span> <span class=\"rt-time\"> 4<\/span> <span class=\"rt-label rt-postfix\">minutos<\/span><\/span>Quando as pessoas pensam em interc\u00e2mbio, o ingl\u00eas costuma ser o primeiro idioma que vem \u00e0 mente. Mas existe um movimento que cresce cada vez mais entre estudantes brasileiros: buscar um segundo idioma internacional que realmente fa\u00e7a diferen\u00e7a acad\u00eamica, cultural e profissional. Ent\u00e3o, \u00e9 exatamente a\u00ed que o franc\u00eas ganha destaque. Estudar franc\u00eas em Paris [&hellip;]<\/p>\n","protected":false},"author":1,"featured_media":86255,"comment_status":"closed","ping_status":"open","sticky":false,"template":"","format":"standard","meta":{"om_disable_all_campaigns":false,"_monsterinsights_skip_tracking":false,"_monsterinsights_sitenote_active":false,"_monsterinsights_sitenote_note":"","_monsterinsights_sitenote_category":0,"_uf_show_specific_survey":0,"_uf_disable_surveys":false,"footnotes":""},"categories":[2],"tags":[748,98,76,940,373,30,946,18,749,77],"class_list":["post-135360","post","type-post","status-publish","format-standard","has-post-thumbnail","hentry","category-cursos-de-idiomas","tag-aprender-frances","tag-bil-intercambios","tag-cursos-no-exterior","tag-custo-do-intercambio","tag-estudar-frances","tag-estudar-no-exterior","tag-franca","tag-intercambio","tag-paris","tag-planejamento"],"_links":{"self":[{"href":"https:\/\/www.bil.com.br\/blog\/wp-json\/wp\/v2\/posts\/135360","targetHints":{"allow":["GET"]}}],"collection":[{"href":"https:\/\/www.bil.com.br\/blog\/wp-json\/wp\/v2\/posts"}],"about":[{"href":"https:\/\/www.bil.com.br\/blog\/wp-json\/wp\/v2\/types\/post"}],"author":[{"embeddable":true,"href":"https:\/\/www.bil.com.br\/blog\/wp-json\/wp\/v2\/users\/1"}],"replies":[{"embeddable":true,"href":"https:\/\/www.bil.com.br\/blog\/wp-json\/wp\/v2\/comments?post=135360"}],"version-history":[{"count":2,"href":"https:\/\/www.bil.com.br\/blog\/wp-json\/wp\/v2\/posts\/135360\/revisions"}],"predecessor-version":[{"id":135363,"href":"https:\/\/www.bil.com.br\/blog\/wp-json\/wp\/v2\/posts\/135360\/revisions\/135363"}],"wp:featuredmedia":[{"embeddable":true,"href":"https:\/\/www.bil.com.br\/blog\/wp-json\/wp\/v2\/media\/86255"}],"wp:attachment":[{"href":"https:\/\/www.bil.com.br\/blog\/wp-json\/wp\/v2\/media?parent=135360"}],"wp:term":[{"taxonomy":"category","embeddable":true,"href":"https:\/\/www.bil.com.br\/blog\/wp-json\/wp\/v2\/categories?post=135360"},{"taxonomy":"post_tag","embeddable":true,"href":"https:\/\/www.bil.com.br\/blog\/wp-json\/wp\/v2\/tags?post=135360"}],"curies":[{"name":"wp","href":"https:\/\/api.w.org\/{rel}","templated":true}]}}