{"id":135552,"date":"2026-06-24T17:44:07","date_gmt":"2026-06-24T17:44:07","guid":{"rendered":"https:\/\/www.bil.com.br\/blog\/?p=135552"},"modified":"2026-06-26T20:25:08","modified_gmt":"2026-06-26T20:25:08","slug":"o-que-levar-na-mala-do-intercambio-high-school","status":"publish","type":"post","link":"https:\/\/www.bil.com.br\/blog\/o-que-levar-na-mala-do-intercambio-high-school\/","title":{"rendered":"O que levar na mala do interc\u00e2mbio High School?"},"content":{"rendered":"<span class=\"span-reading-time rt-reading-time\" style=\"display: block;\"><span class=\"rt-label rt-prefix\">Tempo de Leitura: <\/span> <span class=\"rt-time\"> 5<\/span> <span class=\"rt-label rt-postfix\">minutos<\/span><\/span>\n<p class=\"wp-block-paragraph\">Uma das etapas mais emocionantes da prepara\u00e7\u00e3o para um interc\u00e2mbio High School acontece quando chega a hora de fazer as malas. Afinal, \u00e9 nesse momento que muitos estudantes percebem que a viagem est\u00e1 realmente pr\u00f3xima.<\/p>\n\n\n\n<p class=\"wp-block-paragraph\">Ao mesmo tempo, essa costuma ser uma das maiores fontes de d\u00favidas para pais e adolescentes. Quantas malas levar? Quais roupas fazem sentido? Vale a pena encher a bagagem? O que n\u00e3o pode faltar?<\/p>\n\n\n\n<p class=\"wp-block-paragraph\">Depois de mais de 40 anos acompanhando estudantes em programas de High School nos Estados Unidos, Canad\u00e1 e Europa, uma orienta\u00e7\u00e3o aparece constantemente entre aqueles que tiveram as experi\u00eancias mais tranquilas: <strong>menos \u00e9 mais.<\/strong><\/p>\n\n\n\n<p class=\"wp-block-paragraph\">Pode parecer estranho no in\u00edcio, principalmente para quem vai passar meses fora de casa. Por\u00e9m, entender como funciona a rotina no exterior ajuda bastante na hora de decidir o que realmente merece espa\u00e7o dentro da mala.<\/p>\n\n\n\n<hr class=\"wp-block-separator has-alpha-channel-opacity\"\/>\n\n\n\n<h2 class=\"wp-block-heading\">Comece a pensar na mala com anteced\u00eancia<\/h2>\n\n\n\n<p class=\"wp-block-paragraph\">Um dos erros mais comuns \u00e9 deixar tudo para os \u00faltimos dias antes do embarque.<\/p>\n\n\n\n<p class=\"wp-block-paragraph\">Quando isso acontece, a tend\u00eancia \u00e9 colocar roupas, objetos e acess\u00f3rios sem muito crit\u00e9rio, apenas por medo de esquecer alguma coisa.<\/p>\n\n\n\n<p class=\"wp-block-paragraph\">A prepara\u00e7\u00e3o da mala faz parte da experi\u00eancia do interc\u00e2mbio. Ela ajuda o estudante a imaginar sua nova rotina, refletir sobre o clima do destino e come\u00e7ar a construir mentalmente a vida que ter\u00e1 durante os pr\u00f3ximos meses.<\/p>\n\n\n\n<p class=\"wp-block-paragraph\">Por isso, o ideal \u00e9 <strong>iniciar essa organiza\u00e7\u00e3o algumas semanas antes<\/strong> da viagem.<\/p>\n\n\n\n<p class=\"wp-block-paragraph\">Separar itens aos poucos permite avaliar o que realmente ser\u00e1 \u00fatil e evita excesso de peso ou compras desnecess\u00e1rias.<\/p>\n\n\n\n<hr class=\"wp-block-separator has-alpha-channel-opacity\"\/>\n\n\n\n<h2 class=\"wp-block-heading\">Uma mala cheia nem sempre \u00e9 uma boa ideia<\/h2>\n\n\n\n<p class=\"wp-block-paragraph\">Muitos estudantes acreditam que precisam levar tudo o que usam no Brasil.<\/p>\n\n\n\n<p class=\"wp-block-paragraph\">Na pr\u00e1tica, isso raramente funciona.<\/p>\n\n\n\n<p class=\"wp-block-paragraph\">Durante o interc\u00e2mbio, a rotina muda, o clima muda, os h\u00e1bitos mudam e at\u00e9 o estilo de roupa utilizado no dia a dia costuma mudar. Al\u00e9m disso, praticamente todos os estudantes acabam comprando roupas, cal\u00e7ados e acess\u00f3rios durante a experi\u00eancia.<\/p>\n\n\n\n<p class=\"wp-block-paragraph\">Outro fator importante \u00e9 que os interc\u00e2mbios de High School envolve lavagem frequente de roupas. Como voc\u00ea estar\u00e1 morando em outro pa\u00eds, secadoras fazem parte da rotina.<\/p>\n\n\n\n<p class=\"wp-block-paragraph\">Por isso, n\u00e3o existe necessidade de levar roupas suficientes para meses inteiros.<\/p>\n\n\n\n<p class=\"wp-block-paragraph\">O estudante usar\u00e1 v\u00e1rias pe\u00e7as repetidamente ao longo do programa, exatamente como acontece com qualquer jovem local.<\/p>\n\n\n\n<hr class=\"wp-block-separator has-alpha-channel-opacity\"\/>\n\n\n\n<h2 class=\"wp-block-heading\">Pense na vida que voc\u00ea ter\u00e1 l\u00e1, n\u00e3o na que tem aqui<\/h2>\n\n\n\n<p class=\"wp-block-paragraph\">Essa talvez seja a dica mais importante de todas.<\/p>\n\n\n\n<p class=\"wp-block-paragraph\">Ao fazer a mala, muitos adolescentes escolhem roupas pensando na rotina atual no Brasil. O problema \u00e9 que <strong>a vida durante o interc\u00e2mbio ser\u00e1 completamente diferente.<\/strong><\/p>\n\n\n\n<p class=\"wp-block-paragraph\">Quem mora em uma cidade quente pode acabar enfrentando neve. Quem costuma frequentar determinados ambientes talvez descubra que sua rotina passar\u00e1 a girar em torno da escola, dos esportes, da fam\u00edlia hospedeira e das atividades locais.<\/p>\n\n\n\n<p class=\"wp-block-paragraph\">Por isso, vale a pena imaginar situa\u00e7\u00f5es concretas.<\/p>\n\n\n\n<p class=\"wp-block-paragraph\">Como ser\u00e1 o caminho at\u00e9 a escola? Como as pessoas da comunidade costumam se vestir? Qual ser\u00e1 a temperatura predominante? Que atividades fazem parte da rotina daquela regi\u00e3o?<\/p>\n\n\n\n<p class=\"wp-block-paragraph\">Essas perguntas ajudam muito mais do que simplesmente olhar o guarda-roupa e tentar levar tudo.<\/p>\n\n\n\n<hr class=\"wp-block-separator has-alpha-channel-opacity\"\/>\n\n\n\n<h2 class=\"wp-block-heading\">Roupas para frio merecem aten\u00e7\u00e3o especial<\/h2>\n\n\n\n<p class=\"wp-block-paragraph\">Independentemente do destino, uma pe\u00e7a costuma aparecer em praticamente todas as orienta\u00e7\u00f5es para intercambistas: uma boa jaqueta.<\/p>\n\n\n\n<p class=\"wp-block-paragraph\">Mesmo estudantes que embarcam durante per\u00edodos mais amenos podem enfrentar mudan\u00e7as bruscas de temperatura ao longo do programa.<\/p>\n\n\n\n<p class=\"wp-block-paragraph\">Levar uma jaqueta de qualidade, uma roupa t\u00e9rmica e um cal\u00e7ado adequado para temperaturas mais baixas faz diferen\u00e7a principalmente nos primeiros dias.<\/p>\n\n\n\n<p class=\"wp-block-paragraph\">Depois da chegada, o estudante poder\u00e1 comprar itens espec\u00edficos para o clima local, muitas vezes <strong>mais adequados do que aqueles encontrados no Brasil.<\/strong><\/p>\n\n\n\n<p class=\"wp-block-paragraph\">Ainda assim, desembarcar j\u00e1 preparado para enfrentar o frio traz muito mais conforto durante a adapta\u00e7\u00e3o inicial.<\/p>\n\n\n\n<hr class=\"wp-block-separator has-alpha-channel-opacity\"\/>\n\n\n\n<h2 class=\"wp-block-heading\">N\u00e3o esque\u00e7a uma roupa social<\/h2>\n\n\n\n<p class=\"wp-block-paragraph\">Esse \u00e9 um detalhe que muitos estudantes s\u00f3 percebem quando j\u00e1 est\u00e3o no exterior.<\/p>\n\n\n\n<p class=\"wp-block-paragraph\">Ao longo do interc\u00e2mbio podem surgir eventos que exigem uma apresenta\u00e7\u00e3o um pouco mais formal. Festas escolares, cerim\u00f4nias, celebra\u00e7\u00f5es religiosas, eventos da comunidade e at\u00e9 ocasi\u00f5es familiares podem pedir uma roupa diferente da utilizada no dia a dia.<\/p>\n\n\n\n<p class=\"wp-block-paragraph\">N\u00e3o \u00e9 necess\u00e1rio levar um guarda-roupa completo para essas situa\u00e7\u00f5es.<\/p>\n\n\n\n<p class=\"wp-block-paragraph\">Uma camisa social, uma cal\u00e7a mais arrumada ou um vestido adequado costumam resolver praticamente qualquer necessidade.<\/p>\n\n\n\n<p class=\"wp-block-paragraph\">Ter essa op\u00e7\u00e3o dispon\u00edvel evita correria e gastos inesperados quando surge algum compromisso especial.<\/p>\n\n\n\n<hr class=\"wp-block-separator has-alpha-channel-opacity\"\/>\n\n\n\n<h2 class=\"wp-block-heading\">A bagagem de m\u00e3o merece planejamento<\/h2>\n\n\n\n<p class=\"wp-block-paragraph\">Al\u00e9m da mala despachada, o estudante deve pensar cuidadosamente naquilo que levar\u00e1 consigo durante o voo.<\/p>\n\n\n\n<p class=\"wp-block-paragraph\">Uma recomenda\u00e7\u00e3o extremamente importante \u00e9 <strong>separar uma troca completa de roupa na mochila.<\/strong><\/p>\n\n\n\n<p class=\"wp-block-paragraph\">Caso aconte\u00e7a algum atraso na entrega da bagagem ou algum imprevisto durante a viagem, essa simples precau\u00e7\u00e3o faz toda a diferen\u00e7a.<\/p>\n\n\n\n<p class=\"wp-block-paragraph\">Tamb\u00e9m vale a pena manter documentos, eletr\u00f4nicos, medicamentos de uso cont\u00ednuo e objetos importantes sempre na bagagem de m\u00e3o.<\/p>\n\n\n\n<p class=\"wp-block-paragraph\">Itens de valor financeiro ou sentimental jamais devem ser colocados na mala despachada.<\/p>\n\n\n\n<p class=\"wp-block-paragraph\">Joias, equipamentos eletr\u00f4nicos e lembran\u00e7as especiais precisam permanecer com o estudante durante toda a viagem.<\/p>\n\n\n\n<hr class=\"wp-block-separator has-alpha-channel-opacity\"\/>\n\n\n\n<h2 class=\"wp-block-heading\">Presentes para a fam\u00edlia hospedeira s\u00e3o uma \u00f3tima ideia<\/h2>\n\n\n\n<p class=\"wp-block-paragraph\">Embora n\u00e3o sejam obrigat\u00f3rios, <strong>pequenos presentes costumam ser muito bem recebidos pelas fam\u00edlias hospedeiras.<\/strong><\/p>\n\n\n\n<p class=\"wp-block-paragraph\">O objetivo n\u00e3o \u00e9 impressionar pelo valor financeiro, mas compartilhar um pouco da cultura brasileira.<\/p>\n\n\n\n<p class=\"wp-block-paragraph\">Produtos t\u00edpicos, lembran\u00e7as regionais, artesanato, doces tradicionais ou objetos que representem o Brasil costumam fazer bastante sucesso.<\/p>\n\n\n\n<p class=\"wp-block-paragraph\">Esse gesto ajuda a criar uma conex\u00e3o inicial e demonstra carinho pela oportunidade de conviv\u00eancia que est\u00e1 come\u00e7ando.<\/p>\n\n\n\n<p class=\"wp-block-paragraph\">Al\u00e9m disso, muitos estudantes relatam que a troca de presentes se transforma em um momento muito especial durante os primeiros dias na nova casa.<\/p>\n\n\n\n<hr class=\"wp-block-separator has-alpha-channel-opacity\"\/>\n\n\n\n<h2 class=\"wp-block-heading\">Alguns itens simples fazem muita diferen\u00e7a<\/h2>\n\n\n\n<p class=\"wp-block-paragraph\">Entre tantas preocupa\u00e7\u00f5es, existem objetos pequenos que costumam ser esquecidos e acabam fazendo falta.<\/p>\n\n\n\n<p class=\"wp-block-paragraph\">Adaptadores de tomada est\u00e3o entre eles.<\/p>\n\n\n\n<p class=\"wp-block-paragraph\">Levar pelo menos um <strong>adaptador compat\u00edvel com o pa\u00eds de destino evita transtornos<\/strong> logo ap\u00f3s a chegada.<\/p>\n\n\n\n<p class=\"wp-block-paragraph\">Tamb\u00e9m \u00e9 interessante embarcar com um caderno, estojo b\u00e1sico e materiais suficientes para os primeiros dias de aula. O restante poder\u00e1 ser comprado posteriormente, de acordo com as necessidades espec\u00edficas das disciplinas escolhidas.<\/p>\n\n\n\n<p class=\"wp-block-paragraph\">Outro item bastante recomendado \u00e9 um porta-retrato ou alguma lembran\u00e7a da fam\u00edlia.<\/p>\n\n\n\n<p class=\"wp-block-paragraph\">Ter um pequeno elemento que remeta \u00e0 casa ajuda muitos estudantes durante os primeiros momentos de adapta\u00e7\u00e3o.<\/p>\n\n\n\n<hr class=\"wp-block-separator has-alpha-channel-opacity\"\/>\n\n\n\n<h2 class=\"wp-block-heading\">O estudante precisa participar da pr\u00f3pria mala<\/h2>\n\n\n\n<p class=\"wp-block-paragraph\">Existe uma cena bastante comum antes dos embarques: pais organizando tudo enquanto o estudante apenas observa.<\/p>\n\n\n\n<p class=\"wp-block-paragraph\">Embora a ajuda da fam\u00edlia seja importante, o ideal \u00e9 que <strong>o adolescente participe ativamente desse processo.<\/strong><\/p>\n\n\n\n<p class=\"wp-block-paragraph\">Afinal, ser\u00e1 ele quem precisar\u00e1 encontrar suas roupas, organizar seus pertences e administrar sua rotina no exterior.<\/p>\n\n\n\n<p class=\"wp-block-paragraph\">Montar a pr\u00f3pria mala representa um dos primeiros exerc\u00edcios de independ\u00eancia do interc\u00e2mbio.<\/p>\n\n\n\n<p class=\"wp-block-paragraph\">Pode parecer um detalhe simples, mas faz parte da constru\u00e7\u00e3o da autonomia que ser\u00e1 t\u00e3o importante ao longo dos meses seguintes.<\/p>\n\n\n\n<hr class=\"wp-block-separator has-alpha-channel-opacity\"\/>\n\n\n\n<h2 class=\"wp-block-heading\">A melhor mala \u00e9 aquela que facilita sua adapta\u00e7\u00e3o<\/h2>\n\n\n\n<figure class=\"wp-block-embed is-type-video is-provider-youtube wp-block-embed-youtube wp-embed-aspect-16-9 wp-has-aspect-ratio\"><div class=\"wp-block-embed__wrapper\">\n<iframe title=\"O que levar na mala do interc\u00e2mbio?\" width=\"800\" height=\"450\" src=\"https:\/\/www.youtube.com\/embed\/nhye0bwubsk?feature=oembed&#038;enablejsapi=1&#038;origin=https:\/\/www.bil.com.br\" frameborder=\"0\" allow=\"accelerometer; autoplay; clipboard-write; encrypted-media; gyroscope; picture-in-picture; web-share\" referrerpolicy=\"strict-origin-when-cross-origin\" allowfullscreen><\/iframe>\n<\/div><\/figure>\n\n\n\n<p class=\"wp-block-paragraph\">N\u00e3o existe uma lista perfeita capaz de atender todos os estudantes.<\/p>\n\n\n\n<p class=\"wp-block-paragraph\">Cada destino, cada programa e cada perfil exigem adapta\u00e7\u00f5es diferentes. Ainda assim, existe uma regra que funciona praticamente sempre:<strong> levar apenas aquilo que realmente far\u00e1 sentido para sua nova rotina.<\/strong><\/p>\n\n\n\n<p class=\"wp-block-paragraph\">Quando a bagagem \u00e9 organizada com consci\u00eancia, o estudante chega mais preparado, mais leve e mais focado naquilo que realmente importa.<\/p>\n\n\n\n<p class=\"wp-block-paragraph\">Na BIL Interc\u00e2mbios, acompanhamos estudantes h\u00e1 mais de 40 anos e vemos constantemente que os melhores embarques n\u00e3o s\u00e3o aqueles com as malas mais cheias. S\u00e3o aqueles em que o jovem entende que a experi\u00eancia ser\u00e1 constru\u00edda muito mais pelas pessoas, pelas descobertas e pelos aprendizados do que pela quantidade de coisas que conseguiu levar consigo.<\/p>\n\n\n\n<p class=\"wp-block-paragraph\"><\/p>\n\n\n\n<p class=\"wp-block-paragraph\"><\/p>\n\n\n\n<p class=\"wp-block-paragraph\">Quer saber mais informa\u00e7\u00f5es? <a href=\"https:\/\/bil.com.br\/atendimento\/?utm_source=Blog&amp;utm_medium=Materia&amp;utm_campaign=Blogbil\" type=\"link\" id=\"https:\/\/bil.com.br\/atendimento\/?utm_source=Blog&amp;utm_medium=Materia&amp;utm_campaign=Blogbil\" target=\"_blank\" rel=\"noopener\">Fale com a gente!<\/a><\/p>\n\n\n\n<p class=\"wp-block-paragraph\"><\/p>\n","protected":false},"excerpt":{"rendered":"<p><span class=\"span-reading-time rt-reading-time\" style=\"display: block;\"><span class=\"rt-label rt-prefix\">Tempo de Leitura: <\/span> <span class=\"rt-time\"> 5<\/span> <span class=\"rt-label rt-postfix\">minutos<\/span><\/span>Uma das etapas mais emocionantes da prepara\u00e7\u00e3o para um interc\u00e2mbio High School acontece quando chega a hora de fazer as malas. Afinal, \u00e9 nesse momento que muitos estudantes percebem que a viagem est\u00e1 realmente pr\u00f3xima. Ao mesmo tempo, essa costuma ser uma das maiores fontes de d\u00favidas para pais e adolescentes. Quantas malas levar? Quais [&hellip;]<\/p>\n","protected":false},"author":1,"featured_media":135515,"comment_status":"closed","ping_status":"open","sticky":false,"template":"","format":"standard","meta":{"om_disable_all_campaigns":false,"_monsterinsights_skip_tracking":false,"_monsterinsights_sitenote_active":false,"_monsterinsights_sitenote_note":"","_monsterinsights_sitenote_category":0,"_uf_show_specific_survey":0,"_uf_disable_surveys":false,"footnotes":""},"categories":[7],"tags":[98,76,940,30,57,934,18,765,77],"class_list":["post-135552","post","type-post","status-publish","format-standard","has-post-thumbnail","hentry","category-high-school","tag-bil-intercambios","tag-cursos-no-exterior","tag-custo-do-intercambio","tag-estudar-no-exterior","tag-high-school","tag-high-school-no-exterior","tag-intercambio","tag-mala-de-intercambio","tag-planejamento"],"_links":{"self":[{"href":"https:\/\/www.bil.com.br\/blog\/wp-json\/wp\/v2\/posts\/135552","targetHints":{"allow":["GET"]}}],"collection":[{"href":"https:\/\/www.bil.com.br\/blog\/wp-json\/wp\/v2\/posts"}],"about":[{"href":"https:\/\/www.bil.com.br\/blog\/wp-json\/wp\/v2\/types\/post"}],"author":[{"embeddable":true,"href":"https:\/\/www.bil.com.br\/blog\/wp-json\/wp\/v2\/users\/1"}],"replies":[{"embeddable":true,"href":"https:\/\/www.bil.com.br\/blog\/wp-json\/wp\/v2\/comments?post=135552"}],"version-history":[{"count":3,"href":"https:\/\/www.bil.com.br\/blog\/wp-json\/wp\/v2\/posts\/135552\/revisions"}],"predecessor-version":[{"id":135597,"href":"https:\/\/www.bil.com.br\/blog\/wp-json\/wp\/v2\/posts\/135552\/revisions\/135597"}],"wp:featuredmedia":[{"embeddable":true,"href":"https:\/\/www.bil.com.br\/blog\/wp-json\/wp\/v2\/media\/135515"}],"wp:attachment":[{"href":"https:\/\/www.bil.com.br\/blog\/wp-json\/wp\/v2\/media?parent=135552"}],"wp:term":[{"taxonomy":"category","embeddable":true,"href":"https:\/\/www.bil.com.br\/blog\/wp-json\/wp\/v2\/categories?post=135552"},{"taxonomy":"post_tag","embeddable":true,"href":"https:\/\/www.bil.com.br\/blog\/wp-json\/wp\/v2\/tags?post=135552"}],"curies":[{"name":"wp","href":"https:\/\/api.w.org\/{rel}","templated":true}]}}