{"id":135887,"date":"2026-08-25T18:57:17","date_gmt":"2026-08-25T18:57:17","guid":{"rendered":"https:\/\/www.bil.com.br\/blog\/?p=135887"},"modified":"2026-08-25T18:57:18","modified_gmt":"2026-08-25T18:57:18","slug":"ferias-teen-2027","status":"publish","type":"post","link":"https:\/\/www.bil.com.br\/blog\/ferias-teen-2027\/","title":{"rendered":"F\u00e9rias teen: interc\u00e2mbio para adolescentes 2027"},"content":{"rendered":"<span class=\"span-reading-time rt-reading-time\" style=\"display: block;\"><span class=\"rt-label rt-prefix\">Tempo de Leitura: <\/span> <span class=\"rt-time\"> 5<\/span> <span class=\"rt-label rt-postfix\">minutos<\/span><\/span>\n<p class=\"wp-block-paragraph\">As f\u00e9rias teen 2027 podem ser muito mais do que descanso: podem ser o in\u00edcio de uma experi\u00eancia internacional que muda a forma como seu filho ou filha enxerga o mundo. O <strong>F\u00e9rias Teen<\/strong> \u00e9 o programa da BIL Interc\u00e2mbios pensado especialmente para adolescentes de 11 a 17 anos que querem aproveitar as f\u00e9rias aprendendo um novo idioma, vivendo em outro pa\u00eds e criando amizades de v\u00e1rias nacionalidades, tudo isso com acompanhamento profissional do in\u00edcio ao fim.<\/p>\n\n\n\n<p class=\"wp-block-paragraph\">Se voc\u00ea \u00e9 pai, m\u00e3e ou respons\u00e1vel e est\u00e1 pesquisando um <strong>interc\u00e2mbio para adolescentes<\/strong> seguro e bem estruturado para 2027, este guia re\u00fane o que voc\u00ea precisa saber: como o programa funciona, quais destinos est\u00e3o dispon\u00edveis, quanto custa em linhas gerais, o que est\u00e1 incluso, como se preparar e quais cuidados tomar antes de fechar a viagem.<\/p>\n\n\n\n<h3 class=\"wp-block-heading\">O que \u00e9 o F\u00e9rias Teen<\/h3>\n\n\n\n<p class=\"wp-block-paragraph\">O F\u00e9rias Teen \u00e9 um interc\u00e2mbio de curta dura\u00e7\u00e3o, geralmente entre uma e quatro semanas, voltado exclusivamente para o p\u00fablico adolescente. Diferente de programas mais longos como o High School, que envolve um semestre ou ano letivo completo no exterior, o F\u00e9rias Teen foi desenhado para caber no per\u00edodo de f\u00e9rias escolares, sem interromper o calend\u00e1rio de aulas no Brasil. Isso o torna uma porta de entrada natural para fam\u00edlias que querem testar a experi\u00eancia de interc\u00e2mbio antes de considerar um programa mais longo no futuro.<\/p>\n\n\n\n<p class=\"wp-block-paragraph\">Os grupos viajam acompanhados por guias e coordenadores brasileiros, o que d\u00e1 tranquilidade tanto para os pais quanto para adolescentes que ainda n\u00e3o se sentem prontos para uma viagem individual. A rotina do programa combina aulas de idioma pela manh\u00e3, atividades culturais durante a semana e passeios tur\u00edsticos nos fins de semana, um equil\u00edbrio entre aprendizado e lazer que costuma ser um dos grandes atrativos do formato.<\/p>\n\n\n\n<p class=\"wp-block-paragraph\">A BIL Interc\u00e2mbios j\u00e1 embarcou mais de 15.200 alunos em programas voltados para adolescentes, com uma trajet\u00f3ria de mais de quatro d\u00e9cadas nesse tipo de viagem. Essa bagagem se traduz em processos bem estabelecidos: sele\u00e7\u00e3o criteriosa de institui\u00e7\u00f5es parceiras, protocolos de seguran\u00e7a testados e uma rede de coordenadores que conhece de perto cada destino oferecido. <a href=\"https:\/\/bil.com.br\/informativo-ferias-teen\/\" target=\"_blank\" rel=\"noopener\">Bil<\/a><\/p>\n\n\n\n<h3 class=\"wp-block-heading\">Por que considerar o F\u00e9rias Teen para 2027<\/h3>\n\n\n\n<p class=\"wp-block-paragraph\">A adolesc\u00eancia \u00e9 um per\u00edodo decisivo para o desenvolvimento da autonomia, da confian\u00e7a e da vis\u00e3o de mundo. Um interc\u00e2mbio de curta dura\u00e7\u00e3o, mesmo com poucas semanas, costuma gerar impactos que v\u00e3o muito al\u00e9m do dom\u00ednio do idioma:<\/p>\n\n\n\n<ul class=\"wp-block-list\">\n<li><strong>Autonomia real:<\/strong> o adolescente aprende a se organizar, tomar pequenas decis\u00f5es e lidar com situa\u00e7\u00f5es novas longe da rotina familiar.<\/li>\n\n\n\n<li><strong>Imers\u00e3o lingu\u00edstica:<\/strong> praticar o idioma no dia a dia acelera o aprendizado de uma forma que a sala de aula tradicional dificilmente alcan\u00e7a.<\/li>\n\n\n\n<li><strong>Conviv\u00eancia multicultural:<\/strong> os grupos costumam reunir jovens de diferentes pa\u00edses, o que amplia a percep\u00e7\u00e3o sobre outras culturas e formas de pensar.<\/li>\n\n\n\n<li><strong>Prepara\u00e7\u00e3o para o futuro:<\/strong> para quem j\u00e1 pensa em um interc\u00e2mbio mais longo, como o High School, ou mesmo em estudar no exterior na faculdade, o F\u00e9rias Teen funciona como um primeiro contato valioso com essa realidade.<\/li>\n<\/ul>\n\n\n\n<h3 class=\"wp-block-heading\">Para quem \u00e9 o programa<\/h3>\n\n\n\n<p class=\"wp-block-paragraph\">O F\u00e9rias Teen 2027 \u00e9 indicado para adolescentes que:<\/p>\n\n\n\n<ul class=\"wp-block-list\">\n<li>T\u00eam entre 11 e 17 anos<\/li>\n\n\n\n<li>Querem praticar um idioma na pr\u00e1tica, fora da sala de aula tradicional<\/li>\n\n\n\n<li>V\u00e3o viajar pela primeira vez sozinhos, mas ainda com o conforto de um grupo<\/li>\n\n\n\n<li>T\u00eam interesse em conhecer outras culturas durante o per\u00edodo de f\u00e9rias<\/li>\n\n\n\n<li>J\u00e1 demonstram algum n\u00edvel de independ\u00eancia para atividades do dia a dia (organiza\u00e7\u00e3o pessoal, cuidados b\u00e1sicos, conv\u00edvio em grupo)<\/li>\n<\/ul>\n\n\n\n<p class=\"wp-block-paragraph\">N\u00e3o \u00e9 necess\u00e1rio flu\u00eancia no idioma para participar, existem turmas para diferentes n\u00edveis, do b\u00e1sico ao avan\u00e7ado, o que torna o programa acess\u00edvel mesmo para quem est\u00e1 come\u00e7ando a estudar o idioma agora.<\/p>\n\n\n\n<h3 class=\"wp-block-heading\">Destinos e modalidades para 2027<\/h3>\n\n\n\n<p class=\"wp-block-paragraph\">Os roteiros variam de temporada para temporada, mas costumam incluir destinos como Canad\u00e1, Estados Unidos, Inglaterra, Malta e Su\u00ed\u00e7a, entre outros. Al\u00e9m dos programas culturais tradicionais, a BIL tamb\u00e9m oferece op\u00e7\u00f5es tem\u00e1ticas, pensadas para diferentes perfis de adolescentes:<\/p>\n\n\n\n<h4 class=\"wp-block-heading\">F\u00e9rias Teen Culturais<\/h4>\n\n\n\n<p class=\"wp-block-paragraph\">Foco em imers\u00e3o no idioma (ingl\u00eas, espanhol, franc\u00eas ou alem\u00e3o) combinado com atividades culturais e passeios tur\u00edsticos, em institui\u00e7\u00f5es reconhecidas no exterior. \u00c9 a modalidade mais tradicional e indicada para quem busca uma experi\u00eancia mais generalista, sem um tema espec\u00edfico.<\/p>\n\n\n\n<h4 class=\"wp-block-heading\">F\u00e9rias Teen Esportes<\/h4>\n\n\n\n<p class=\"wp-block-paragraph\">Para adolescentes que querem unir aprendizado de idioma com a pr\u00e1tica de um esporte, com treinos conduzidos por equipes especializadas e vocabul\u00e1rio aplicado ao universo esportivo. Ao final, o estudante recebe um relat\u00f3rio de acompanhamento e evolu\u00e7\u00e3o no esporte escolhido, al\u00e9m do certificado do curso de idioma.<\/p>\n\n\n\n<h4 class=\"wp-block-heading\">F\u00e9rias Teen Carreiras<\/h4>\n\n\n\n<p class=\"wp-block-paragraph\">Voltado a quem j\u00e1 tem ingl\u00eas intermedi\u00e1rio ou avan\u00e7ado e quer ir al\u00e9m do idioma, com contato direto com profissionais de diferentes \u00e1reas em workshops e semin\u00e1rios. \u00c9 uma boa op\u00e7\u00e3o para adolescentes que j\u00e1 t\u00eam alguma dire\u00e7\u00e3o profissional em mente e querem explorar isso na pr\u00e1tica, em um ambiente internacional.<\/p>\n\n\n\n<h4 class=\"wp-block-heading\">Roteiros combinados<\/h4>\n\n\n\n<p class=\"wp-block-paragraph\">Alguns programas oferecem extens\u00f5es, como uma cidade principal combinada a um destino complementar, unindo duas experi\u00eancias em uma \u00fanica viagem, o que amplia o repert\u00f3rio cultural do adolescente sem exigir uma segunda viagem.<\/p>\n\n\n\n<figure class=\"wp-block-image size-large is-resized\"><a href=\"https:\/\/www.bil.com.br\/blog\/wp-content\/uploads\/2026\/08\/DAY-2-2.jpeg\"><img fetchpriority=\"high\" decoding=\"async\" width=\"768\" height=\"1024\" src=\"https:\/\/www.bil.com.br\/blog\/wp-content\/uploads\/2026\/08\/DAY-2-2-768x1024-1.jpeg\" alt=\"f\u00e9rias teen 2027\" class=\"wp-image-135888\" style=\"width:592px;height:auto\" srcset=\"https:\/\/www.bil.com.br\/blog\/wp-content\/uploads\/2026\/08\/DAY-2-2-768x1024-1.jpeg 768w, https:\/\/www.bil.com.br\/blog\/wp-content\/uploads\/2026\/08\/DAY-2-2-225x300.jpeg 225w, https:\/\/www.bil.com.br\/blog\/wp-content\/uploads\/2026\/08\/DAY-2-2-1152x1536.jpeg 1152w, https:\/\/www.bil.com.br\/blog\/wp-content\/uploads\/2026\/08\/DAY-2-2.jpeg 1200w\" sizes=\"(max-width: 768px) 100vw, 768px\" \/><\/a><\/figure>\n\n\n\n<h3 class=\"wp-block-heading\">O que est\u00e1 inclu\u00eddo no programa<\/h3>\n\n\n\n<p class=\"wp-block-paragraph\">De forma geral, os pacotes do F\u00e9rias Teen contemplam:<\/p>\n\n\n\n<ul class=\"wp-block-list\">\n<li>Aulas de idioma em institui\u00e7\u00f5es parceiras no exterior<\/li>\n\n\n\n<li>Hospedagem (em campus universit\u00e1rio ou casa de fam\u00edlia, dependendo do destino)<\/li>\n\n\n\n<li>Alimenta\u00e7\u00e3o inclusa<\/li>\n\n\n\n<li>Passeios culturais durante a semana e excurs\u00f5es nos fins de semana<\/li>\n\n\n\n<li>Acompanhamento de guias e coordenadores brasileiros<\/li>\n\n\n\n<li>Material did\u00e1tico<\/li>\n\n\n\n<li>Documenta\u00e7\u00e3o para solicita\u00e7\u00e3o de visto, quando aplic\u00e1vel<\/li>\n\n\n\n<li>Suporte da equipe BIL antes, durante e depois da viagem<\/li>\n<\/ul>\n\n\n\n<p class=\"wp-block-paragraph\">Vale refor\u00e7ar: os itens inclusos podem variar de acordo com o destino e a modalidade escolhida, por isso \u00e9 importante confirmar o detalhamento completo do roteiro com um consultor antes de fechar a viagem.<\/p>\n\n\n\n<h3 class=\"wp-block-heading\">Como funciona a inscri\u00e7\u00e3o<\/h3>\n\n\n\n<p class=\"wp-block-paragraph\">O processo come\u00e7a com uma conversa com um especialista da BIL para entender o perfil do adolescente, o destino de interesse e o per\u00edodo dispon\u00edvel nas f\u00e9rias de 2027. A partir da\u00ed, a equipe apresenta as op\u00e7\u00f5es de roteiro, valores e formas de pagamento.<\/p>\n\n\n\n<p class=\"wp-block-paragraph\">De modo geral, o passo a passo segue esta ordem:<\/p>\n\n\n\n<ol class=\"wp-block-list\">\n<li><strong>Consultoria inicial:<\/strong> conversa gratuita para entender o perfil do adolescente e as expectativas da fam\u00edlia.<\/li>\n\n\n\n<li><strong>Escolha do destino e modalidade:<\/strong> com base no idioma desejado, or\u00e7amento e interesses do jovem.<\/li>\n\n\n\n<li><strong>Formaliza\u00e7\u00e3o da inscri\u00e7\u00e3o:<\/strong> reserva da vaga e organiza\u00e7\u00e3o da documenta\u00e7\u00e3o necess\u00e1ria.<\/li>\n\n\n\n<li><strong>Prepara\u00e7\u00e3o pr\u00e9-embarque:<\/strong> orienta\u00e7\u00f5es sobre bagagem, documentos, sa\u00fade e o que esperar da viagem.<\/li>\n\n\n\n<li><strong>Acompanhamento durante o programa:<\/strong> suporte da equipe BIL e dos coordenadores locais ao longo de toda a estadia.<\/li>\n<\/ol>\n\n\n\n<p class=\"wp-block-paragraph\">Vale lembrar que os grupos costumam ser reduzidos e as vagas se esgotam com anteced\u00eancia, principalmente nos destinos mais procurados, por isso, quem j\u00e1 sabe que quer viajar em 2027 costuma se planejar com bastante anteced\u00eancia.<\/p>\n\n\n<div id=\"rank-math-faq\" class=\"rank-math-block\">\n<div class=\"rank-math-list \">\n<div id=\"faq-question-1787684054835\" class=\"rank-math-list-item\">\n<h3 class=\"rank-math-question \"><strong>Qual a idade m\u00ednima e m\u00e1xima para o F\u00e9rias Teen?<\/strong><\/h3>\n<div class=\"rank-math-answer \">\n\n<p>O programa \u00e9 voltado para adolescentes de 11 a 17 anos, com turmas organizadas por faixa et\u00e1ria e n\u00edvel de idioma.<\/p>\n\n<\/div>\n<\/div>\n<div id=\"faq-question-1787684077764\" class=\"rank-math-list-item\">\n<h3 class=\"rank-math-question \"><strong>O adolescente viaja sozinho ou acompanhado?<\/strong><\/h3>\n<div class=\"rank-math-answer \">\n\n<p>Os grupos viajam com acompanhamento de guias e coordenadores durante todo o programa, o que traz mais seguran\u00e7a para quem est\u00e1 viajando pela primeira vez.<\/p>\n\n<\/div>\n<\/div>\n<div id=\"faq-question-1787684124350\" class=\"rank-math-list-item\">\n<h3 class=\"rank-math-question \"><strong>Quanto tempo dura o interc\u00e2mbio F\u00e9rias Teen?<\/strong><\/h3>\n<div class=\"rank-math-answer \">\n\n<p>A dura\u00e7\u00e3o varia por roteiro, mas normalmente vai de uma a quatro semanas, encaixando-se no per\u00edodo de f\u00e9rias escolares.<\/p>\n\n<\/div>\n<\/div>\n<div id=\"faq-question-1787684165947\" class=\"rank-math-list-item\">\n<h3 class=\"rank-math-question \"><strong>\u00c9 preciso j\u00e1 falar o idioma para participar?<\/strong><\/h3>\n<div class=\"rank-math-answer \">\n\n<p>N\u00e3o. Existem turmas para diferentes n\u00edveis, do b\u00e1sico ao avan\u00e7ado, ent\u00e3o o adolescente pode participar mesmo come\u00e7ando do zero.<\/p>\n\n<\/div>\n<\/div>\n<div id=\"faq-question-1787684185472\" class=\"rank-math-list-item\">\n<h3 class=\"rank-math-question \"><strong>Quais destinos est\u00e3o dispon\u00edveis para o F\u00e9rias Teen 2027?<\/strong><\/h3>\n<div class=\"rank-math-answer \">\n\n<p>Os roteiros costumam incluir pa\u00edses como Canad\u00e1, Estados Unidos, Inglaterra, Malta e Su\u00ed\u00e7a, com op\u00e7\u00f5es que combinam idioma, cultura, esporte ou carreira.<\/p>\n\n<\/div>\n<\/div>\n<\/div>\n<\/div>\n\n\n<h3 class=\"wp-block-heading\">Garanta a vaga do seu filho nas f\u00e9rias de 2027<\/h3>\n\n\n\n<p class=\"wp-block-paragraph\">Com mais de 40 anos de experi\u00eancia em interc\u00e2mbio para adolescentes, a BIL Interc\u00e2mbios acompanha sua fam\u00edlia em cada etapa: da escolha do destino ao retorno para casa. Fale com um especialista, conhe\u00e7a os roteiros completos do F\u00e9rias Teen 2027 e garanta a vaga antes que as turmas se esgotem.<\/p>\n\n\n\n<p class=\"wp-block-paragraph\">&#x1f4de; (11) 3595-8200 | &#x2709;&#xfe0f; <a href=\"mailto:info@bil.com.br\">info@bil.com.br<\/a><\/p>\n\n\n\n<p class=\"wp-block-paragraph\"><\/p>\n","protected":false},"excerpt":{"rendered":"<p><span class=\"span-reading-time rt-reading-time\" style=\"display: block;\"><span class=\"rt-label rt-prefix\">Tempo de Leitura: <\/span> <span class=\"rt-time\"> 5<\/span> <span class=\"rt-label rt-postfix\">minutos<\/span><\/span>As f\u00e9rias teen 2027 podem ser muito mais do que descanso: podem ser o in\u00edcio de uma experi\u00eancia internacional que muda a forma como seu filho ou filha enxerga o mundo. O F\u00e9rias Teen \u00e9 o programa da BIL Interc\u00e2mbios pensado especialmente para adolescentes de 11 a 17 anos que querem aproveitar as f\u00e9rias aprendendo [&hellip;]<\/p>\n","protected":false},"author":14,"featured_media":135889,"comment_status":"open","ping_status":"open","sticky":false,"template":"","format":"standard","meta":{"om_disable_all_campaigns":false,"_monsterinsights_skip_tracking":false,"_monsterinsights_sitenote_active":false,"_monsterinsights_sitenote_note":"","_monsterinsights_sitenote_category":0,"_uf_show_specific_survey":0,"_uf_disable_surveys":false,"footnotes":""},"categories":[5],"tags":[98,76,406,30,303,18],"class_list":["post-135887","post","type-post","status-publish","format-standard","has-post-thumbnail","hentry","category-ferias-teen","tag-bil-intercambios","tag-cursos-no-exterior","tag-dicas-da-bil","tag-estudar-no-exterior","tag-ferias-teen","tag-intercambio"],"_links":{"self":[{"href":"https:\/\/www.bil.com.br\/blog\/wp-json\/wp\/v2\/posts\/135887","targetHints":{"allow":["GET"]}}],"collection":[{"href":"https:\/\/www.bil.com.br\/blog\/wp-json\/wp\/v2\/posts"}],"about":[{"href":"https:\/\/www.bil.com.br\/blog\/wp-json\/wp\/v2\/types\/post"}],"author":[{"embeddable":true,"href":"https:\/\/www.bil.com.br\/blog\/wp-json\/wp\/v2\/users\/14"}],"replies":[{"embeddable":true,"href":"https:\/\/www.bil.com.br\/blog\/wp-json\/wp\/v2\/comments?post=135887"}],"version-history":[{"count":1,"href":"https:\/\/www.bil.com.br\/blog\/wp-json\/wp\/v2\/posts\/135887\/revisions"}],"predecessor-version":[{"id":135890,"href":"https:\/\/www.bil.com.br\/blog\/wp-json\/wp\/v2\/posts\/135887\/revisions\/135890"}],"wp:featuredmedia":[{"embeddable":true,"href":"https:\/\/www.bil.com.br\/blog\/wp-json\/wp\/v2\/media\/135889"}],"wp:attachment":[{"href":"https:\/\/www.bil.com.br\/blog\/wp-json\/wp\/v2\/media?parent=135887"}],"wp:term":[{"taxonomy":"category","embeddable":true,"href":"https:\/\/www.bil.com.br\/blog\/wp-json\/wp\/v2\/categories?post=135887"},{"taxonomy":"post_tag","embeddable":true,"href":"https:\/\/www.bil.com.br\/blog\/wp-json\/wp\/v2\/tags?post=135887"}],"curies":[{"name":"wp","href":"https:\/\/api.w.org\/{rel}","templated":true}]}}