{"id":135912,"date":"2026-09-01T18:31:16","date_gmt":"2026-09-01T18:31:16","guid":{"rendered":"https:\/\/www.bil.com.br\/blog\/?p=135912"},"modified":"2026-09-02T16:45:46","modified_gmt":"2026-09-02T16:45:46","slug":"intercambio-ferias-julho-2027","status":"publish","type":"post","link":"https:\/\/www.bil.com.br\/blog\/intercambio-ferias-julho-2027\/","title":{"rendered":"Interc\u00e2mbio f\u00e9rias julho 2027: destinos e programas para adolescentes"},"content":{"rendered":"<span class=\"span-reading-time rt-reading-time\" style=\"display: block;\"><span class=\"rt-label rt-prefix\">Tempo de Leitura: <\/span> <span class=\"rt-time\"> 4<\/span> <span class=\"rt-label rt-postfix\">minutos<\/span><\/span>\n<p class=\"wp-block-paragraph\">As inscri\u00e7\u00f5es para o <strong>interc\u00e2mbio f\u00e9rias julho 2027<\/strong> j\u00e1 est\u00e3o abertas, e julho segue sendo a janela mais procurada por fam\u00edlias que querem aproveitar o recesso escolar do meio do ano para colocar o filho em um programa de imers\u00e3o no exterior. N\u00e3o \u00e9 por acaso: julho concentra f\u00e9rias em praticamente todas as escolas do Brasil, o que facilita o planejamento e evita que o adolescente perca conte\u00fado letivo.<\/p>\n\n\n\n<p class=\"wp-block-paragraph\">Com a demanda alta nessa \u00e9poca, os destinos mais procurados costumam esgotar as vagas com meses de anteced\u00eancia, por isso, quem est\u00e1 considerando um programa de f\u00e9rias teen para 2027 j\u00e1 pode come\u00e7ar a se planejar agora. Neste guia, reunimos os principais destinos dispon\u00edveis para julho de 2027 e o que diferencia cada um deles.<\/p>\n\n\n\n<h3 class=\"wp-block-heading\">Por que fazer interc\u00e2mbio f\u00e9rias julho 2027<\/h3>\n\n\n\n<p class=\"wp-block-paragraph\">Julho \u00e9, historicamente, o m\u00eas em que a maior parte das escolas brasileiras entra em recesso, o que faz da <strong>f\u00e9rias teen julho<\/strong> a op\u00e7\u00e3o mais simples de encaixar no calend\u00e1rio familiar sem precisar tirar o adolescente da sala de aula. Al\u00e9m da conveni\u00eancia de datas, o meio do ano tamb\u00e9m costuma ter clima mais ameno em destinos do hemisf\u00e9rio norte, o que torna a experi\u00eancia ainda mais agrad\u00e1vel para quem est\u00e1 indo para lugares como Londres, Nova York ou Vancouver.<\/p>\n\n\n\n<p class=\"wp-block-paragraph\">Outro ponto importante: como julho \u00e9 alta temporada para interc\u00e2mbio, os programas contam com turmas maiores e mais internacionais, o que amplia o contato do adolescente com jovens de outras nacionalidades, um dos aspectos mais valiosos da experi\u00eancia, junto da pr\u00e1tica do idioma.<\/p>\n\n\n\n<h3 class=\"wp-block-heading\">Destinos dispon\u00edveis para o interc\u00e2mbio adolescente em julho de 2027<\/h3>\n\n\n\n<h4 class=\"wp-block-heading\">Londres<\/h4>\n\n\n\n<p class=\"wp-block-paragraph\">O programa em Londres combina <strong>2 semanas de curso de ingl\u00eas<\/strong> hospedado no King&#8217;s College London, com op\u00e7\u00e3o de estender a viagem por mais <strong>4 dias em Paris<\/strong>. O roteiro passa por pontos tur\u00edsticos de Londres, Cambridge, Windsor e os Harry Potter Studios, uma combina\u00e7\u00e3o de aprendizado e cultura que costuma ser a porta de entrada de muitas fam\u00edlias no universo do interc\u00e2mbio de f\u00e9rias.<\/p>\n\n\n\n<h4 class=\"wp-block-heading\">Vancouver<\/h4>\n\n\n\n<p class=\"wp-block-paragraph\">Para quem busca uma experi\u00eancia com forte pegada acad\u00eamica, o programa em Vancouver oferece hospedagem na University of British Columbia, com curso de ingl\u00eas ou a op\u00e7\u00e3o do programa Future of Work, voltado para adolescentes que j\u00e1 querem come\u00e7ar a pensar em habilidades profissionais al\u00e9m do idioma. O roteiro inclui tamb\u00e9m a vizinha Victoria.<\/p>\n\n\n\n<h4 class=\"wp-block-heading\">Nova York<\/h4>\n\n\n\n<p class=\"wp-block-paragraph\">O programa em Nova York hospeda os adolescentes na Fordham University, com curso de ingl\u00eas e um tour por universidades da regi\u00e3o, ideal para quem j\u00e1 est\u00e1 de olho no futuro acad\u00eamico. H\u00e1 ainda a op\u00e7\u00e3o de estender a viagem por mais 4 dias em Boston, ampliando o contato com o ambiente universit\u00e1rio americano.<\/p>\n\n\n\n<h4 class=\"wp-block-heading\">Calif\u00f3rnia<\/h4>\n\n\n\n<p class=\"wp-block-paragraph\">Na Calif\u00f3rnia, o programa acontece na UCLA, com curso de ingl\u00eas e um roteiro que passa por Los Angeles, Beverly Hills, Santa Monica, Disney e Universal Studios, al\u00e9m de 4 dias em Nova York. \u00c9 uma das op\u00e7\u00f5es mais completas em termos de passeios, equilibrando aula de ingl\u00eas com boa dose de lazer.<\/p>\n\n\n\n<h4 class=\"wp-block-heading\">Malta<\/h4>\n\n\n\n<p class=\"wp-block-paragraph\">Para fam\u00edlias com adolescentes um pouco mais novos, Malta aceita participantes a partir de 10 anos, a idade m\u00ednima mais flex\u00edvel entre os destinos do F\u00e9rias Teen. O programa acontece no Salini Resort, com curso de ingl\u00eas e a possibilidade de estender a viagem por 4 dias em Paris.<\/p>\n\n\n\n<figure class=\"wp-block-image size-large\"><a href=\"https:\/\/www.bil.com.br\/blog\/wp-content\/uploads\/2026\/09\/beautiful-shot-gozo-island-malta-winter-scaled.jpg\"><img fetchpriority=\"high\" decoding=\"async\" width=\"1024\" height=\"667\" src=\"https:\/\/www.bil.com.br\/blog\/wp-content\/uploads\/2026\/09\/beautiful-shot-gozo-island-malta-winter-1024x667.jpg\" alt=\"interc\u00e2mbio f\u00e9rias julho 2027\" class=\"wp-image-135914\" srcset=\"https:\/\/www.bil.com.br\/blog\/wp-content\/uploads\/2026\/09\/beautiful-shot-gozo-island-malta-winter-1024x667.jpg 1024w, https:\/\/www.bil.com.br\/blog\/wp-content\/uploads\/2026\/09\/beautiful-shot-gozo-island-malta-winter-300x195.jpg 300w, https:\/\/www.bil.com.br\/blog\/wp-content\/uploads\/2026\/09\/beautiful-shot-gozo-island-malta-winter-768x500.jpg 768w, https:\/\/www.bil.com.br\/blog\/wp-content\/uploads\/2026\/09\/beautiful-shot-gozo-island-malta-winter-1536x1000.jpg 1536w, https:\/\/www.bil.com.br\/blog\/wp-content\/uploads\/2026\/09\/beautiful-shot-gozo-island-malta-winter-scaled.jpg 2048w\" sizes=\"(max-width: 1024px) 100vw, 1024px\" \/><\/a><figcaption class=\"wp-element-caption\">A beautiful shot of Gozo Island in Malta in winter<\/figcaption><\/figure>\n\n\n\n<h3 class=\"wp-block-heading\">O que est\u00e1 incluso nos programas de julho 2027<\/h3>\n\n\n\n<p class=\"wp-block-paragraph\">Independentemente do destino escolhido, todos os programas de f\u00e9rias teen da BIL seguem o mesmo padr\u00e3o de estrutura e seguran\u00e7a:<\/p>\n\n\n\n<ul class=\"wp-block-list\">\n<li>Curso de ingl\u00eas incluso, com foco em pr\u00e1tica de conversa\u00e7\u00e3o<\/li>\n\n\n\n<li>Hospedagem em universidade ou resort, conforme o destino<\/li>\n\n\n\n<li>Refei\u00e7\u00f5es inclusas (variando conforme o programa e a extens\u00e3o escolhida)<\/li>\n\n\n\n<li>Guias pr\u00f3prios da BIL, em sua maioria professores de ingl\u00eas e funcion\u00e1rios que j\u00e1 moraram no exterior<\/li>\n\n\n\n<li>Grupos de WhatsApp com atualiza\u00e7\u00f5es constantes para os pais durante toda a viagem<\/li>\n\n\n\n<li>Encontro presencial antes do embarque, para o adolescente j\u00e1 conhecer guias e colegas<\/li>\n\n\n\n<li>Seguro sa\u00fade internacional em todas as viagens, com cobertura de at\u00e9 2 milh\u00f5es e sem franquia por uso<\/li>\n<\/ul>\n\n\n\n<h3 class=\"wp-block-heading\">Como escolher o destino certo para o seu filho<\/h3>\n\n\n\n<p class=\"wp-block-paragraph\">Com cinco op\u00e7\u00f5es dispon\u00edveis para julho de 2027, a escolha costuma passar por tr\u00eas perguntas simples: o que o adolescente mais quer aproveitar (cultura e turismo, ambiente acad\u00eamico ou uma mistura dos dois), qual a idade dele , j\u00e1 que Malta aceita a partir de 10 anos enquanto os demais destinos come\u00e7am em 12, e se a fam\u00edlia tem interesse em estender a viagem para um segundo destino, como Paris, Boston ou Nova York, dependendo do programa escolhido.<\/p>\n\n\n\n<p class=\"wp-block-paragraph\">Para quem est\u00e1 em d\u00favida entre dois destinos, vale considerar tamb\u00e9m o perfil da hospedagem: Londres oferece quarto individual, enquanto Nova York e Calif\u00f3rnia t\u00eam quartos duplos ou triplos, mais indicados para quem quer estimular a conviv\u00eancia em grupo.<\/p>\n\n\n\n<h3 class=\"wp-block-heading\">Prazos e inscri\u00e7\u00e3o para julho de 2027<\/h3>\n\n\n\n<p class=\"wp-block-paragraph\">Como<a href=\"https:\/\/planalto.gov.br\" target=\"_blank\" rel=\"noopener\"> julho<\/a> \u00e9 o per\u00edodo de maior procura do ano, a orienta\u00e7\u00e3o da BIL \u00e9 que as fam\u00edlias garantam a vaga com a maior anteced\u00eancia poss\u00edvel, especialmente para destinos como Londres e Nova York, que costumam esgotar primeiro. Reservar com anteced\u00eancia tamb\u00e9m d\u00e1 mais tempo para organizar toda a documenta\u00e7\u00e3o necess\u00e1ria, como passaporte, visto (quando exigido) e autoriza\u00e7\u00e3o de viagem de menores.<\/p>\n\n\n\n<h3 class=\"wp-block-heading\">Perguntas frequentes sobre o interc\u00e2mbio nas f\u00e9rias de julho de 2027<\/h3>\n\n\n<div id=\"rank-math-faq\" class=\"rank-math-block\">\n<div class=\"rank-math-list \">\n<div id=\"faq-question-1788287169179\" class=\"rank-math-list-item\">\n<h3 class=\"rank-math-question \"><strong>Quais destinos est\u00e3o dispon\u00edveis para o interc\u00e2mbio de julho de 2027?<\/strong><\/h3>\n<div class=\"rank-math-answer \">\n\n<p>Est\u00e3o dispon\u00edveis os programas de Londres, Vancouver, Nova York, Calif\u00f3rnia e Malta, cada um com hospedagem, roteiro e curso de ingl\u00eas pr\u00f3prios.<\/p>\n\n<\/div>\n<\/div>\n<div id=\"faq-question-1788287187429\" class=\"rank-math-list-item\">\n<h3 class=\"rank-math-question \"><strong>Qual a idade m\u00ednima para participar?<\/strong><\/h3>\n<div class=\"rank-math-answer \">\n\n<p>A maioria dos programas aceita adolescentes a partir de 12 anos. Malta \u00e9 o destino com idade m\u00ednima mais flex\u00edvel, aceitando a partir de 10 anos.<\/p>\n\n<\/div>\n<\/div>\n<div id=\"faq-question-1788287203039\" class=\"rank-math-list-item\">\n<h3 class=\"rank-math-question \"><strong>Por que julho \u00e9 o per\u00edodo mais procurado?<\/strong><\/h3>\n<div class=\"rank-math-answer \">\n\n<p>Porque coincide com o recesso escolar da maioria das escolas brasileiras, facilitando o planejamento sem prejudicar o calend\u00e1rio letivo do adolescente.<\/p>\n\n<\/div>\n<\/div>\n<div id=\"faq-question-1788287215512\" class=\"rank-math-list-item\">\n<h3 class=\"rank-math-question \"><strong>Os programas incluem seguro sa\u00fade?<\/strong><\/h3>\n<div class=\"rank-math-answer \">\n\n<p>Sim. Todos os programas de f\u00e9rias teen da BIL incluem seguro sa\u00fade internacional, com cobertura de at\u00e9 2 milh\u00f5es e sem franquia por uso.<\/p>\n\n<\/div>\n<\/div>\n<div id=\"faq-question-1788287236854\" class=\"rank-math-list-item\">\n<h3 class=\"rank-math-question \"><strong>At\u00e9 quando posso me inscrever para o interc\u00e2mbio de julho de 2027?<\/strong><\/h3>\n<div class=\"rank-math-answer \">\n\n<p>As vagas s\u00e3o limitadas e os destinos mais procurados costumam esgotar meses antes do embarque, por isso o recomendado \u00e9 garantir a inscri\u00e7\u00e3o com a maior anteced\u00eancia poss\u00edvel.<\/p>\n\n<\/div>\n<\/div>\n<\/div>\n<\/div>\n\n\n<h3 class=\"wp-block-heading\">Garanta a vaga do seu filho no interc\u00e2mbio de julho 2027<\/h3>\n\n\n\n<p class=\"wp-block-paragraph\">As inscri\u00e7\u00f5es para o interc\u00e2mbio f\u00e9rias julho 2027 j\u00e1 est\u00e3o abertas, e os destinos mais procurados tendem a esgotar r\u00e1pido. Fale agora com a equipe da BIL Interc\u00e2mbios, tire suas d\u00favidas sobre cada destino e garanta a vaga do seu filho antes que as turmas fechem.<\/p>\n","protected":false},"excerpt":{"rendered":"<p><span class=\"span-reading-time rt-reading-time\" style=\"display: block;\"><span class=\"rt-label rt-prefix\">Tempo de Leitura: <\/span> <span class=\"rt-time\"> 4<\/span> <span class=\"rt-label rt-postfix\">minutos<\/span><\/span>As inscri\u00e7\u00f5es para o interc\u00e2mbio f\u00e9rias julho 2027 j\u00e1 est\u00e3o abertas, e julho segue sendo a janela mais procurada por fam\u00edlias que querem aproveitar o recesso escolar do meio do ano para colocar o filho em um programa de imers\u00e3o no exterior. N\u00e3o \u00e9 por acaso: julho concentra f\u00e9rias em praticamente todas as escolas do [&hellip;]<\/p>\n","protected":false},"author":14,"featured_media":135922,"comment_status":"open","ping_status":"open","sticky":false,"template":"","format":"standard","meta":{"om_disable_all_campaigns":false,"_monsterinsights_skip_tracking":false,"_monsterinsights_sitenote_active":false,"_monsterinsights_sitenote_note":"","_monsterinsights_sitenote_category":0,"_uf_show_specific_survey":0,"_uf_disable_surveys":false,"footnotes":""},"categories":[5],"tags":[98,1038,18,77],"class_list":["post-135912","post","type-post","status-publish","format-standard","has-post-thumbnail","hentry","category-ferias-teen","tag-bil-intercambios","tag-ferias-julho-2027","tag-intercambio","tag-planejamento"],"_links":{"self":[{"href":"https:\/\/www.bil.com.br\/blog\/wp-json\/wp\/v2\/posts\/135912","targetHints":{"allow":["GET"]}}],"collection":[{"href":"https:\/\/www.bil.com.br\/blog\/wp-json\/wp\/v2\/posts"}],"about":[{"href":"https:\/\/www.bil.com.br\/blog\/wp-json\/wp\/v2\/types\/post"}],"author":[{"embeddable":true,"href":"https:\/\/www.bil.com.br\/blog\/wp-json\/wp\/v2\/users\/14"}],"replies":[{"embeddable":true,"href":"https:\/\/www.bil.com.br\/blog\/wp-json\/wp\/v2\/comments?post=135912"}],"version-history":[{"count":2,"href":"https:\/\/www.bil.com.br\/blog\/wp-json\/wp\/v2\/posts\/135912\/revisions"}],"predecessor-version":[{"id":135916,"href":"https:\/\/www.bil.com.br\/blog\/wp-json\/wp\/v2\/posts\/135912\/revisions\/135916"}],"wp:featuredmedia":[{"embeddable":true,"href":"https:\/\/www.bil.com.br\/blog\/wp-json\/wp\/v2\/media\/135922"}],"wp:attachment":[{"href":"https:\/\/www.bil.com.br\/blog\/wp-json\/wp\/v2\/media?parent=135912"}],"wp:term":[{"taxonomy":"category","embeddable":true,"href":"https:\/\/www.bil.com.br\/blog\/wp-json\/wp\/v2\/categories?post=135912"},{"taxonomy":"post_tag","embeddable":true,"href":"https:\/\/www.bil.com.br\/blog\/wp-json\/wp\/v2\/tags?post=135912"}],"curies":[{"name":"wp","href":"https:\/\/api.w.org\/{rel}","templated":true}]}}