{"id":135931,"date":"2026-09-04T18:39:17","date_gmt":"2026-09-04T18:39:17","guid":{"rendered":"https:\/\/www.bil.com.br\/blog\/?p=135931"},"modified":"2026-09-04T18:39:20","modified_gmt":"2026-09-04T18:39:20","slug":"quanto-custa-ferias-teen","status":"publish","type":"post","link":"https:\/\/www.bil.com.br\/blog\/quanto-custa-ferias-teen\/","title":{"rendered":"Quanto custa f\u00e9rias teen na BIL: pre\u00e7o, documenta\u00e7\u00e3o e idade m\u00ednima"},"content":{"rendered":"<span class=\"span-reading-time rt-reading-time\" style=\"display: block;\"><span class=\"rt-label rt-prefix\">Tempo de Leitura: <\/span> <span class=\"rt-time\"> 6<\/span> <span class=\"rt-label rt-postfix\">minutos<\/span><\/span>\n<p class=\"wp-block-paragraph\">&#8220;Quanto custa f\u00e9rias teen?&#8221; \u00c9 praticamente a primeira pergunta que aparece assim que a fam\u00edlia decide levar a s\u00e9rio a ideia de mandar o filho ou a filha para uma temporada de estudos no exterior. E a resposta honesta \u00e9: depende. N\u00e3o existe uma tabela \u00fanica, porque o programa muda de acordo com o destino, a \u00e9poca do ano, a dura\u00e7\u00e3o da viagem e o que est\u00e1 inclu\u00eddo em cada pacote.<\/p>\n\n\n\n<p class=\"wp-block-paragraph\">Isso n\u00e3o significa que o assunto seja confuso, s\u00f3 que ele tem camadas. Neste artigo, vamos destrinchar como esse valor \u00e9 formado, o que costuma vir incluso, o que fica de fora, quais documentos s\u00e3o pedidos para o adolescente embarcar e qual a faixa de idade aceita nos programas.<\/p>\n\n\n\n<h2 class=\"wp-block-heading\">Quanto custa f\u00e9rias teen: entenda por que o valor varia tanto<\/h2>\n\n\n\n<p class=\"wp-block-paragraph\">Duas fam\u00edlias pesquisando destinos parecidos podem chegar a or\u00e7amentos bem diferentes, e isso costuma gerar d\u00favida: &#8220;por que um programa custa mais que o outro se os dois s\u00e3o de duas semanas?&#8221;. A resposta geralmente est\u00e1 em detalhes que passam despercebidos numa primeira olhada.<\/p>\n\n\n\n<p class=\"wp-block-paragraph\">O destino pesa bastante. Nova York, Los Angeles e Londres, por exemplo, t\u00eam um custo de vida diferente de cidades menores, o que se reflete na escola parceira, na hospedagem e at\u00e9 na log\u00edstica dos passeios. A dura\u00e7\u00e3o do programa tamb\u00e9m entra na conta: mais semanas significam mais dias de aula, mais refei\u00e7\u00f5es e mais noites de acomoda\u00e7\u00e3o.<\/p>\n\n\n\n<p class=\"wp-block-paragraph\">A \u00e9poca do ano \u00e9 outro ponto que muita gente esquece de considerar. Julho, por concentrar as f\u00e9rias escolares tanto no Brasil quanto em boa parte do hemisf\u00e9rio norte, costuma ser o m\u00eas de maior procura, e isso afeta tarifas de passagem a\u00e9rea e disponibilidade de vagas. Programas com uma programa\u00e7\u00e3o mais robusta, como aqueles que incluem visitas a parques tem\u00e1ticos ou passagem por campus universit\u00e1rios, naturalmente custam mais do que roteiros mais enxutos.<\/p>\n\n\n\n<p class=\"wp-block-paragraph\">E tem um fator que muita fam\u00edlia s\u00f3 descobre depois: quem se inscreve com anteced\u00eancia costuma ter acesso a condi\u00e7\u00f5es de pagamento mais tranquilas e a mais op\u00e7\u00f5es de data. Deixar para pesquisar em cima da hora limita as escolhas, e nem sempre para melhor.<\/p>\n\n\n\n<p class=\"wp-block-paragraph\">Por isso, na hora de comparar propostas, o pre\u00e7o isolado conta pouco. O que realmente importa \u00e9 entender o que est\u00e1 dentro de cada pacote.<\/p>\n\n\n\n<h2 class=\"wp-block-heading\">O que j\u00e1 vem incluso no valor do F\u00e9rias Teen<\/h2>\n\n\n\n<p class=\"wp-block-paragraph\">Um dos motivos pelos quais o F\u00e9rias Teen sai mais caro do que, digamos, um curso de idiomas contratado avulso \u00e9 simples: ele entrega muito mais coisa pronta. A ideia por tr\u00e1s do programa \u00e9 justamente tirar da fam\u00edlia a tarefa de organizar cada etapa separadamente.<\/p>\n\n\n\n<p class=\"wp-block-paragraph\">O pacote normalmente re\u00fane:<\/p>\n\n\n\n<ul class=\"wp-block-list\">\n<li>curso de idiomas na escola parceira do destino escolhido;<\/li>\n\n\n\n<li>acomoda\u00e7\u00e3o, seja em resid\u00eancia estudantil ou casa de fam\u00edlia, dependendo do programa;<\/li>\n\n\n\n<li>alimenta\u00e7\u00e3o durante todo o per\u00edodo da viagem;<\/li>\n\n\n\n<li>seguro sa\u00fade internacional;<\/li>\n\n\n\n<li>passeios e ingressos das atra\u00e7\u00f5es previstas no roteiro;<\/li>\n\n\n\n<li>Kit Embarque;<\/li>\n\n\n\n<li>acompanhamento de um guia BIL do in\u00edcio ao fim da experi\u00eancia.<\/li>\n<\/ul>\n\n\n\n<p class=\"wp-block-paragraph\">Esse \u00faltimo item merece uma explica\u00e7\u00e3o, porque ele impacta diretamente o pre\u00e7o. O guia n\u00e3o fica esperando no hotel enquanto o grupo passeia: ele participa da rotina junto com os adolescentes, o que significa que tamb\u00e9m precisa de acesso \u00e0s mesmas atra\u00e7\u00f5es e deslocamentos. Esse custo entra na composi\u00e7\u00e3o do programa e \u00e9 uma das raz\u00f5es pelas quais o F\u00e9rias Teen tem um valor mais alto do que uma matr\u00edcula isolada de curso de idiomas, mas tamb\u00e9m \u00e9 o que garante mais seguran\u00e7a e presen\u00e7a adulta durante toda a viagem.<\/p>\n\n\n\n<h2 class=\"wp-block-heading\">O que costuma ficar fora do pacote<\/h2>\n\n\n\n<p class=\"wp-block-paragraph\">Mesmo com uma estrutura bem completa, nem tudo est\u00e1 inclu\u00eddo no valor anunciado. Vale colocar na ponta do l\u00e1pis:<\/p>\n\n\n\n<ul class=\"wp-block-list\">\n<li>a passagem a\u00e9rea at\u00e9 o ponto de encontro do grupo (em alguns programas ela j\u00e1 pode estar inclusa, ent\u00e3o o ideal \u00e9 confirmar essa condi\u00e7\u00e3o caso a caso);<\/li>\n\n\n\n<li>documenta\u00e7\u00e3o, como emiss\u00e3o de passaporte e, quando exigido pelo destino, o visto;<\/li>\n\n\n\n<li>gastos pessoais do adolescente durante a estadia;<\/li>\n\n\n\n<li>passeios opcionais que n\u00e3o fazem parte do roteiro oficial;<\/li>\n\n\n\n<li>varia\u00e7\u00e3o do c\u00e2mbio, que muda diariamente e pode afetar o valor final convertido em reais.<\/li>\n<\/ul>\n\n\n\n<p class=\"wp-block-paragraph\">Antes de fechar a inscri\u00e7\u00e3o, pe\u00e7a ao consultor a lista completa do que entra e do que n\u00e3o entra no pacote. \u00c9 um cuidado simples que evita surpresa de \u00faltima hora, justamente na fase em que a fam\u00edlia j\u00e1 est\u00e1 com a cabe\u00e7a cheia de outras provid\u00eancias.<\/p>\n\n\n\n<figure class=\"wp-block-image size-large\"><a href=\"https:\/\/www.bil.com.br\/blog\/wp-content\/uploads\/2026\/09\/smiling-tourist-with-map-scaled.jpg\"><img fetchpriority=\"high\" decoding=\"async\" width=\"1024\" height=\"683\" src=\"https:\/\/www.bil.com.br\/blog\/wp-content\/uploads\/2026\/09\/smiling-tourist-with-map-1024x683.jpg\" alt=\"quanto custa f\u00e9rias teen\" class=\"wp-image-135932\" srcset=\"https:\/\/www.bil.com.br\/blog\/wp-content\/uploads\/2026\/09\/smiling-tourist-with-map-1024x683.jpg 1024w, https:\/\/www.bil.com.br\/blog\/wp-content\/uploads\/2026\/09\/smiling-tourist-with-map-300x200.jpg 300w, https:\/\/www.bil.com.br\/blog\/wp-content\/uploads\/2026\/09\/smiling-tourist-with-map-768x512.jpg 768w, https:\/\/www.bil.com.br\/blog\/wp-content\/uploads\/2026\/09\/smiling-tourist-with-map-1536x1024.jpg 1536w, https:\/\/www.bil.com.br\/blog\/wp-content\/uploads\/2026\/09\/smiling-tourist-with-map-scaled.jpg 2048w\" sizes=\"(max-width: 1024px) 100vw, 1024px\" \/><\/a><\/figure>\n\n\n\n<h2 class=\"wp-block-heading\">Documenta\u00e7\u00e3o para interc\u00e2mbio de f\u00e9rias: o que costuma ser pedido<\/h2>\n\n\n\n<p class=\"wp-block-paragraph\">Al\u00e9m do valor, a documenta\u00e7\u00e3o para interc\u00e2mbio de f\u00e9rias \u00e9 outro tema que gera bastante d\u00favida, principalmente porque envolve prazos que a fam\u00edlia n\u00e3o controla totalmente.<\/p>\n\n\n\n<p class=\"wp-block-paragraph\">Os documentos mais comuns exigidos para o F\u00e9rias Teen s\u00e3o:<\/p>\n\n\n\n<ul class=\"wp-block-list\">\n<li><strong>Passaporte v\u00e1lido<\/strong>, com validade m\u00ednima de 6 meses a partir da data de entrada no pa\u00eds de destino, recomenda\u00e7\u00e3o seguida pela maioria das na\u00e7\u00f5es;<\/li>\n\n\n\n<li><strong>Visto<\/strong>, quando o destino exigir. \u00c9 o caso de alguns programas nos Estados Unidos, que envolvem agendamento e entrevista consular;<\/li>\n\n\n\n<li><strong>Autoriza\u00e7\u00e3o de viagem para menores<\/strong>, com firma reconhecida em cart\u00f3rio, j\u00e1 que o adolescente segue acompanhado de um guia, e n\u00e3o dos pais;<\/li>\n\n\n\n<li><strong>Documentos dos respons\u00e1veis legais<\/strong>, como identidade e certid\u00e3o de nascimento do menor, para comprovar o v\u00ednculo familiar;<\/li>\n\n\n\n<li><strong>Comprovante de inscri\u00e7\u00e3o no programa<\/strong>, emitido pela BIL ap\u00f3s a matr\u00edcula;<\/li>\n\n\n\n<li><strong>Cart\u00e3o do seguro sa\u00fade internacional<\/strong>, j\u00e1 incluso no pacote, com o contato de emerg\u00eancia anotado em local vis\u00edvel.<\/li>\n<\/ul>\n\n\n\n<p class=\"wp-block-paragraph\">A emiss\u00e3o de passaporte e a an\u00e1lise de visto podem levar semanas, \u00e0s vezes meses, dependendo da \u00e9poca do ano e do posto de atendimento. Por isso o conselho pr\u00e1tico aqui \u00e9 simples: assim que a vaga for confirmada, comece a organizar esses documentos, com pelo menos 3 a 4 meses de anteced\u00eancia do embarque. Situa\u00e7\u00f5es espec\u00edficas, como guarda compartilhada, costumam exigir um documento a mais, nesse caso, o melhor caminho \u00e9 conversar direto com a equipe da BIL para confirmar o que se aplica ao seu caso.<\/p>\n\n\n\n<h2 class=\"wp-block-heading\">Idade m\u00ednima e m\u00e1xima para participar do F\u00e9rias Teen<\/h2>\n\n\n\n<p class=\"wp-block-paragraph\">A idade \u00e9 outro crit\u00e9rio que organiza bastante o programa, tanto na forma\u00e7\u00e3o das turmas quanto na adapta\u00e7\u00e3o da programa\u00e7\u00e3o a cada fase da adolesc\u00eancia.<\/p>\n\n\n\n<p class=\"wp-block-paragraph\">De maneira geral, o F\u00e9rias Teen atende adolescentes a partir dos 12 ou 13 anos at\u00e9 os 17 anos, mas essa faixa pode variar conforme o destino, o formato do grupo (Grupos BIL ou Guias Estrangeiros) e as regras da escola parceira no exterior. Quem est\u00e1 na fronteira da idade, perto de completar 12 ou j\u00e1 com 17 anos avan\u00e7ados, deve confirmar com um consultor da BIL se a idade se encaixa no programa e no destino desejado antes de avan\u00e7ar com a inscri\u00e7\u00e3o.<\/p>\n\n\n\n<p class=\"wp-block-paragraph\">Um ponto que tranquiliza bastante os pais: independentemente da idade dentro da faixa aceita, o grupo inteiro viaja acompanhado por um guia da BIL, o que mant\u00e9m o n\u00edvel de suporte e seguran\u00e7a equilibrado entre os adolescentes mais novos e os mais velhos do programa.<\/p>\n\n\n\n<h2 class=\"wp-block-heading\">Formas de pagamento: como funciona na pr\u00e1tica<\/h2>\n\n\n\n<p class=\"wp-block-paragraph\">Como acontece em outros programas de interc\u00e2mbio, o F\u00e9rias Teen costuma admitir parcelamento, o que ajuda a fam\u00edlia a distribuir o investimento ao longo do tempo em vez de concentrar tudo em um \u00fanico momento. As condi\u00e7\u00f5es variam conforme o destino, a dura\u00e7\u00e3o escolhida e a \u00e9poca da viagem, mas o princ\u00edpio \u00e9 sempre o mesmo: quem se inscreve com anteced\u00eancia tem mais tempo para organizar o or\u00e7amento e costuma encontrar condi\u00e7\u00f5es mais flex\u00edveis, al\u00e9m de mais datas dispon\u00edveis.<\/p>\n\n\n\n<h2 class=\"wp-block-heading\">Vale o investimento?<\/h2>\n\n\n\n<p class=\"wp-block-paragraph\">A pergunta &#8220;quanto custa f\u00e9rias teen&#8221; raramente deveria ser respondida isolada, sem olhar para o que esse valor representa. O programa junta curso de idiomas, hospedagem, alimenta\u00e7\u00e3o, seguro, passeios e acompanhamento profissional numa \u00fanica contrata\u00e7\u00e3o, o que tira da fam\u00edlia boa parte do trabalho de montar cada etapa separadamente e, principalmente, entrega mais seguran\u00e7a para o adolescente durante toda a viagem.<\/p>\n\n\n\n<p class=\"wp-block-paragraph\">Antes de decidir s\u00f3 pelo n\u00famero final, vale sentar com um consultor especializado, entender o que cada proposta inclui de fato e comparar isso com o or\u00e7amento e as expectativas da fam\u00edlia. \u00c9 essa conversa, mais do que a compara\u00e7\u00e3o de pre\u00e7os soltos, que costuma trazer clareza para a decis\u00e3o.<\/p>\n\n\n\n<h2 class=\"wp-block-heading\">Perguntas frequentes sobre o F\u00e9rias Teen<\/h2>\n\n\n<div id=\"rank-math-faq\" class=\"rank-math-block\">\n<div class=\"rank-math-list \">\n<div id=\"faq-question-1788545604381\" class=\"rank-math-list-item\">\n<h3 class=\"rank-math-question \">Afinal, quanto custa f\u00e9rias teen?<\/h3>\n<div class=\"rank-math-answer \">\n\n<p>O valor muda de acordo com o destino, a dura\u00e7\u00e3o, a \u00e9poca da viagem e o que est\u00e1 inclu\u00eddo no pacote. N\u00e3o existe um pre\u00e7o fechado para todos os casos, o caminho mais seguro \u00e9 pedir uma cota\u00e7\u00e3o personalizada a um consultor da BIL para o destino e o per\u00edodo que interessam \u00e0 fam\u00edlia.<\/p>\n\n<\/div>\n<\/div>\n<div id=\"faq-question-1788545631475\" class=\"rank-math-list-item\">\n<h3 class=\"rank-math-question \">Qual \u00e9 a idade m\u00ednima e m\u00e1xima para o F\u00e9rias Teen?<\/h3>\n<div class=\"rank-math-answer \">\n\n<p>Em geral, o programa aceita adolescentes entre 12\/13 e 17 anos, mas a faixa exata pode mudar conforme o destino e o tipo de grupo escolhido. Vale confirmar diretamente com a equipe da BIL antes de fazer a inscri\u00e7\u00e3o.<\/p>\n\n<\/div>\n<\/div>\n<div id=\"faq-question-1788545661302\" class=\"rank-math-list-item\">\n<h3 class=\"rank-math-question \">Quais documentos s\u00e3o necess\u00e1rios para o F\u00e9rias Teen?<\/h3>\n<div class=\"rank-math-answer \">\n\n<p>Passaporte v\u00e1lido, visto quando o destino exigir, autoriza\u00e7\u00e3o de viagem para menores com firma reconhecida em cart\u00f3rio, documentos dos respons\u00e1veis legais e comprovante de inscri\u00e7\u00e3o no programa.<\/p>\n\n<\/div>\n<\/div>\n<div id=\"faq-question-1788545689626\" class=\"rank-math-list-item\">\n<h3 class=\"rank-math-question \">O seguro sa\u00fade j\u00e1 est\u00e1 inclu\u00eddo no valor do programa?<\/h3>\n<div class=\"rank-math-answer \">\n\n<p>Sim. O seguro sa\u00fade internacional j\u00e1 faz parte do pacote do F\u00e9rias Teen, ao lado do curso de idiomas, acomoda\u00e7\u00e3o, alimenta\u00e7\u00e3o, passeios e acompanhamento de guia durante toda a viagem.<\/p>\n\n<\/div>\n<\/div>\n<div id=\"faq-question-1788545725374\" class=\"rank-math-list-item\">\n<h3 class=\"rank-math-question \">\u00c9 poss\u00edvel parcelar o F\u00e9rias Teen?<\/h3>\n<div class=\"rank-math-answer \">\n\n<p>Sim, a BIL trabalha com op\u00e7\u00f5es de parcelamento que variam conforme destino e dura\u00e7\u00e3o do programa. Quanto antes a inscri\u00e7\u00e3o \u00e9 feita, mais flex\u00edvel tende a ser a condi\u00e7\u00e3o de pagamento.<\/p>\n\n<\/div>\n<\/div>\n<\/div>\n<\/div>\n\n\n<hr class=\"wp-block-separator has-alpha-channel-opacity\"\/>\n\n\n\n<p class=\"wp-block-paragraph\"><strong>Quer saber quanto custa f\u00e9rias teen para o destino que seu filho sonha em conhecer?<\/strong><\/p>\n\n\n\n<p class=\"wp-block-paragraph\">Fale com um consultor da BIL Interc\u00e2mbios e receba uma cota\u00e7\u00e3o personalizada, com valores, documenta\u00e7\u00e3o necess\u00e1ria e as melhores datas dispon\u00edveis para 2027.<\/p>\n\n\n\n<p class=\"wp-block-paragraph\"><strong>FALAR COM UM CONSULTOR &gt;&gt;<\/strong> <a href=\"https:\/\/wa.me\/551135958200\" target=\"_blank\" rel=\"noopener\">Clique aqui<\/a><\/p>\n\n\n\n<hr class=\"wp-block-separator has-alpha-channel-opacity\"\/>\n\n\n\n<p class=\"wp-block-paragraph\"><em>Pre\u00e7os e condi\u00e7\u00f5es sujeitos a altera\u00e7\u00e3o sem aviso pr\u00e9vio. Consulte sempre a idade m\u00ednima, a documenta\u00e7\u00e3o exigida e o valor atualizado diretamente com um consultor da BIL antes de confirmar a inscri\u00e7\u00e3o.<\/em><\/p>\n\n\n\n<p class=\"wp-block-paragraph\"><\/p>\n","protected":false},"excerpt":{"rendered":"<p><span class=\"span-reading-time rt-reading-time\" style=\"display: block;\"><span class=\"rt-label rt-prefix\">Tempo de Leitura: <\/span> <span class=\"rt-time\"> 6<\/span> <span class=\"rt-label rt-postfix\">minutos<\/span><\/span>&#8220;Quanto custa f\u00e9rias teen?&#8221; \u00c9 praticamente a primeira pergunta que aparece assim que a fam\u00edlia decide levar a s\u00e9rio a ideia de mandar o filho ou a filha para uma temporada de estudos no exterior. E a resposta honesta \u00e9: depende. N\u00e3o existe uma tabela \u00fanica, porque o programa muda de acordo com o destino, [&hellip;]<\/p>\n","protected":false},"author":14,"featured_media":135933,"comment_status":"open","ping_status":"open","sticky":false,"template":"","format":"standard","meta":{"om_disable_all_campaigns":false,"_monsterinsights_skip_tracking":false,"_monsterinsights_sitenote_active":false,"_monsterinsights_sitenote_note":"","_monsterinsights_sitenote_category":0,"_uf_show_specific_survey":0,"_uf_disable_surveys":false,"footnotes":""},"categories":[790],"tags":[98,76,244,30,670,303,18,77],"class_list":["post-135931","post","type-post","status-publish","format-standard","has-post-thumbnail","hentry","category-documentos-vistos","tag-bil-intercambios","tag-cursos-no-exterior","tag-documentacao","tag-estudar-no-exterior","tag-ferias","tag-ferias-teen","tag-intercambio","tag-planejamento"],"_links":{"self":[{"href":"https:\/\/www.bil.com.br\/blog\/wp-json\/wp\/v2\/posts\/135931","targetHints":{"allow":["GET"]}}],"collection":[{"href":"https:\/\/www.bil.com.br\/blog\/wp-json\/wp\/v2\/posts"}],"about":[{"href":"https:\/\/www.bil.com.br\/blog\/wp-json\/wp\/v2\/types\/post"}],"author":[{"embeddable":true,"href":"https:\/\/www.bil.com.br\/blog\/wp-json\/wp\/v2\/users\/14"}],"replies":[{"embeddable":true,"href":"https:\/\/www.bil.com.br\/blog\/wp-json\/wp\/v2\/comments?post=135931"}],"version-history":[{"count":1,"href":"https:\/\/www.bil.com.br\/blog\/wp-json\/wp\/v2\/posts\/135931\/revisions"}],"predecessor-version":[{"id":135934,"href":"https:\/\/www.bil.com.br\/blog\/wp-json\/wp\/v2\/posts\/135931\/revisions\/135934"}],"wp:featuredmedia":[{"embeddable":true,"href":"https:\/\/www.bil.com.br\/blog\/wp-json\/wp\/v2\/media\/135933"}],"wp:attachment":[{"href":"https:\/\/www.bil.com.br\/blog\/wp-json\/wp\/v2\/media?parent=135931"}],"wp:term":[{"taxonomy":"category","embeddable":true,"href":"https:\/\/www.bil.com.br\/blog\/wp-json\/wp\/v2\/categories?post=135931"},{"taxonomy":"post_tag","embeddable":true,"href":"https:\/\/www.bil.com.br\/blog\/wp-json\/wp\/v2\/tags?post=135931"}],"curies":[{"name":"wp","href":"https:\/\/api.w.org\/{rel}","templated":true}]}}